{"id":42719,"date":"2025-05-19T11:31:34","date_gmt":"2025-05-19T08:31:34","guid":{"rendered":"https:\/\/mersinkadingazetesi.com\/?p=42719"},"modified":"2025-05-19T11:31:34","modified_gmt":"2025-05-19T08:31:34","slug":"genclik-sehri-mersinde-genclik-bayrami-coskusu-simge-konseri-ile-tavan-yapti","status":"publish","type":"post","link":"https:\/\/mersinkadingazetesi.com\/?p=42719","title":{"rendered":"GEN\u00c7L\u0130K \u015eEHR\u0130 MERS\u0130N&#8217;DE GEN\u00c7L\u0130K BAYRAMI CO\u015eKUSU S\u0130MGE KONSER\u0130 \u0130LE TAVAN YAPTI"},"content":{"rendered":"\n<p>Mersin B\u00fcy\u00fck\u015fehir Belediyesi taraf\u0131ndan&nbsp;<strong>&#8217;19 May\u0131s Atat\u00fcrk&#8217;\u00fc Anma, Gen\u00e7lik ve Spor Bayram\u0131&#8217;&nbsp;<\/strong>kapsam\u0131nda d\u00fczenlenen Simge konseri ile Gen\u00e7lik Bayram\u0131 co\u015fkusu tavan yapt\u0131. Pop m\u00fczi\u011fin sevilen isimlerinden Simge Sa\u011f\u0131n, gen\u00e7lik \u015fehri Mersin&#8217;de gen\u00e7lere dolu dolu bir bayram co\u015fkusu ya\u015fatt\u0131. Mersin B\u00fcy\u00fck\u015fehir Belediye Ba\u015fkan\u0131 Vahap Se\u00e7er de gen\u00e7lerin 19 May\u0131s co\u015fkusuna ortak oldu. Gen\u00e7li\u011fin enerjisi meydan\u0131 sard\u0131, konser co\u015fkusu zirvede ya\u015fand\u0131. Ba\u015fkan Se\u00e7er de konser \u00f6ncesinde&nbsp;<strong><em>&#8216;Parla&#8217;<\/em><\/strong>&nbsp; \u015fark\u0131s\u0131 e\u015fli\u011finde elinde T\u00fcrk Bayra\u011f\u0131 ile dinleyiciler ile birlikte Bayram co\u015fkusuna ortak oldu.<\/p>\n\n\n\n<p><strong>Gen\u00e7ler bayram co\u015fkusunu doyas\u0131ya ya\u015fad\u0131<\/strong><\/p>\n\n\n\n<p>\u00d6zgecan Aslan Bar\u0131\u015f Meydan\u0131&#8217;nda sahne alan popun sevilen ismi Simge, birbirinden g\u00fczel \u015fark\u0131lar\u0131n\u0131 Mersinliler i\u00e7in s\u00f6yledi. Gen\u00e7lik Bayram\u0131 ruhu Mersin&#8217;de doruklarda ya\u015fan\u0131rken; gen\u00e7lerle dolan \u00d6zgecan Aslan Bar\u0131\u015f Meydan\u0131 da al y\u0131ld\u0131zl\u0131 T\u00fcrk Bayraklar\u0131 ile adeta k\u0131rm\u0131z\u0131ya boyand\u0131. Ulu \u00d6nder Gazi Mustafa Kemal Atat\u00fcrk&#8217;\u00fcn 19 May\u0131s 1919&#8217;da Samsun&#8217;da yakt\u0131\u011f\u0131 \u00f6zg\u00fcrl\u00fck me\u015falesinin \u0131\u015f\u0131\u011f\u0131nda t\u00fcm Mersinliler 19 May\u0131s co\u015fkusunu doyas\u0131ya ya\u015fad\u0131. Simge sahne almadan \u00f6nce, Mersin B\u00fcy\u00fck\u015fehir Belediyesi Kent Orkestras\u0131 da s\u00f6yledikleri birbirinden g\u00fczel \u015fark\u0131larla dinleyicileri co\u015fturdu. Simge;&nbsp;<strong><em>&#8216;Ben Bazen&#8217;<\/em><\/strong>,&nbsp;<strong><em>&#8216;\u00d6p\u00fccem&#8217;<\/em><\/strong>,&nbsp;<strong><em>&#8216;Mi\u015f Mi\u015f&#8217;<\/em><\/strong>,&nbsp;<strong><em>&#8216;A\u015fk\u0131n Olay\u0131m&#8217;<\/em><\/strong>&nbsp;gibi birbirinden g\u00fczel \u015fark\u0131lar\u0131 Mersinliler i\u00e7in s\u00f6yledi. Vokalisti Eda \u00d6nder de Mersin&#8217;e \u00f6zel olarak&nbsp;<strong><em>&#8216;Senden Daha G\u00fczel&#8217;&nbsp;<\/em><\/strong>\u015fark\u0131s\u0131n\u0131 s\u00f6yledi.<\/p>\n\n\n\n<p><strong>Ba\u015fkan Se\u00e7er: &#8220;Atat\u00fcrk&#8217;\u00fcm\u00fcz\u00fcn emaneti Cumhuriyet&#8217;e sahip \u00e7\u0131kaca\u011f\u0131z&#8221;<\/strong><\/p>\n\n\n\n<p>19 May\u0131s Atat\u00fcrk&#8217;\u00fc Anma, Gen\u00e7lik ve Spor Bayram\u0131 kapsam\u0131nda ger\u00e7ekle\u015ftirilen Simge konseri \u00f6ncesi gen\u00e7lerle bir araya gelen Ba\u015fkan Se\u00e7er, Cumhuriyet&#8217;in gen\u00e7lere emanet oldu\u011funu s\u00f6yleyerek,&nbsp;<strong>&#8220;Atat\u00fcrk&#8217;\u00fcm\u00fcz\u00fcn emanetine hep beraber sahip \u00e7\u0131kaca\u011f\u0131z. Bizi \u00e7al\u0131\u015fmak kurtar\u0131r. Daha \u00e7ok \u00e7al\u0131\u015faca\u011f\u0131z. Atat\u00fcrk&#8217;\u00fcn dedi\u011fi gibi;&nbsp;<em>&#8216;Hayatta En Hakiki M\u00fcr\u015fit \u0130limdir&#8217;<\/em>. \u0130limin pe\u015finden y\u00fcr\u00fcyece\u011fiz. Yoksa d\u00fcnyayla rekabet edemeyiz&#8221;<\/strong>&nbsp;dedi. Gen\u00e7lerin i\u015fsizlik ba\u015fta olmak \u00fczere bir\u00e7ok sorunu oldu\u011funu bildiklerinin alt\u0131n\u0131 \u00e7izen Se\u00e7er,&nbsp;<strong>&#8220;Gelece\u011fe g\u00fcvenle bakamad\u0131\u011f\u0131n\u0131z\u0131 da e\u011fitimde f\u0131rsat e\u015fitli\u011finin olmad\u0131\u011f\u0131n\u0131 da gen\u00e7lerimizin gelece\u011fini yurt d\u0131\u015f\u0131nda arama iste\u011fi i\u00e7erisinde oldu\u011funu da g\u00f6r\u00fcyor ve biliyoruz. Ama endi\u015fe etmeyin, moralinizi hi\u00e7 bozmay\u0131n. Siz T\u00fcrk gen\u00e7li\u011fisiniz, b\u00fct\u00fcn zorluklar\u0131 a\u015fars\u0131n\u0131z. Atat\u00fcrk&#8217;\u00fcn dedi\u011fi gibi;&nbsp;<em>&#8216;Ey T\u00fcrk Gen\u00e7li\u011fi; Cumhuriyet&#8217;i \u0130lelebet Koruyacaks\u0131n\u0131z&#8217;<\/em>. Sizler bu \u00fclkeye laz\u0131ms\u0131n\u0131z. Sizler, bizim evlatlar\u0131m\u0131z; \u00e7al\u0131\u015fkan ve zeki \u00e7ocuklars\u0131n\u0131z, gen\u00e7lerimizsiniz&#8221;<\/strong>&nbsp;diye belirtti. Se\u00e7er, k\u00f6kleri neresi olursa olsun Mersin&#8217;de ya\u015fayan gen\u00e7lerin Mersinli olma kimli\u011fi geli\u015ftirmesi gerekti\u011fini de ifade etti.<\/p>\n\n\n\n<p><strong>&#8220;19 May\u0131s, tam ba\u011f\u0131ms\u0131z, demokratik T\u00fcrkiye Cumhuriyeti m\u00fccadelesinin ba\u015flad\u0131\u011f\u0131 g\u00fcnd\u00fcr&#8221;<\/strong><\/p>\n\n\n\n<p><strong>&#8220;Mersin&#8217;i daha g\u00fczel bir kent yapaca\u011f\u0131z&#8221;<\/strong>&nbsp;diyerek konu\u015fmas\u0131n\u0131 s\u00fcrd\u00fcren Se\u00e7er,&nbsp;<strong>&#8220;Ba\u015fkan&#8217;\u0131n\u0131z gen\u00e7leri ve \u00f6\u011frencileri seviyor, onlar\u0131n mutlu olmas\u0131 i\u00e7in gecesini g\u00fcnd\u00fcz\u00fcne kat\u0131yor. Mersin, daha da g\u00fczel ve ya\u015fan\u0131labilir bir kent olacak&#8221;<\/strong>&nbsp;dedi. 19 May\u0131s 1919&#8217;un sadece bir tarih de\u011fil, bir ulusun do\u011fu\u015fu oldu\u011funu ifade eden Se\u00e7er<strong>, &#8220;19 May\u0131s; T\u00fcrkiye Cumhuriyeti m\u00fccadelesinin ba\u015flang\u0131c\u0131. Y\u00fcr\u00fcnecek o uzun yolun, d\u00f6\u015fenecek o kilometre ta\u015flar\u0131n\u0131n ilk d\u00f6\u015fendi\u011fi nokta. Mustafa Kemal Atat\u00fcrk, Samsun&#8217;a \u00e7\u0131kt\u0131 ve bir ulusu, bir milleti aya\u011fa kald\u0131rd\u0131, m\u00fccadeleyi ba\u015flatt\u0131. 19 May\u0131s 1919; tam ba\u011f\u0131ms\u0131z, demokratik T\u00fcrkiye Cumhuriyeti m\u00fccadelesinin ba\u015flad\u0131\u011f\u0131 g\u00fcnd\u00fcr&#8221;<\/strong>&nbsp;dedi.<\/p>\n\n\n\n<p><strong>&#8220;Gen\u00e7ler; siz T\u00fcrkiye&#8217;nin vicdan\u0131s\u0131n\u0131z&#8221;<\/strong><\/p>\n\n\n\n<p>Se\u00e7er, gen\u00e7lerin 19 May\u0131s Atat\u00fcrk&#8217;\u00fc Anma, Gen\u00e7lik ve Spor Bayram\u0131&#8217;n\u0131 kutlayarak,&nbsp;<strong>&#8220;Gen\u00e7ler; siz T\u00fcrkiye&#8217;nin vicdans\u0131n\u0131z. Siz haks\u0131zl\u0131\u011fa; b\u00fct\u00fcn engellemelere ra\u011fmen adaletsizli\u011fe kar\u015f\u0131 \u00e7\u0131k\u0131yorsunuz, \u00fclkenizi seviyorsunuz, tam ba\u011f\u0131ms\u0131z bir \u00fclkede ya\u015famak istiyorsunuz. Kimse \u00f6zg\u00fcrl\u00fc\u011f\u00fcn\u00fcz\u00fc k\u0131s\u0131tlas\u0131n istemiyorsunuz. O nedenle sizlere, sizin m\u00fccadele a\u015fk\u0131n\u0131za ve kararl\u0131l\u0131\u011f\u0131n\u0131za g\u00fcveniyoruz. O nedenle siz \u00fclkemizin vicdan\u0131s\u0131n\u0131z&#8221;&nbsp;<\/strong>dedi ve gen\u00e7lerle gurur duyduklar\u0131n\u0131n alt\u0131n\u0131 \u00e7izdi.<\/p>\n\n\n\n<p><strong>&#8220;En b\u00fcy\u00fck g\u00fcc\u00fcm\u00fcz birli\u011fimiz ve beraberli\u011fimiz&#8221;<\/strong><\/p>\n\n\n\n<p>Se\u00e7er, \u015fampiyon olan Galatasaray&#8217;\u0131 ve Galatasaray taraftarlar\u0131n\u0131 da kutlayarak,&nbsp;<strong>&#8220;Galatasaray&#8217;a Avrupa&#8217;da ba\u015far\u0131lar diliyoruz. Bug\u00fcn Cimbomlular \u00e7ifte bayram ya\u015f\u0131yorlar. Uluslararas\u0131 arenada t\u00fcm T\u00fcrk tak\u0131mlar\u0131, Milli Tak\u0131m\u0131m\u0131z ba\u015far\u0131l\u0131 olsun&#8221;&nbsp;<\/strong>dedi. Kentin t\u00fcm tak\u0131mlar\u0131n\u0131 desteklediklerini s\u00f6yleyen Se\u00e7er, gen\u00e7lerin de bu tak\u0131mlara deste\u011fini isteyerek,&nbsp;<strong>&#8220;Biz, Mersin&#8217;de bir olursak g\u00fc\u00e7l\u00fc oluruz. En b\u00fcy\u00fck g\u00fcc\u00fcm\u00fcz birli\u011fimiz ve beraberli\u011fimiz. De\u011ferlerimize hep beraber sahip \u00e7\u0131kaca\u011f\u0131z. Mersin&#8217;i daha \u00e7ok sevece\u011fiz. Mersin i\u00e7in daha \u00e7ok \u00e7al\u0131\u015faca\u011f\u0131z. En k\u00f6t\u00fc g\u00fcn\u00fcm\u00fcz bayram havas\u0131nda olsun. 19 May\u0131s Atat\u00fcrk&#8217;\u00fc Anma, Gen\u00e7lik ve Spor Bayram\u0131n\u0131z kutlu olsun&#8221;<\/strong>&nbsp;diyerek konu\u015fmas\u0131n\u0131 sonland\u0131rd\u0131.<\/p>\n\n\n\n<p><strong>Konser, \u015fampiyonluk kutlamas\u0131 ile birle\u015fti<\/strong><\/p>\n\n\n\n<p>Simge konseri adeta, \u015fampiyonluk kutlamas\u0131na da ev sahipli\u011fi yapt\u0131. \u00c7ifte kutlaman\u0131n ya\u015fand\u0131\u011f\u0131 Simge konserinde, Trendyol S\u00fcper Lig&#8217;in 2024-2025 sezonunda \u015fampiyon olan Galatasaray taraftarlar\u0131 da meydan\u0131 doldurdu. Taraftarlar, \u015fampiyonluk kutlamas\u0131n\u0131 19 May\u0131s Atat\u00fcrk&#8217;\u00fc Anma, Gen\u00e7lik ve Spor Bayram\u0131 co\u015fkusu ile birlikte ya\u015fad\u0131.<\/p>\n\n\n\n<p><strong>Mersinliler, Simge konserinde 19 May\u0131s co\u015fkusunu doyas\u0131ya ya\u015fad\u0131<\/strong><\/p>\n\n\n\n<p>Konserde \u00e7ok g\u00fczel vakit ge\u00e7irdi\u011fini s\u00f6yleyen Serkan Ak\u0131n, d\u00fczenlenen konserler i\u00e7in Ba\u015fkan Se\u00e7er&#8217;e te\u015fekk\u00fcr ederek,&nbsp;<strong>&#8220;Simge konserine uzun zamand\u0131r gidememi\u015ftik. Geldi\u011fi i\u00e7in \u00e7ok mutluyuz. Mustafa Kemal Atat\u00fcrk&#8217;\u00fcn biz gen\u00e7lere arma\u011fan etti\u011fi Bayram&#8217;\u0131 herkes ad\u0131na kutluyorum&#8221;<\/strong>&nbsp;dedi.<\/p>\n\n\n\n<p>Konseri dinlemeye gelen Fatma Barut ise&nbsp;<strong>&#8220;Konser \u00e7ok e\u011flenceli ve enerjikti. Simge konserine ilk defa geliyorum. Ben de di\u011fer gen\u00e7ler gibi \u00e7ok heyecanland\u0131m. T\u00fcm gen\u00e7lerin Gen\u00e7lik Bayram\u0131 kutlu olsun. Gelecek onlar\u0131n elinde ve umudumuz onlarda. G\u00fczel yar\u0131nlara&#8221;<\/strong>&nbsp;diyerek g\u00fczel temennilerde bulundu. Konserle ilgili d\u00fc\u015f\u00fcncelerini payla\u015fan Sema Ero\u011flu da konserin harika ge\u00e7ti\u011fini s\u00f6yleyerek,&nbsp;<strong>&#8220;Simge&#8217;yi \u00e7ok seviyorum. Galatasaray&#8217;\u0131n \u015fampiyonlu\u011fu da Simge&#8217;nin gelmesi de \u00e7ok g\u00fczel oldu. Her zamanki gibi Galatasaray \u015fampiyon oldu. May\u0131slar bizim&#8221;<\/strong>&nbsp;diye konu\u015ftu. Gen\u00e7lerden \u00d6mer Kayhan da konserin \u00e7ok g\u00fczel oldu\u011funu ve \u00e7ok e\u011flendi\u011fini aktar\u0131rken;&nbsp;<strong>&#8220;Hem 19 May\u0131s&#8217;tan dolay\u0131 hem de bir Galatasarayl\u0131 olarak tak\u0131m\u0131m\u0131z\u0131n \u015fampiyon olmas\u0131ndan ve burada olmaktan dolay\u0131 \u00e7ok mutluyuz&#8221;<\/strong>&nbsp;diyerek Ba\u015fkan Se\u00e7er&#8217;e gen\u00e7leri d\u00fc\u015f\u00fcnmesinden dolay\u0131 te\u015fekk\u00fcr etti.<\/p>\n","protected":false},"excerpt":{"rendered":"<p>Mersin B\u00fcy\u00fck\u015fehir Belediyesi taraf\u0131ndan&nbsp;&#8217;19 May\u0131s Atat\u00fcrk&#8217;\u00fc Anma, Gen\u00e7lik ve Spor Bayram\u0131&#8217;&nbsp;kapsam\u0131nda d\u00fczenlenen Simge konseri ile Gen\u00e7lik Bayram\u0131 co\u015fkusu tavan yapt\u0131. Pop m\u00fczi\u011fin sevilen isimlerinden Simge Sa\u011f\u0131n, gen\u00e7lik \u015fehri Mersin&#8217;de gen\u00e7lere dolu dolu bir bayram co\u015fkusu ya\u015fatt\u0131. Mersin B\u00fcy\u00fck\u015fehir Belediye Ba\u015fkan\u0131 Vahap Se\u00e7er de gen\u00e7lerin 19 May\u0131s co\u015fkusuna ortak oldu. Gen\u00e7li\u011fin enerjisi meydan\u0131 sard\u0131, konser co\u015fkusu [&hellip;]<\/p>\n","protected":false},"author":2,"featured_media":42720,"comment_status":"closed","ping_status":"closed","sticky":false,"template":"","format":"standard","meta":{"footnotes":""},"categories":[3,5],"tags":[],"class_list":["post-42719","post","type-post","status-publish","format-standard","has-post-thumbnail","hentry","category-manset","category-mersin"],"views":6,"_links":{"self":[{"href":"https:\/\/mersinkadingazetesi.com\/index.php?rest_route=\/wp\/v2\/posts\/42719"}],"collection":[{"href":"https:\/\/mersinkadingazetesi.com\/index.php?rest_route=\/wp\/v2\/posts"}],"about":[{"href":"https:\/\/mersinkadingazetesi.com\/index.php?rest_route=\/wp\/v2\/types\/post"}],"author":[{"embeddable":true,"href":"https:\/\/mersinkadingazetesi.com\/index.php?rest_route=\/wp\/v2\/users\/2"}],"replies":[{"embeddable":true,"href":"https:\/\/mersinkadingazetesi.com\/index.php?rest_route=%2Fwp%2Fv2%2Fcomments&post=42719"}],"version-history":[{"count":1,"href":"https:\/\/mersinkadingazetesi.com\/index.php?rest_route=\/wp\/v2\/posts\/42719\/revisions"}],"predecessor-version":[{"id":42721,"href":"https:\/\/mersinkadingazetesi.com\/index.php?rest_route=\/wp\/v2\/posts\/42719\/revisions\/42721"}],"wp:featuredmedia":[{"embeddable":true,"href":"https:\/\/mersinkadingazetesi.com\/index.php?rest_route=\/wp\/v2\/media\/42720"}],"wp:attachment":[{"href":"https:\/\/mersinkadingazetesi.com\/index.php?rest_route=%2Fwp%2Fv2%2Fmedia&parent=42719"}],"wp:term":[{"taxonomy":"category","embeddable":true,"href":"https:\/\/mersinkadingazetesi.com\/index.php?rest_route=%2Fwp%2Fv2%2Fcategories&post=42719"},{"taxonomy":"post_tag","embeddable":true,"href":"https:\/\/mersinkadingazetesi.com\/index.php?rest_route=%2Fwp%2Fv2%2Ftags&post=42719"}],"curies":[{"name":"wp","href":"https:\/\/api.w.org\/{rel}","templated":true}]}}