{"id":42728,"date":"2025-05-19T12:04:08","date_gmt":"2025-05-19T09:04:08","guid":{"rendered":"https:\/\/mersinkadingazetesi.com\/?p=42728"},"modified":"2025-05-19T12:04:09","modified_gmt":"2025-05-19T09:04:09","slug":"mersinde-19-mayis-kutlamalari-renkli-goruntulere-sahne-oldu-2","status":"publish","type":"post","link":"https:\/\/mersinkadingazetesi.com\/?p=42728","title":{"rendered":"MERS\u0130N&#8217;DE 19 MAYIS KUTLAMALARI RENKL\u0130 G\u00d6R\u00dcNT\u00dcLERE SAHNE OLDU"},"content":{"rendered":"\n<p>Mersin B\u00fcy\u00fck\u015fehir Belediye Ba\u015fkan\u0131 Vahap Se\u00e7er ve Meral Se\u00e7er,&nbsp;<strong>&#8217;19 May\u0131s Atat\u00fcrk&#8217;\u00fc Anma, Gen\u00e7lik ve Spor Bayram\u0131&#8217;<\/strong>n\u0131n 106. y\u0131l d\u00f6n\u00fcm\u00fc dolay\u0131s\u0131yla Mersin Valili\u011fi taraf\u0131ndan Cumhuriyet Meydan\u0131&#8217;nda d\u00fczenlenen kutlama program\u0131na kat\u0131ld\u0131.<\/p>\n\n\n\n<p>Programa; Mersin Valisi Atilla Toros ve e\u015fi Dudu \u0130rem Toros, Akdeniz B\u00f6lge ve Garnizon Komutan\u0131 Tu\u011famiral Ali Tuna Baysal, Mersin B\u00fcy\u00fck\u015fehir Belediye Ba\u015fkan\u0131 Vahap Se\u00e7er ve Meral Se\u00e7er,&nbsp;milletvekilleri, kent protokol\u00fc, kamu kurum ve kurulu\u015flar\u0131 ile siyasi partilerin&nbsp;&nbsp;temsilcileri,&nbsp;\u00f6\u011frenciler ve \u00e7ok say\u0131da vatanda\u015f&nbsp;kat\u0131ld\u0131.<\/p>\n\n\n\n<p><strong>19 May\u0131s, kentte co\u015fkuyla kutland\u0131<\/strong><\/p>\n\n\n\n<p>Program; Mersin Gen\u00e7lik ve Spor \u0130l M\u00fcd\u00fcr\u00fc G\u00f6ksun \u00d6z&#8217;\u00fcn \u00e7elenk sunmas\u0131n\u0131n ard\u0131ndan sayg\u0131 duru\u015fu ve \u0130stiklal Mar\u015f\u0131&#8217;n\u0131n okunmas\u0131yla ba\u015flad\u0131. Gen\u00e7li\u011fe arma\u011fan edilen bu anlaml\u0131 g\u00fcn\u00fcn ruhuna yak\u0131\u015f\u0131r bir \u015fekilde co\u015fkuyla ger\u00e7ekle\u015ftirilen t\u00f6rende, Mersin Gen\u00e7lik ve Spor \u0130l M\u00fcd\u00fcr\u00fc G\u00f6ksun \u00d6z g\u00fcn\u00fcn anlam ve \u00f6nemine dair bir konu\u015fma yapt\u0131. Ard\u0131ndan, Gen\u00e7lik Merkezi \u00dcyesi&nbsp;Recep Arda Y\u0131lmaz&nbsp;taraf\u0131ndan bir \u015fiir seslendirildi.<\/p>\n\n\n\n<p>Program boyunca Cumhuriyet Meydan\u0131&#8217;nda T\u00fcrk Bayraklar\u0131 dalgaland\u0131, mar\u015flar hep bir a\u011f\u0131zdan s\u00f6ylendi. 7&#8217;den 70&#8217;e her ya\u015ftan Mersinli&#8217;nin kat\u0131l\u0131m g\u00f6sterdi\u011fi etkinlikte, Mersin B\u00fcy\u00fck\u015fehir Belediyesi Halk Oyunlar\u0131 Ekibi, Anadolu&#8217;nun d\u00f6rt bir yan\u0131ndan derlenen geleneksel oyunlar\u0131n\u0131 sergiledi. G\u00f6steride; renkli kost\u00fcmler, ritmik ezgiler ve uyumlu fig\u00fcrlerle izleyenlere g\u00f6rsel bir \u015f\u00f6len sunuldu. G\u00f6sterilerin ard\u0131ndan, gen\u00e7 sporcular taraf\u0131ndan haz\u0131rlanan ritmik jimnastik, taekwondo, karate ve&nbsp;bir\u00e7ok sportif&nbsp;bran\u015flarda sergilenen performanslar b\u00fcy\u00fck be\u011feni toplad\u0131.<\/p>\n\n\n\n<p>Kutlama program\u0131n\u0131n ard\u0131ndan Ba\u015fkan Se\u00e7er ve Meral Se\u00e7er, alanda kurulan stantlar\u0131 gezdi ve gen\u00e7 sporcular\u0131n etkinliklerine e\u015flik etti.<br><\/p>\n","protected":false},"excerpt":{"rendered":"<p>Mersin B\u00fcy\u00fck\u015fehir Belediye Ba\u015fkan\u0131 Vahap Se\u00e7er ve Meral Se\u00e7er,&nbsp;&#8217;19 May\u0131s Atat\u00fcrk&#8217;\u00fc Anma, Gen\u00e7lik ve Spor Bayram\u0131&#8217;n\u0131n 106. y\u0131l d\u00f6n\u00fcm\u00fc dolay\u0131s\u0131yla Mersin Valili\u011fi taraf\u0131ndan Cumhuriyet Meydan\u0131&#8217;nda d\u00fczenlenen kutlama program\u0131na kat\u0131ld\u0131. Programa; Mersin Valisi Atilla Toros ve e\u015fi Dudu \u0130rem Toros, Akdeniz B\u00f6lge ve Garnizon Komutan\u0131 Tu\u011famiral Ali Tuna Baysal, Mersin B\u00fcy\u00fck\u015fehir Belediye Ba\u015fkan\u0131 Vahap Se\u00e7er ve [&hellip;]<\/p>\n","protected":false},"author":2,"featured_media":42729,"comment_status":"closed","ping_status":"closed","sticky":false,"template":"","format":"standard","meta":{"footnotes":""},"categories":[3],"tags":[],"class_list":["post-42728","post","type-post","status-publish","format-standard","has-post-thumbnail","hentry","category-manset"],"views":2,"_links":{"self":[{"href":"https:\/\/mersinkadingazetesi.com\/index.php?rest_route=\/wp\/v2\/posts\/42728"}],"collection":[{"href":"https:\/\/mersinkadingazetesi.com\/index.php?rest_route=\/wp\/v2\/posts"}],"about":[{"href":"https:\/\/mersinkadingazetesi.com\/index.php?rest_route=\/wp\/v2\/types\/post"}],"author":[{"embeddable":true,"href":"https:\/\/mersinkadingazetesi.com\/index.php?rest_route=\/wp\/v2\/users\/2"}],"replies":[{"embeddable":true,"href":"https:\/\/mersinkadingazetesi.com\/index.php?rest_route=%2Fwp%2Fv2%2Fcomments&post=42728"}],"version-history":[{"count":1,"href":"https:\/\/mersinkadingazetesi.com\/index.php?rest_route=\/wp\/v2\/posts\/42728\/revisions"}],"predecessor-version":[{"id":42730,"href":"https:\/\/mersinkadingazetesi.com\/index.php?rest_route=\/wp\/v2\/posts\/42728\/revisions\/42730"}],"wp:featuredmedia":[{"embeddable":true,"href":"https:\/\/mersinkadingazetesi.com\/index.php?rest_route=\/wp\/v2\/media\/42729"}],"wp:attachment":[{"href":"https:\/\/mersinkadingazetesi.com\/index.php?rest_route=%2Fwp%2Fv2%2Fmedia&parent=42728"}],"wp:term":[{"taxonomy":"category","embeddable":true,"href":"https:\/\/mersinkadingazetesi.com\/index.php?rest_route=%2Fwp%2Fv2%2Fcategories&post=42728"},{"taxonomy":"post_tag","embeddable":true,"href":"https:\/\/mersinkadingazetesi.com\/index.php?rest_route=%2Fwp%2Fv2%2Ftags&post=42728"}],"curies":[{"name":"wp","href":"https:\/\/api.w.org\/{rel}","templated":true}]}}