{"id":42731,"date":"2025-05-19T12:35:03","date_gmt":"2025-05-19T09:35:03","guid":{"rendered":"https:\/\/mersinkadingazetesi.com\/?p=42731"},"modified":"2025-05-19T12:35:04","modified_gmt":"2025-05-19T09:35:04","slug":"tarihi-kilikya-projesinde-ziyaretciler-antik-caga-uzanan-tarihi-yolculuk-yaptilar","status":"publish","type":"post","link":"https:\/\/mersinkadingazetesi.com\/?p=42731","title":{"rendered":"&#8216;TAR\u0130H\u0130 K\u0130L\u0130KYA PROJES\u0130&#8217;NDE Z\u0130YARET\u00c7\u0130LER ANT\u0130K \u00c7A\u011e&#8217;A UZANAN TAR\u0130H\u0130 YOLCULUK YAPTILAR"},"content":{"rendered":"\n<p>Mersin B\u00fcy\u00fck\u015fehir Belediyesi&#8217;nin Mersin Valili\u011fi ve Mersin Zirve Da\u011fc\u0131l\u0131k \u0130htisas Spor Kul\u00fcb\u00fc&#8217;n\u00fcn destekleriyle hayata ge\u00e7irdi\u011fi&nbsp;<strong><em>&#8216;Tarihi Kilikya Yolu Projesi&#8217;<\/em><\/strong>&nbsp;kapsam\u0131nda kente gelen ziyaret\u00e7iler Kilikya Parkur Y\u00fcr\u00fcy\u00fc\u015f\u00fc ile b\u00f6lgenin e\u015fsiz do\u011fas\u0131 ve tarihi i\u00e7erisinde unutulmaz bir deneyim ya\u015fad\u0131. Tisan&#8217;dan Tarsus&#8217;a kadar uzanan 550 kilometrelik yol; 4 ana etap ve 38 farkl\u0131 parkurdan olu\u015fuyor. Mersin&#8217;in arkeolojik ve do\u011fal miras\u0131n\u0131 i\u00e7eren proje kapsam\u0131nda kat\u0131l\u0131mc\u0131lar, 2 g\u00fcn boyunca kenti do\u011fudan bat\u0131ya ar\u015f\u0131nlayarak Antik \u00c7a\u011f&#8217;dan g\u00fcn\u00fcm\u00fcze uzanan keyifli bir yolculuk yapt\u0131lar.<\/p>\n\n\n\n<p>T\u00fcrkiye&#8217;nin d\u00f6rt bir yan\u0131ndan gelen do\u011fa tutkunlar\u0131 ilk g\u00fcn Tarsus&#8217;a ba\u011fl\u0131 Sa\u011fl\u0131kl\u0131 Berdan parkurunu y\u00fcr\u00fcyen kat\u0131l\u0131mc\u0131lar, ikinci g\u00fcn ise \u00c7aml\u0131ca parkurunu tamamlad\u0131lar. Kat\u0131l\u0131mc\u0131lar, g\u00fczergahlar\u0131 boyunca kar\u015f\u0131la\u015ft\u0131klar\u0131 do\u011fal g\u00fczellikler kar\u015f\u0131s\u0131nda b\u00fcy\u00fclenirken, Akdeniz&#8217;in sundu\u011fu e\u015fsiz manzara e\u015fli\u011finde binlerce y\u0131ll\u0131k tarihi ve k\u00fclt\u00fcrel zenginlikleri de yak\u0131ndan tan\u0131ma f\u0131rsat\u0131 buldu.&nbsp;<\/p>\n\n\n\n<p><strong>Demir: &#8220;Emeklerimizin kar\u015f\u0131l\u0131\u011f\u0131n\u0131 almaktan dolay\u0131 \u00e7ok mutluyuz&#8221;<\/strong><\/p>\n\n\n\n<p>Mersin Zirve Da\u011fc\u0131l\u0131k \u0130htisas Spor Kul\u00fcb\u00fc Ba\u015fkan\u0131 Ali R\u0131za Demir, 5 y\u0131l boyunca proje kapsam\u0131nda \u00e7ok emek verdiklerini ve emeklerin kar\u015f\u0131l\u0131\u011f\u0131n\u0131 almaktan dolay\u0131 don derece mutlu oldu\u011funu s\u00f6yleyerek&nbsp;<strong>&#8220;Hep i\u00e7imizde uhdeydi. 2019&#8217;da projemizi Ba\u015fkan Vahap Se\u00e7er&#8217;e g\u00f6t\u00fcrd\u00fc\u011f\u00fcm\u00fczde kabul etmesiyle projeye ba\u015flad\u0131k. 5 y\u0131lda da projemizi tamamlad\u0131k. Proje Tarsus Kleopatra&#8217;dan ba\u015fl\u0131yor ve Sa\u011fl\u0131kl\u0131&#8217;da bitiyor&#8221;&nbsp;<\/strong>diye konu\u015ftu.<\/p>\n\n\n\n<p><strong>Kat\u0131l\u0131mc\u0131lar, Mersin&#8217;in do\u011fal ve tarihi g\u00fczelliklerini yak\u0131ndan g\u00f6rd\u00fc<\/strong><\/p>\n\n\n\n<p>Mersin Zirve Da\u011fc\u0131l\u0131k \u0130htisas Spor Kul\u00fcb\u00fc \u00fcyelerinden Emel Beden, hayata ge\u00e7irilen proje ile gurur duydu\u011funu belirterek,&nbsp;<strong>&#8220;Tarihi bir yolda ad\u0131mlarken onu hissederek, arkada\u015flar\u0131mla ge\u00e7mi\u015f zamana uzanan bu yolculukta huzurlu, mutlu ve bu yolu y\u00fcr\u00fcmenin keyfini ya\u015famak \u00e7ok g\u00fczeldi&#8221;<\/strong>&nbsp;s\u00f6zlerine yer verdi.<\/p>\n\n\n\n<p><strong>Baysal: &#8220;Biz, parkurda 2 bin y\u0131l \u00f6ncesini ya\u015fad\u0131k&#8221;<\/strong><\/p>\n\n\n\n<p>Adana Zirve Da\u011fc\u0131l\u0131k ve Do\u011fa Sporlar\u0131 Kul\u00fcb\u00fc Ba\u015fkan\u0131 Sibel Baysal, tarihin i\u00e7inden ko\u015ftuklar\u0131n\u0131 s\u00f6yleyerek,&nbsp;<strong>&#8220;B\u00f6ylesine g\u00fczel bir parkurun a\u00e7\u0131lmas\u0131n\u0131 sa\u011flayan Mersin Zirve Da\u011fc\u0131l\u0131k ekibi ve Vahap Se\u00e7er Ba\u015fkan\u0131m\u0131za sonsuz te\u015fekk\u00fcrlerimi sunuyoruz. Tarihimizi yery\u00fcz\u00fcne \u00e7\u0131kararak gen\u00e7lere ve t\u00fcm insanlara tan\u0131t\u0131yor. Biz bug\u00fcn 2 bin y\u0131l \u00f6ncesini ya\u015fad\u0131k. \u00c7ok g\u00fczeldi&#8221;&nbsp;<\/strong>dedi.<\/p>\n\n\n\n<p>Zirve Da\u011fc\u0131l\u0131k \u0130htisas Spor Kul\u00fcb\u00fc Ba\u015fkan\u0131 Orhan Kozan,&nbsp;<strong>&#8220;Kilikya Yolu olduk\u00e7a ba\u015far\u0131l\u0131 bir proje olarak hayata ge\u00e7irilmi\u015f. Lansmansda 5 y\u0131ll\u0131k eme\u011fi g\u00f6rd\u00fcm. Mersin B\u00fcy\u00fck\u015fehir Belediyemizin b\u00fcy\u00fck bir deste\u011fi ve Mersin Zirve Da\u011fc\u0131l\u0131k \u015eubesi&#8217;nin de b\u00fcy\u00fck vizyonel yap\u0131s\u0131yla ortaya \u00e7\u0131kart\u0131lm\u0131\u015f. Tabii s\u00fcrd\u00fcr\u00fclebilirli\u011fini sa\u011flamak \u00e7ok \u00f6nemli. \u0130n\u015fallah yurtd\u0131\u015f\u0131na da a\u00e7\u0131lacak \u015fekilde \u00e7al\u0131\u015fmalar s\u00fcrer&#8221;<\/strong>&nbsp;diye konu\u015ftu.<\/p>\n\n\n\n<p>Gaziantep Zirve Da\u011fc\u0131l\u0131k ve Do\u011fa Sporlar\u0131 Spor Kul\u00fcb\u00fc&#8217;nden Ali \u00c7ekematma, \u00f6zellikle Tarihi Kilikya Yolu&#8217;nu tan\u0131mak amac\u0131yla geldiklerini s\u00f6yleyerek,&nbsp;<strong>&#8220;Likya yolunu her sene y\u00fcr\u00fcyoruz. Buras\u0131n\u0131n da oraya alternatif y\u00fcr\u00fcy\u00fc\u015f yolu oldu\u011funu d\u00fc\u015f\u00fcn\u00fcyorum. Bundan sonra da ilkbahar ve sonbahar aylar\u0131nda kul\u00fcp arkada\u015flar\u0131m\u0131zla buraya gelip buradaki do\u011fal g\u00fczellikleri Gaziantep&#8217;teki do\u011faseverlere tan\u0131tmay\u0131 planl\u0131yoruz&#8221;<\/strong>&nbsp;ifadelerini kulland\u0131.<\/p>\n","protected":false},"excerpt":{"rendered":"<p>Mersin B\u00fcy\u00fck\u015fehir Belediyesi&#8217;nin Mersin Valili\u011fi ve Mersin Zirve Da\u011fc\u0131l\u0131k \u0130htisas Spor Kul\u00fcb\u00fc&#8217;n\u00fcn destekleriyle hayata ge\u00e7irdi\u011fi&nbsp;&#8216;Tarihi Kilikya Yolu Projesi&#8217;&nbsp;kapsam\u0131nda kente gelen ziyaret\u00e7iler Kilikya Parkur Y\u00fcr\u00fcy\u00fc\u015f\u00fc ile b\u00f6lgenin e\u015fsiz do\u011fas\u0131 ve tarihi i\u00e7erisinde unutulmaz bir deneyim ya\u015fad\u0131. Tisan&#8217;dan Tarsus&#8217;a kadar uzanan 550 kilometrelik yol; 4 ana etap ve 38 farkl\u0131 parkurdan olu\u015fuyor. Mersin&#8217;in arkeolojik ve do\u011fal miras\u0131n\u0131 [&hellip;]<\/p>\n","protected":false},"author":2,"featured_media":42732,"comment_status":"closed","ping_status":"closed","sticky":false,"template":"","format":"standard","meta":{"footnotes":""},"categories":[3],"tags":[],"class_list":["post-42731","post","type-post","status-publish","format-standard","has-post-thumbnail","hentry","category-manset"],"views":3,"_links":{"self":[{"href":"https:\/\/mersinkadingazetesi.com\/index.php?rest_route=\/wp\/v2\/posts\/42731"}],"collection":[{"href":"https:\/\/mersinkadingazetesi.com\/index.php?rest_route=\/wp\/v2\/posts"}],"about":[{"href":"https:\/\/mersinkadingazetesi.com\/index.php?rest_route=\/wp\/v2\/types\/post"}],"author":[{"embeddable":true,"href":"https:\/\/mersinkadingazetesi.com\/index.php?rest_route=\/wp\/v2\/users\/2"}],"replies":[{"embeddable":true,"href":"https:\/\/mersinkadingazetesi.com\/index.php?rest_route=%2Fwp%2Fv2%2Fcomments&post=42731"}],"version-history":[{"count":1,"href":"https:\/\/mersinkadingazetesi.com\/index.php?rest_route=\/wp\/v2\/posts\/42731\/revisions"}],"predecessor-version":[{"id":42733,"href":"https:\/\/mersinkadingazetesi.com\/index.php?rest_route=\/wp\/v2\/posts\/42731\/revisions\/42733"}],"wp:featuredmedia":[{"embeddable":true,"href":"https:\/\/mersinkadingazetesi.com\/index.php?rest_route=\/wp\/v2\/media\/42732"}],"wp:attachment":[{"href":"https:\/\/mersinkadingazetesi.com\/index.php?rest_route=%2Fwp%2Fv2%2Fmedia&parent=42731"}],"wp:term":[{"taxonomy":"category","embeddable":true,"href":"https:\/\/mersinkadingazetesi.com\/index.php?rest_route=%2Fwp%2Fv2%2Fcategories&post=42731"},{"taxonomy":"post_tag","embeddable":true,"href":"https:\/\/mersinkadingazetesi.com\/index.php?rest_route=%2Fwp%2Fv2%2Ftags&post=42731"}],"curies":[{"name":"wp","href":"https:\/\/api.w.org\/{rel}","templated":true}]}}