{"id":42734,"date":"2025-05-19T13:36:04","date_gmt":"2025-05-19T10:36:04","guid":{"rendered":"https:\/\/mersinkadingazetesi.com\/?p=42734"},"modified":"2025-05-19T13:36:04","modified_gmt":"2025-05-19T10:36:04","slug":"deva-partili-ekmen-engelliler-hak-ettikleri-degeri-gormeli","status":"publish","type":"post","link":"https:\/\/mersinkadingazetesi.com\/?p=42734","title":{"rendered":"DEVA Partili Ekmen: Engelliler hak ettikleri de\u011feri g\u00f6rmeli\u00a0"},"content":{"rendered":"\n<p><strong>DEVA Partisi Genel Ba\u015fkan Yard\u0131mc\u0131s\u0131 ve Mersin Milletvekili Mehmet Emin Ekmen, engelli bireylerin kar\u015f\u0131la\u015ft\u0131\u011f\u0131 yap\u0131sal sorunlara dikkat \u00e7ekti. Ayr\u0131ca Ekmen, Yeni Yol grubunun engelli bireylerin ya\u015fam kalitesini art\u0131rmak amac\u0131yla T\u00fcrkiye B\u00fcy\u00fck Millet Meclisine verdi\u011fi ara\u015ft\u0131<\/strong><strong>rma&nbsp;<\/strong><strong>\u00f6<\/strong><strong>nergesinin kabul edildi\u011f<\/strong><strong>ine de<\/strong><strong>\u011findi.<\/strong><\/p>\n\n\n\n<p>DEVA Partisi Genel Ba\u015fkan Yard\u0131mc\u0131s\u0131 ve Mersin Milletvekili Mehmet Emin Ekmen, engelli bireylerin kar\u015f\u0131la\u015ft\u0131\u011f\u0131 yap\u0131sal sorunlara dikkat \u00e7ekti.<\/p>\n\n\n\n<p><strong>Yeni Yol Grubu olarak engellilerin sorunlar\u0131 i\u00e7in Meclis<\/strong><strong>\u2019<\/strong><strong>te&nbsp;<\/strong><strong>\u00f6<\/strong><strong>nerge verdik<\/strong><\/p>\n\n\n\n<p>10-16 May\u0131s Engelli Haftas\u0131 olmas\u0131 \u00fczerine a\u00e7\u0131klamada bulunan Ekmen, &#8220;Engelli vatanda\u015flar\u0131m\u0131z\u0131n haklar\u0131, her g\u00fcn ve her alanda korunmal\u0131 ve desteklenmelidir. Bu do\u011frultuda, yasa teklifleri engelli bireyleri kapsayacak \u015fekilde olmal\u0131d\u0131r. Engellilerin sorunlar\u0131n\u0131n ara\u015ft\u0131r\u0131lmas\u0131 hakk\u0131nda Yeni Yol grubu olarak bir&nbsp;\u00f6nerge verdik ve&nbsp;\u00f6nergemiz AK Parti ile MHP&#8217;nin ret oyuna ra\u011fmen T\u00fcrkiye B\u00fcy\u00fck Millet Meclisinde kabul edildi. Biz, bu \u00fclkede ya\u015fayan her insan\u0131n hayat\u0131n\u0131 kolayla\u015ft\u0131rmak i\u00e7in \u00e7al\u0131\u015f\u0131yoruz, zorla\u015ft\u0131rmak i\u00e7in de\u011fil.&nbsp;\u0130stanbul Milletvekilimiz Say\u0131n Elif Esen konuya partiler \u00fcst\u00fc bak\u0131lmas\u0131 gerekti\u011fini defalarca kez vurgulad\u0131. Biz dezavantaj olarak alg\u0131lanan durumlar\u0131 ortadan kald\u0131rmak; f\u0131rsatlara eri\u015fimi art\u0131ran ve her bireyin onuruyla var olabildi\u011fi bir zemin olu\u015fturmak istiyoruz. Bu mesele, siyasi farkl\u0131l\u0131klar\u0131n&nbsp;\u00f6tesinde, ortak vicdan\u0131n ve temel haklar\u0131n bir gere\u011fidir&#8221; dedi.<\/p>\n\n\n\n<p><strong>Engelli vatanda\u015flar\u0131m\u0131z i\u00e7<\/strong><strong>in at<\/strong><strong>\u0131lacak her ad\u0131m, toplumun refah\u0131na katk\u0131d\u0131r<\/strong><\/p>\n\n\n\n<p>Engelli bireylerin istihdam, e\u011fitim, sa\u011fl\u0131k ve ula\u015f\u0131m gibi temel haklara eri\u015fimde ciddi engellerle kar\u015f\u0131la\u015ft\u0131\u011f\u0131n\u0131 ifade eden Ekmen, &#8220;Kamusal alanlarda eri\u015filebilirlik h\u00e2l\u00e2 b\u00fcy\u00fck bir sorun. Engelli bireyler, e\u011fitim ve istihdam olanaklar\u0131na e\u015fit \u015fekilde ula\u015fam\u0131yor. Sa\u011fl\u0131k hizmetlerine eri\u015fimde ya\u015fanan zorluklar, onlar\u0131n ya\u015fam kalitesini d\u00fc\u015f\u00fcr\u00fcyor. Bu durum, Anayasa ve uluslararas\u0131 s\u00f6zle\u015fmelerle g\u00fcvence alt\u0131na al\u0131nm\u0131\u015f haklar\u0131n ihlalidir. Engelli vatanda\u015flar\u0131m\u0131z\u0131n ya\u015famlar\u0131n\u0131 kolayla\u015ft\u0131rmak, sosyal devlet olman\u0131n gere\u011fidir. Bu konuda at\u0131lacak her ad\u0131m, toplumun tamam\u0131n\u0131n refah\u0131na katk\u0131 sa\u011flayacakt\u0131r&#8221; ifadelerini kulland\u0131.<\/p>\n","protected":false},"excerpt":{"rendered":"<p>DEVA Partisi Genel Ba\u015fkan Yard\u0131mc\u0131s\u0131 ve Mersin Milletvekili Mehmet Emin Ekmen, engelli bireylerin kar\u015f\u0131la\u015ft\u0131\u011f\u0131 yap\u0131sal sorunlara dikkat \u00e7ekti. Ayr\u0131ca Ekmen, Yeni Yol grubunun engelli bireylerin ya\u015fam kalitesini art\u0131rmak amac\u0131yla T\u00fcrkiye B\u00fcy\u00fck Millet Meclisine verdi\u011fi ara\u015ft\u0131rma&nbsp;\u00f6nergesinin kabul edildi\u011fine de\u011findi. DEVA Partisi Genel Ba\u015fkan Yard\u0131mc\u0131s\u0131 ve Mersin Milletvekili Mehmet Emin Ekmen, engelli bireylerin kar\u015f\u0131la\u015ft\u0131\u011f\u0131 yap\u0131sal sorunlara dikkat [&hellip;]<\/p>\n","protected":false},"author":2,"featured_media":42735,"comment_status":"closed","ping_status":"closed","sticky":false,"template":"","format":"standard","meta":{"footnotes":""},"categories":[3],"tags":[],"class_list":["post-42734","post","type-post","status-publish","format-standard","has-post-thumbnail","hentry","category-manset"],"views":3,"_links":{"self":[{"href":"https:\/\/mersinkadingazetesi.com\/index.php?rest_route=\/wp\/v2\/posts\/42734"}],"collection":[{"href":"https:\/\/mersinkadingazetesi.com\/index.php?rest_route=\/wp\/v2\/posts"}],"about":[{"href":"https:\/\/mersinkadingazetesi.com\/index.php?rest_route=\/wp\/v2\/types\/post"}],"author":[{"embeddable":true,"href":"https:\/\/mersinkadingazetesi.com\/index.php?rest_route=\/wp\/v2\/users\/2"}],"replies":[{"embeddable":true,"href":"https:\/\/mersinkadingazetesi.com\/index.php?rest_route=%2Fwp%2Fv2%2Fcomments&post=42734"}],"version-history":[{"count":1,"href":"https:\/\/mersinkadingazetesi.com\/index.php?rest_route=\/wp\/v2\/posts\/42734\/revisions"}],"predecessor-version":[{"id":42736,"href":"https:\/\/mersinkadingazetesi.com\/index.php?rest_route=\/wp\/v2\/posts\/42734\/revisions\/42736"}],"wp:featuredmedia":[{"embeddable":true,"href":"https:\/\/mersinkadingazetesi.com\/index.php?rest_route=\/wp\/v2\/media\/42735"}],"wp:attachment":[{"href":"https:\/\/mersinkadingazetesi.com\/index.php?rest_route=%2Fwp%2Fv2%2Fmedia&parent=42734"}],"wp:term":[{"taxonomy":"category","embeddable":true,"href":"https:\/\/mersinkadingazetesi.com\/index.php?rest_route=%2Fwp%2Fv2%2Fcategories&post=42734"},{"taxonomy":"post_tag","embeddable":true,"href":"https:\/\/mersinkadingazetesi.com\/index.php?rest_route=%2Fwp%2Fv2%2Ftags&post=42734"}],"curies":[{"name":"wp","href":"https:\/\/api.w.org\/{rel}","templated":true}]}}