{"id":42753,"date":"2025-05-20T09:56:44","date_gmt":"2025-05-20T06:56:44","guid":{"rendered":"https:\/\/mersinkadingazetesi.com\/?p=42753"},"modified":"2025-05-20T09:56:44","modified_gmt":"2025-05-20T06:56:44","slug":"mersin-buyuksehir-belediyesi-ile-havada-karada-ve-denizde-19-mayis-coskusu-yasandi","status":"publish","type":"post","link":"https:\/\/mersinkadingazetesi.com\/?p=42753","title":{"rendered":"MERS\u0130N B\u00dcY\u00dcK\u015eEH\u0130R BELED\u0130YES\u0130 \u0130LE HAVADA, KARADA VE DEN\u0130ZDE 19 MAYIS CO\u015eKUSU YA\u015eANDI"},"content":{"rendered":"\n<p>Mersin B\u00fcy\u00fck\u015fehir Belediyesi,&nbsp;<strong><em>&#8217;19 May\u0131s Atat\u00fcrk&#8217;\u00fc Anma, Gen\u00e7lik ve Spor Bayram\u0131&#8217;<\/em><\/strong>n\u0131 kentin d\u00f6rt bir yan\u0131nda d\u00fczenledi\u011fi etkinliklerle co\u015fkuyla kutlad\u0131. B\u00fcy\u00fck\u015fehir Belediyesi Gen\u00e7lik ve Spor Hizmetleri Dairesi Ba\u015fkanl\u0131\u011f\u0131 \u00f6nc\u00fcl\u00fc\u011f\u00fcnde ger\u00e7ekle\u015fen etkinliklerde, sporun birle\u015ftirici g\u00fcc\u00fc bir kez daha anla\u015f\u0131l\u0131rken, kentin bir\u00e7ok noktas\u0131nda T\u00fcrk Bayraklar\u0131 dalgaland\u0131.<\/p>\n\n\n\n<p><strong>Mersin&#8217;de T\u00fcrk Bayraklar\u0131 karada, havada ve denizde dalgaland\u0131<\/strong><\/p>\n\n\n\n<p>Gen\u00e7lik ve Spor Hizmetleri Dairesi taraf\u0131ndan Gen\u00e7lik Haftas\u0131&#8217;nda planlanan etkinliklerle; Ulu \u00d6nder Mustafa Kemal Atat\u00fcrk&#8217;\u00fcn gen\u00e7lere arma\u011fan etti\u011fi bayram\u0131n co\u015fkusu karada, denizde ve havada kentin d\u00f6rt bir yan\u0131na ta\u015f\u0131nd\u0131. 1919 ruhunu ya\u015fatmak ve gen\u00e7leri sporla bulu\u015fturmak amac\u0131yla hayata ge\u00e7irilen etkinlikler, Mersinlilerden tam not ald\u0131.<\/p>\n\n\n\n<p>B\u00fcy\u00fck\u015fehir&#8217;in Babil Su Sporlar\u0131 Merkezi \u00f6n\u00fcnden ayn\u0131 anda denize a\u00e7\u0131lan yelken ve paddle board sporcular\u0131, dalgaland\u0131rd\u0131klar\u0131 T\u00fcrk Bayraklar\u0131yla Mersinlilere g\u00f6rsel bir \u015f\u00f6len sundu. Akdeniz&#8217;in mavili\u011finde bayraklar\u0131n gururla dalgalanmas\u0131, hem milli duygular\u0131n hem de sporun \u00f6nemini bir kez daha vurgulad\u0131. Etkinlikler kapsam\u0131nda B\u00fcy\u00fck\u015fehir Belediyesi \u0130tfaiye Dairesi Ba\u015fkanl\u0131\u011f\u0131&#8217;na ba\u011fl\u0131 Su Alt\u0131 ve Su \u00dcst\u00fc Arama Kurtarma Amirli\u011fi ekipleri de deniz y\u00fczeyinde dev T\u00fcrk Bayra\u011f\u0131 a\u00e7arak anlaml\u0131 bir g\u00f6steriye imza att\u0131.<\/p>\n\n\n\n<p>Babil Su Sporlar\u0131 Merkezi&#8217;nde g\u00fcn boyunca antren\u00f6rler e\u015fli\u011finde \u00e7ocuklara ve gen\u00e7lere y\u00f6nelik olarak voleybol, basketbol, tenis, ayak tenisi ve pickleball bran\u015flar\u0131nda spor etkinlikleri d\u00fczenlendi. Ayr\u0131ca, Seyfi Alanya Spor Salonu&#8217;nda basketbol ve voleybol, Macit \u00d6zcan Spor Tesisleri&#8217;nde ise d\u00fczenlenen futbol turnuvas\u0131 ile \u00e7ocuklar hem bayram co\u015fkusunu doyas\u0131ya ya\u015fad\u0131 hem de sportif yeteneklerini sergileme f\u0131rsat\u0131 buldu.<\/p>\n\n\n\n<p><strong>Ta\u015fk\u0131n: &#8220;Mersin B\u00fcy\u00fck\u015fehir Belediyesi ile gen\u00e7lerimiz daha mutlu&#8221;<\/strong><\/p>\n\n\n\n<p>Mersin B\u00fcy\u00fck\u015fehir Belediyesi Gen\u00e7lik ve Spor Hizmetleri Dairesi Ba\u015fkan\u0131 Emrullah Ta\u015fk\u0131n, Mersin B\u00fcy\u00fck\u015fehir taraf\u0131ndan&nbsp;<strong><em>&#8217;19 May\u0131s Atat\u00fcrk&#8217;\u00fc Anma, Gen\u00e7lik ve Spor Bayram\u0131&#8217;<\/em><\/strong>&nbsp;kapsam\u0131nda d\u00fczenlenenprogramlar\u0131na ili\u015fkin bilgiler verdi. Yama\u00e7 Para\u015f\u00fct\u00fc Etkinli\u011fi&#8217;ne de kat\u0131l\u0131m sa\u011flayan Ta\u015fk\u0131n, kat\u0131l\u0131m\u0131n da \u00e7ok y\u00fcksek oldu\u011funu belirterek,&nbsp;<strong>&#8220;Cumhuriyetimizin kurucusu Ulu \u00d6nder Gazi Mustafa Kemal Atat\u00fcrk&#8217;\u00fcn Samsun&#8217;a \u00e7\u0131k\u0131\u015f\u0131n\u0131n bu y\u0131l 106. y\u0131l\u0131n\u0131 kutluyoruz. Ayn\u0131 zamanda bu hafta 15-21 May\u0131s tarihleri aras\u0131nda Gen\u00e7lik Haftas\u0131 olarak da kutlan\u0131yor. Mersin B\u00fcy\u00fck\u015fehir Belediyesi olarak bizler de Gen\u00e7lik Haftas\u0131&#8217;n\u0131 dolu dolu ve gen\u00e7lerimizle beraber kutluyoruz&#8221;&nbsp;<\/strong>dedi.<\/p>\n\n\n\n<p>Mersin B\u00fcy\u00fck\u015fehir olarak gen\u00e7lere her t\u00fcrl\u00fc hizmeti sunma gayreti i\u00e7erisinde olduklar\u0131n\u0131n alt\u0131n\u0131 \u00e7izen Ta\u015fk\u0131n,&nbsp;<strong>&#8220;Her t\u00fcrl\u00fc hizmetimiz gen\u00e7lerin emrinde. Spor alan\u0131nda da gen\u00e7lerimizle birlikteyiz. Gen\u00e7lerimizin 19 May\u0131s Bayram\u0131&#8217;n\u0131 kutluyoruz. Kutlarken de Mersin B\u00fcy\u00fck\u015fehir Belediyesi olarak bir dizi faaliyetler ve etkinlikler yap\u0131yoruz. Bu hafta i\u00e7erisinde yap\u0131lan ve devam eden futbol, basketbol ve voleybol turnuvalar\u0131m\u0131z, sahilde su sporlar\u0131 etkinliklerimiz var. 4. Uluslararas\u0131 Kilikya Ultra Maratonu&#8217;nu da bu haftaya denk getirdik. O da \u00e7ok g\u00fczel ve ba\u015far\u0131l\u0131 bir organizasyon oldu&#8221;&nbsp;<\/strong>diye belirtti. Dolu dolu bir hafta ge\u00e7irdiklerinin de bilgisini kaydeden Ta\u015fk\u0131n, Yama\u00e7 Para\u015f\u00fct\u00fc Etkinli\u011fi&#8217;nin de \u00e7ok g\u00fczel ge\u00e7ti\u011fini s\u00f6zlerine ekleyerek,<strong>&nbsp;&#8220;Dolu dolu bir 19 May\u0131s Haftas\u0131 kutluyoruz. Mersin B\u00fcy\u00fck\u015fehir Belediyesi ile gen\u00e7lerimiz daha mutlu. Co\u015fkulu bir \u015fekilde 19 May\u0131s&#8217;\u0131 kutluyoruz&#8221;&nbsp;<\/strong>dedi.<\/p>\n\n\n\n<p><strong>G\u00f6ky\u00fcz\u00fcnde yama\u00e7 para\u015f\u00fct\u00fcyle &#8216;Gen\u00e7lik&#8217; r\u00fczgar\u0131<\/strong><\/p>\n\n\n\n<p>Gelincik Tepesi&#8217;nde ger\u00e7ekle\u015ftirilen yama\u00e7 para\u015f\u00fct\u00fc etkinli\u011fi ile de gen\u00e7lik bayram\u0131n\u0131n heyecan\u0131 g\u00f6ky\u00fcz\u00fcne ta\u015f\u0131nd\u0131. Akyas Akdeniz Yama\u00e7 Para\u015f\u00fct\u00fc ve Adrenalin Sporlar\u0131 Kul\u00fcb\u00fc, \u00c7ukurova \u00dcniversitesi Havac\u0131l\u0131k Kul\u00fcb\u00fc, Helix Paragliding Kul\u00fcb\u00fc, Y\u00fcr\u00fc\u00e7ek Do\u011fa Sporlar\u0131 Kul\u00fcb\u00fc ve Apus Paragliding&#8217;den yakla\u015f\u0131k 80 sporcunun u\u00e7u\u015f yapt\u0131\u011f\u0131 etkinlikte, T\u00fcrk bayraklar\u0131 g\u00f6ky\u00fcz\u00fcn\u00fc s\u00fcsledi. Adrenalin ve ile bayram co\u015fkusunun bulu\u015ftu\u011fu u\u00e7u\u015flar, 19 May\u0131s&#8217;\u0131n ruhuna yak\u0131\u015f\u0131r bir \u015fekilde gen\u00e7li\u011fin enerjisini simgeledi. Kat\u0131l\u0131mc\u0131lar b\u00f6yle anlaml\u0131 bir g\u00fcnde g\u00f6ky\u00fcz\u00fcnde olman\u0131n gurunu ya\u015fad\u0131klar\u0131n\u0131 kaydetti.<\/p>\n\n\n\n<p><strong>\u00d6zt\u00fcrk: &#8220;19 May\u0131s&#8217;\u0131 mutlulukla kutluyoruz&#8221;<\/strong><\/p>\n\n\n\n<p>Gelincik Tepesi&#8217;ndeki yama\u00e7 para\u015f\u00fct\u00fc etkinli\u011fine kat\u0131lan Akyas Akdeniz Yama\u00e7 Para\u015f\u00fct\u00fc ve Adrenalin Sporlar\u0131 Kul\u00fcb\u00fc&#8217;nden Serhat \u00d6zt\u00fcrk etkinli\u011fi de\u011ferlendirerek,&nbsp;<strong>&#8220;19 May\u0131s Atat\u00fcrk&#8217;\u00fc Anma, Gen\u00e7lik ve Spor Bayram\u0131&#8217;n\u0131 mutlulukla kutluyoruz.&nbsp;&nbsp;Bu alan\u0131 seviyoruz, \u00e7ok g\u00fczel. U\u00e7u\u015f \u00e7ok g\u00fczel, zevkli.&nbsp;&nbsp;Mersin B\u00fcy\u00fck\u015fehir Belediyesi, b\u00fct\u00fcn etkinliklerde ve resmi bayramlarda bize destek veriyor, devam\u0131n\u0131 diliyoruz&#8221;<\/strong>&nbsp;dedi.<\/p>\n\n\n\n<p><strong>Toprak: &#8220;19 May\u0131s&#8217;ta yama\u00e7 para\u015f\u00fct\u00fc yapmak her zamankinden daha g\u00fczel ve co\u015fkulu&#8221;<\/strong><\/p>\n\n\n\n<p>Adana \u00c7ukurova \u00dcniversitesi Havac\u0131l\u0131k Kul\u00fcb\u00fc&#8217;nden \u00dcmm\u00fcg\u00fcls\u00fcm Toprak, \u00e7ok g\u00fczel bir u\u00e7u\u015f ger\u00e7ekle\u015ftirdiklerini s\u00f6yleyerek,&nbsp;<strong>&#8220;19 May\u0131s&#8217;ta u\u00e7uyor olmak her zamankinden \u00e7ok daha co\u015fkulu ve g\u00fczel bir duygu. Herkesin Gen\u00e7lik ve Spor Bayram\u0131&#8217;n\u0131 i\u00e7tenlikle kutluyorum.&nbsp;&nbsp;Ben buraya Adana&#8217;dan geliyorum ve Mersin B\u00fcy\u00fck\u015fehir Belediyesi&#8217;nin etkinliklerini ger\u00e7ekten be\u011feniyorum. Hatta ileride Mersin&#8217;e ta\u015f\u0131nmay\u0131 d\u00fc\u015f\u00fcn\u00fcyorum&#8221;<\/strong>&nbsp;diye konu\u015ftu.<\/p>\n\n\n\n<p>U\u00e7u\u015funu T\u00fcrk Bayra\u011f\u0131 e\u015fli\u011finde ger\u00e7ekle\u015ftiren Akyas Akdeniz Yama\u00e7 Para\u015f\u00fct\u00fc ve Adrenalin Sporlar\u0131 Kul\u00fcb\u00fc&#8217;nden 15 ya\u015f\u0131ndaki Kemal Ergen,&nbsp;<strong>&#8220;Co\u015fkulu bir \u015fekilde m\u00fcziklerimizle, \u015fanl\u0131 T\u00fcrk bayra\u011f\u0131m\u0131zla 19 May\u0131s&#8217;\u0131 Gelincik Tepesi&#8217;nde kutluyoruz&#8221;<\/strong>&nbsp;dedi. Mersin B\u00fcy\u00fck\u015fehir Belediyesi&#8217;nin ulusal bayramlardaki etkinliklerini \u00e7ok be\u011fendi\u011fini s\u00f6zlerine ekleyen Ergen,&nbsp;<strong>&#8220;\u00c7ok g\u00fczel. Bu tarz bayramlar\u0131m\u0131z\u0131 ya\u015fat\u0131yorlar ve her bayram b\u00f6yle destekler al\u0131yoruz&#8221;<\/strong>&nbsp;diye belirtti.<\/p>\n\n\n\n<p><strong>El\u00e7i\u00e7e\u011fi: &#8220;Bir gen\u00e7 olarak kendi bayram\u0131mda u\u00e7maktan gurur duyuyorum&#8221;<\/strong><\/p>\n\n\n\n<p>Helix Paragliding Kul\u00fcb\u00fc&#8217;nden 21 ya\u015f\u0131ndaki S\u0131la El\u00e7i\u00e7e\u011fi,&nbsp;<strong>&#8220;Bir gen\u00e7 olarak kendi bayram\u0131mda u\u00e7maktan gurur duyuyorum. B\u00fcy\u00fck\u015fehir Belediyemiz de bize bu \u015fekilde imkan sa\u011flad\u0131\u011f\u0131 i\u00e7in e\u011fleniyoruz, u\u00e7uyoruz. Mutlu ve keyifliyiz. Mersin B\u00fcy\u00fck\u015fehir Belediyesi ulusal bayramlara \u00e7ok \u00f6zen g\u00f6steriyor. Her bayramda birlikte etkinlik yap\u0131yoruz. Bize \u00e7ok iyi imkanlar sa\u011fl\u0131yorlar&#8221;<\/strong>&nbsp;dedi.<\/p>\n\n\n\n<p><strong>Sayg\u0131l\u0131: &#8220;Su sporlar\u0131 g\u00f6n\u00fcll\u00fcleri olarak g\u00fcn\u00fcn anlam ve \u00f6nemini belirten bir etkinlik yapt\u0131k<\/strong>&#8220;<\/p>\n\n\n\n<p>S\u00fcper Sup Mersin Spor Kul\u00fcb\u00fc Ba\u015fkan\u0131 Ali Sayg\u0131l\u0131,&nbsp;<strong><em>&#8217;19 May\u0131s Atat\u00fcrk&#8217;\u00fc Anma, Gen\u00e7lik ve Spor Bayram\u0131&#8217;<\/em><\/strong>&nbsp;etkinlikleri kapsam\u0131nda Mersin B\u00fcy\u00fck\u015fehir taraf\u0131ndan d\u00fczenlenen organizasyonla birlikte yelkenciler ve paddle boardcular olarak suya a\u00e7\u0131ld\u0131klar\u0131n\u0131 kaydetti. Sayg\u0131l\u0131,&nbsp;<strong>&#8220;Su alt\u0131 sporcular\u0131m\u0131z bayrak a\u00e7t\u0131lar, bizler k\u00fcrek \u00e7ektik, yelkenciler r\u00fczgar ald\u0131lar ve bu etkinli\u011fimizi ger\u00e7ekle\u015ftirdik.<\/strong><\/p>\n\n\n\n<p><strong>Su sporlar\u0131 g\u00f6n\u00fcll\u00fcleri olarak burada su alt\u0131, su \u00fcst\u00fc t\u00fcm spor ekipleri ile beraber g\u00fcn\u00fcn anlam ve \u00f6nemini belirten bir etkinlik yapt\u0131k. Bayra\u011f\u0131m\u0131z\u0131 hep beraber dalgaland\u0131rd\u0131k. Hep beraber g\u00fczel ve keyifli bir etkinlik yapt\u0131k&#8221;&nbsp;<\/strong>dedi.<\/p>\n\n\n\n<p><strong>A\u015flamac\u0131: &#8220;Kutlama \u00e7ok co\u015fkuluydu&#8221;<\/strong><\/p>\n\n\n\n<p>Yakla\u015f\u0131k 3 y\u0131ld\u0131r SUP sporu ile ilgilendi\u011fini s\u00f6yleyen \u00d6zgecan A\u015flamac\u0131,&nbsp;<strong>&#8220;B\u00fcy\u00fck\u015fehir Belediyesi&#8217;nin etkinli\u011fi i\u00e7in geldik. Kutlama bizim i\u00e7in \u00e7ok co\u015fkuluydu, \u00e7\u00fcnk\u00fc 19 May\u0131s hem gen\u00e7lik bayram\u0131 hem de spor bayram\u0131. Ve biz \u00fc\u00e7 seneye yak\u0131nd\u0131r bu sporu yapt\u0131\u011f\u0131m\u0131zdan sporun ne kadar zorluklarla yap\u0131ld\u0131\u011f\u0131n\u0131 ve gen\u00e7lerin sporla tan\u0131\u015fmas\u0131n\u0131n \u00e7ok \u00f6nemli oldu\u011funun fark\u0131na daha \u00e7ok vard\u0131k&#8221;<\/strong>&nbsp;dedi. Akdeniz&#8217;in derin sular\u0131nda T\u00fcrk Bayra\u011f\u0131&#8217;n\u0131 dalgaland\u0131rd\u0131klar\u0131n\u0131 s\u00f6yleyen A\u015flamac\u0131,&nbsp;<strong>&#8220;Dalg\u0131\u00e7lar\u0131m\u0131z \u00e7ok organize bir \u015fekilde bayraklar\u0131 a\u00e7t\u0131lar. Suda bayra\u011f\u0131m\u0131z dalgalanm\u0131\u015f oldu. Keyifliydi, g\u00fczeldi&#8221;<\/strong>&nbsp;ifadelerine yer verdi.<\/p>\n\n\n\n<p><strong>\u00c7ak\u0131c\u0131: &#8220;Suyun \u00fcst\u00fcnde Atam\u0131z\u0131 and\u0131k ve bayra\u011f\u0131m\u0131z\u0131 dalgaland\u0131rd\u0131k&#8221;<\/strong><\/p>\n\n\n\n<p>SUP sporu yapan ortaokul \u00f6\u011frencisi Do\u011fa \u00c7ak\u0131c\u0131 ise,&nbsp;<strong>&#8220;Bug\u00fcn 19 May\u0131s&#8217;\u0131 kutlamak amac\u0131yla buraya geldik ve burada bayrak a\u00e7t\u0131k. Denizin i\u00e7inde dalg\u0131\u00e7lar\u0131m\u0131zla birlikte bayra\u011f\u0131 sergiledik. \u00c7ok heyecanland\u0131k, \u00e7ok mutluyuz. Bizim i\u00e7in \u00e7ok \u00f6nemli bir g\u00fcn; suyun \u00fcst\u00fcnde Atam\u0131z\u0131 and\u0131k ve bayra\u011f\u0131m\u0131z\u0131 dalgaland\u0131rm\u0131\u015f bulunduk&#8221;<\/strong>&nbsp;dedi.<br><\/p>\n","protected":false},"excerpt":{"rendered":"<p>Mersin B\u00fcy\u00fck\u015fehir Belediyesi,&nbsp;&#8217;19 May\u0131s Atat\u00fcrk&#8217;\u00fc Anma, Gen\u00e7lik ve Spor Bayram\u0131&#8217;n\u0131 kentin d\u00f6rt bir yan\u0131nda d\u00fczenledi\u011fi etkinliklerle co\u015fkuyla kutlad\u0131. B\u00fcy\u00fck\u015fehir Belediyesi Gen\u00e7lik ve Spor Hizmetleri Dairesi Ba\u015fkanl\u0131\u011f\u0131 \u00f6nc\u00fcl\u00fc\u011f\u00fcnde ger\u00e7ekle\u015fen etkinliklerde, sporun birle\u015ftirici g\u00fcc\u00fc bir kez daha anla\u015f\u0131l\u0131rken, kentin bir\u00e7ok noktas\u0131nda T\u00fcrk Bayraklar\u0131 dalgaland\u0131. Mersin&#8217;de T\u00fcrk Bayraklar\u0131 karada, havada ve denizde dalgaland\u0131 Gen\u00e7lik ve Spor Hizmetleri Dairesi [&hellip;]<\/p>\n","protected":false},"author":2,"featured_media":42754,"comment_status":"closed","ping_status":"closed","sticky":false,"template":"","format":"standard","meta":{"footnotes":""},"categories":[3],"tags":[],"class_list":["post-42753","post","type-post","status-publish","format-standard","has-post-thumbnail","hentry","category-manset"],"views":6,"_links":{"self":[{"href":"https:\/\/mersinkadingazetesi.com\/index.php?rest_route=\/wp\/v2\/posts\/42753"}],"collection":[{"href":"https:\/\/mersinkadingazetesi.com\/index.php?rest_route=\/wp\/v2\/posts"}],"about":[{"href":"https:\/\/mersinkadingazetesi.com\/index.php?rest_route=\/wp\/v2\/types\/post"}],"author":[{"embeddable":true,"href":"https:\/\/mersinkadingazetesi.com\/index.php?rest_route=\/wp\/v2\/users\/2"}],"replies":[{"embeddable":true,"href":"https:\/\/mersinkadingazetesi.com\/index.php?rest_route=%2Fwp%2Fv2%2Fcomments&post=42753"}],"version-history":[{"count":1,"href":"https:\/\/mersinkadingazetesi.com\/index.php?rest_route=\/wp\/v2\/posts\/42753\/revisions"}],"predecessor-version":[{"id":42755,"href":"https:\/\/mersinkadingazetesi.com\/index.php?rest_route=\/wp\/v2\/posts\/42753\/revisions\/42755"}],"wp:featuredmedia":[{"embeddable":true,"href":"https:\/\/mersinkadingazetesi.com\/index.php?rest_route=\/wp\/v2\/media\/42754"}],"wp:attachment":[{"href":"https:\/\/mersinkadingazetesi.com\/index.php?rest_route=%2Fwp%2Fv2%2Fmedia&parent=42753"}],"wp:term":[{"taxonomy":"category","embeddable":true,"href":"https:\/\/mersinkadingazetesi.com\/index.php?rest_route=%2Fwp%2Fv2%2Fcategories&post=42753"},{"taxonomy":"post_tag","embeddable":true,"href":"https:\/\/mersinkadingazetesi.com\/index.php?rest_route=%2Fwp%2Fv2%2Ftags&post=42753"}],"curies":[{"name":"wp","href":"https:\/\/api.w.org\/{rel}","templated":true}]}}