{"id":42759,"date":"2025-05-20T09:59:29","date_gmt":"2025-05-20T06:59:29","guid":{"rendered":"https:\/\/mersinkadingazetesi.com\/?p=42759"},"modified":"2025-05-20T09:59:29","modified_gmt":"2025-05-20T06:59:29","slug":"il-milli-egitim-muduru-fazilet-durmus-yenisehir-halk-egitim-merkezinin-aile-yili-etkinlikleri-kapsaminda-hazirladigi-sergiye-katildi","status":"publish","type":"post","link":"https:\/\/mersinkadingazetesi.com\/?p=42759","title":{"rendered":"\u0130L M\u0130LL\u00ce E\u011e\u0130T\u0130M M\u00dcD\u00dcR\u00dc FAZ\u0130LET DURMU\u015e, YEN\u0130\u015eEH\u0130R HALK E\u011e\u0130T\u0130M MERKEZ\u0130N\u0130N &#8220;A\u0130LE YILI&#8221; ETK\u0130NL\u0130KLER\u0130 KAPSAMINDA HAZIRLADI\u011eI SERG\u0130YE KATILDI\u00a0"},"content":{"rendered":"\n<p>\u0130l Mill\u00ee E\u011fitim M\u00fcd\u00fcr\u00fc Fazilet Durmu\u015f; Yeni\u015fehir Halk E\u011fitimi Merkezinin T\u00fcrkiye Cumhuriyeti Cumhurba\u015fkan\u0131m\u0131z Say\u0131n Recep Tayyip Erdo\u011fan taraf\u0131ndan ilan edilen 2024 &#8220;Aile Y\u0131l\u0131&#8221; etkinlikleri kapsam\u0131nda, ailenin toplumdaki hayati \u00f6nemine vurgu yapmak amac\u0131yla \u015eemsa Pozcu K\u00fclt\u00fcr Evi&#8217;nde haz\u0131rlad\u0131\u011f\u0131 sergiye kat\u0131ld\u0131.<\/p>\n\n\n\n<p>El sanatlar\u0131 teknolojisi, resim, giyim \u00fcretim teknolojisi, halkla ili\u015fkiler ve reklamc\u0131l\u0131k, grafik tasar\u0131m ve foto\u011fraf\u00e7\u0131l\u0131k alanlar\u0131nda g\u00f6rev yapan \u00f6\u011fretmenler, usta \u00f6\u011freticiler ve kursiyerlerin \u00f6zverili i\u015f birli\u011fiyle hayata ge\u00e7irilen sergi, &#8220;aile&#8221; temas\u0131n\u0131 \u00e7e\u015fitli sanatsal disiplinler arac\u0131l\u0131\u011f\u0131yla \u00f6zg\u00fcn bir \u015fekilde, aile kavram\u0131na farkl\u0131 perspektiflerden bakma imk\u00e2n\u0131 sundu.<\/p>\n\n\n\n<p>Sergide \u0130l Mill\u00ee E\u011fitim M\u00fcd\u00fcr\u00fc Fazilet Durmu\u015f&#8217;a&nbsp;\u0130l Mill\u00ee E\u011fitim M\u00fcd\u00fcr Yard\u0131mc\u0131s\u0131 Harun \u00dczer, Akdeniz \u0130l\u00e7e Mill\u00ee E\u011fitim M\u00fcd\u00fcr\u00fc Saim Demir, E\u011fitim Bir Sen 1 No&#8217;lu \u015eube Ba\u015fkan\u0131 Ertu\u011frul Y\u0131ld\u0131z, Mersin Kent Tarihi M\u00fczesi&#8217;nin Kurucusu Mustafa Erim e\u015flik etti.<\/p>\n\n\n\n<p><a href=\"https:\/\/mersin.meb.gov.tr\/meb_iys_dosyalar\/2025_05\/16165036_whatsappimage20250516at16.41.011.jpg\" target=\"_blank\" rel=\"noreferrer noopener\"><\/a><\/p>\n","protected":false},"excerpt":{"rendered":"<p>\u0130l Mill\u00ee E\u011fitim M\u00fcd\u00fcr\u00fc Fazilet Durmu\u015f; Yeni\u015fehir Halk E\u011fitimi Merkezinin T\u00fcrkiye Cumhuriyeti Cumhurba\u015fkan\u0131m\u0131z Say\u0131n Recep Tayyip Erdo\u011fan taraf\u0131ndan ilan edilen 2024 &#8220;Aile Y\u0131l\u0131&#8221; etkinlikleri kapsam\u0131nda, ailenin toplumdaki hayati \u00f6nemine vurgu yapmak amac\u0131yla \u015eemsa Pozcu K\u00fclt\u00fcr Evi&#8217;nde haz\u0131rlad\u0131\u011f\u0131 sergiye kat\u0131ld\u0131. El sanatlar\u0131 teknolojisi, resim, giyim \u00fcretim teknolojisi, halkla ili\u015fkiler ve reklamc\u0131l\u0131k, grafik tasar\u0131m ve foto\u011fraf\u00e7\u0131l\u0131k alanlar\u0131nda [&hellip;]<\/p>\n","protected":false},"author":2,"featured_media":42760,"comment_status":"closed","ping_status":"closed","sticky":false,"template":"","format":"standard","meta":{"footnotes":""},"categories":[3],"tags":[],"class_list":["post-42759","post","type-post","status-publish","format-standard","has-post-thumbnail","hentry","category-manset"],"views":2,"_links":{"self":[{"href":"https:\/\/mersinkadingazetesi.com\/index.php?rest_route=\/wp\/v2\/posts\/42759"}],"collection":[{"href":"https:\/\/mersinkadingazetesi.com\/index.php?rest_route=\/wp\/v2\/posts"}],"about":[{"href":"https:\/\/mersinkadingazetesi.com\/index.php?rest_route=\/wp\/v2\/types\/post"}],"author":[{"embeddable":true,"href":"https:\/\/mersinkadingazetesi.com\/index.php?rest_route=\/wp\/v2\/users\/2"}],"replies":[{"embeddable":true,"href":"https:\/\/mersinkadingazetesi.com\/index.php?rest_route=%2Fwp%2Fv2%2Fcomments&post=42759"}],"version-history":[{"count":1,"href":"https:\/\/mersinkadingazetesi.com\/index.php?rest_route=\/wp\/v2\/posts\/42759\/revisions"}],"predecessor-version":[{"id":42761,"href":"https:\/\/mersinkadingazetesi.com\/index.php?rest_route=\/wp\/v2\/posts\/42759\/revisions\/42761"}],"wp:featuredmedia":[{"embeddable":true,"href":"https:\/\/mersinkadingazetesi.com\/index.php?rest_route=\/wp\/v2\/media\/42760"}],"wp:attachment":[{"href":"https:\/\/mersinkadingazetesi.com\/index.php?rest_route=%2Fwp%2Fv2%2Fmedia&parent=42759"}],"wp:term":[{"taxonomy":"category","embeddable":true,"href":"https:\/\/mersinkadingazetesi.com\/index.php?rest_route=%2Fwp%2Fv2%2Fcategories&post=42759"},{"taxonomy":"post_tag","embeddable":true,"href":"https:\/\/mersinkadingazetesi.com\/index.php?rest_route=%2Fwp%2Fv2%2Ftags&post=42759"}],"curies":[{"name":"wp","href":"https:\/\/api.w.org\/{rel}","templated":true}]}}