{"id":42762,"date":"2025-05-20T12:28:16","date_gmt":"2025-05-20T09:28:16","guid":{"rendered":"https:\/\/mersinkadingazetesi.com\/?p=42762"},"modified":"2025-05-20T12:28:16","modified_gmt":"2025-05-20T09:28:16","slug":"toroslarin-dev-turk-bayragi-yenilendi","status":"publish","type":"post","link":"https:\/\/mersinkadingazetesi.com\/?p=42762","title":{"rendered":"TOROSLAR&#8217;IN DEV T\u00dcRK BAYRA\u011eI YEN\u0130LEND\u0130"},"content":{"rendered":"\n<p>19 May\u0131s Atat\u00fcrk&#8217;\u00fc Anma, Gen\u00e7lik ve Spor Bayram\u0131 dolay\u0131s\u0131yla \u00c7opurlu Mahallesi&#8217;nde d\u00fczenlenen etkinlikte konu\u015fan Toroslar Belediye Ba\u015fkan\u0131 Abdurrahman Y\u0131ld\u0131z, &#8220;Siyaseti hamasetten kurtarmam\u0131z laz\u0131m. \u00c7\u00fcnk\u00fc daha d\u00fcne kadar sabahtan ak\u015fama kadar, vatanseverlikten milliyet\u00e7ilikten bahsediyorlard\u0131. Ama yerli ve milli ne varsa ellerinden \u00e7\u0131kart\u0131yorlard\u0131. Ama biz sahip \u00e7\u0131kaca\u011f\u0131z. Ger\u00e7ekten vatansever olup, ger\u00e7ekten sevmenin ne oldu\u011funu onlara g\u00f6sterece\u011fiz&#8221; dedi.<\/p>\n\n\n\n<p>Toroslar Belediyesi, \u00c7opurlu Mahallesi&#8217;nde 19 May\u0131s Atat\u00fcrk&#8217;\u00fc Anma, Gen\u00e7lik ve Spor Bayram\u0131&#8217;n\u0131 co\u015fkuyla kutlad\u0131. Mahallenin simgesi haline gelen, Kocasay Mevkii&#8217;ndeki eskiyen bayrak alan\u0131 yenilendi; ay y\u0131ld\u0131zl\u0131 bayra\u011f\u0131m\u0131z onar\u0131ld\u0131, alan boyand\u0131 ve ayd\u0131nlatmalar\u0131 yenilenerek eski ihti\u015fam\u0131na kavu\u015fturuldu.<\/p>\n\n\n\n<p>Etkinlik kapsam\u0131nda, mahalle meydan\u0131nda toplanan yurtta\u015flar me\u015falelerle Bayrak Alan\u0131&#8217;na kadar y\u00fcr\u00fcd\u00fc. Ba\u015fkan Y\u0131ld\u0131z da gen\u00e7lerle, \u00e7ocuklarla, hem\u015ferileriyle birlikte bu co\u015fkuya ortak oldu. Kortej Y\u00fcr\u00fcy\u00fc\u015f\u00fcne kat\u0131lanlar, Toroslar&#8217;dan t\u00fcm T\u00fcrkiye&#8217;ye birlik ve beraberli\u011fin en g\u00fczel foto\u011fraf karesini verdi.<\/p>\n\n\n\n<p>Alan\u0131 dolduran kalabal\u0131\u011fa hitaben konu\u015fan Toroslar Belediye Ba\u015fkan\u0131 Abdurrahman Y\u0131ld\u0131z, hem g\u00fcn\u00fcn anlam ve \u00f6nemine dikkat \u00e7ekti hem de gen\u00e7lere umut ve sorumluluk \u00e7a\u011fr\u0131s\u0131nda bulundu.<\/p>\n\n\n\n<p><strong>&#8220;BU \u00dcLKE NE ZAMAN NEFESS\u0130Z KALIRSA, M\u00dcDAHALE EDEN HEP GEN\u00c7LER OLMU\u015eTUR&#8221;<\/strong><\/p>\n\n\n\n<p>Ba\u015fkan Y\u0131ld\u0131z konu\u015fmas\u0131nda, 19 May\u0131s&#8217;\u0131n sadece bir bayram de\u011fil, ayn\u0131 zamanda emperyalizme kar\u015f\u0131 ba\u015flat\u0131lan m\u00fccadelenin ilk ad\u0131m\u0131 oldu\u011funu vurgulayarak \u015fu ifadeleri kulland\u0131:<\/p>\n\n\n\n<p>&#8220;Zor zamanlardan ge\u00e7iyoruz. Bir\u00e7o\u011funuz \u00e7ok ciddi okullarda okumu\u015f olman\u0131za ra\u011fmen yoksullu\u011fun pen\u00e7esindesiniz. Biliyorum ki; i\u015fsizlik gen\u00e7lerin boynunun ask\u0131s\u0131 haline gelmi\u015f durumda. Mersin B\u00fcy\u00fck\u015fehir Belediyesi Ba\u015fkan\u0131m\u0131z Vahap Se\u00e7er diyor ya, &#8216;enseyi karartmay\u0131n.&#8217; Enseyi karartm\u0131yoruz, \u00e7\u00fcnk\u00fc biz gen\u00e7lerden umutluyuz. Bu \u00fclkede siyaset ne zaman t\u0131kan\u0131rsa, bu \u00fclke ne zaman nefessiz kal\u0131rsa, m\u00fcdahale eden hep gen\u00e7ler olmu\u015ftur. D\u00fcn Deniz Gezmi\u015f ve arkada\u015flar\u0131 m\u00fcdahale etmi\u015ftir. Bug\u00fcn de Sara\u00e7o\u011flu&#8217;nda g\u00f6rd\u00fc\u011f\u00fcn\u00fcz \u00fczere, gen\u00e7ler m\u00fcdahale ettiler; hem siyasetin hem de siyaset\u00e7inin \u00f6n\u00fcn\u00fc a\u00e7t\u0131lar. Gen\u00e7lerimiz bizim gelece\u011fimizdir. Zannetmeyin, elinde bir bardak su almaya mecali olmad\u0131\u011f\u0131n\u0131 zannetti\u011finiz gen\u00e7ler, asl\u0131nda \u00fclke her zaman y\u00f6netilemedi\u011finde meseleye el koymu\u015ftur. Dolay\u0131s\u0131yla ben, gen\u00e7lerden umutluyum. Onlar\u0131n siyasetin merkezine gelmesi gerekti\u011fini d\u00fc\u015f\u00fcn\u00fcyorum. Onlar\u0131n siyasetin temel \u00fcreticisi olmas\u0131 gerekti\u011fini d\u00fc\u015f\u00fcnenlerdenim.&#8221;<\/p>\n\n\n\n<p><strong>&#8220;S\u0130YASET\u0130 HAMASETTEN KURTARMAMIZ LAZIM&#8221;<\/strong><\/p>\n\n\n\n<p>Siyasetin hamaset \u00fczerinde yap\u0131ld\u0131\u011f\u0131n\u0131 ele\u015ftiren Y\u0131ld\u0131z, &#8220;Kar\u015f\u0131m\u0131zda duran ay y\u0131ld\u0131zl\u0131 bayra\u011f\u0131m\u0131z, Toroslar&#8217;a nak\u015fedilmi\u015fti. Uzun zamand\u0131r boyas\u0131 d\u00f6k\u00fclm\u00fc\u015f, \u0131\u015f\u0131klar\u0131 s\u00f6nm\u00fc\u015ft\u00fc, g\u00f6r\u00fcnmez hale gelmi\u015fti. Asl\u0131nda T\u00fcrkiye&#8217;nin simge eserlerinden ve ilk bayraklar\u0131ndan birisiydi. Maalesef \u00fclkemizde siyaset \u00e7o\u011fu zaman hamaset \u00fczerinden yap\u0131l\u0131r. Aynen 23 Nisan ve 19 May\u0131slarda oldu\u011fu gibi. Sanki bug\u00fcnler, yeniden kurtulu\u015fun g\u00fcn\u00fc de\u011filmi\u015f gibi, i\u00e7i bo\u015falt\u0131larak gen\u00e7lerimize arma\u011fan ediliyormu\u015f gibi. \u015eimdi gen\u00e7ler, sizin bu meseleleri ve bu g\u00fcnleri do\u011fru okuman\u0131z laz\u0131m. Ulusal egemenli\u011fe sahip \u00e7\u0131kman\u0131z laz\u0131m. Kurulu\u015fun, birli\u011fin ba\u015flang\u0131c\u0131 olan 19 May\u0131s&#8217;a sahip \u00e7\u0131kman\u0131z laz\u0131m. Siyaseti hamasetten kurtarmam\u0131z laz\u0131m. \u00c7\u00fcnk\u00fc daha d\u00fcne kadar sabahtan ak\u015fama kadar, vatanseverlikten milliyet\u00e7ilikten bahsediyorlard\u0131. Ama yerli ve milli ne varsa ellerinden \u00e7\u0131kart\u0131yorlard\u0131. Ama biz sahip \u00e7\u0131kaca\u011f\u0131z. Ger\u00e7ekten vatansever olup, ger\u00e7ekten sevmenin ne oldu\u011funu onlara g\u00f6sterece\u011fiz&#8221; \u015feklinde konu\u015ftu.<\/p>\n\n\n\n<p><strong>EL B\u0130RL\u0130\u011e\u0130YLE BAYRAK YEN\u0130LEND\u0130<\/strong><\/p>\n\n\n\n<p>Y\u0131ld\u0131z, tarihi niteli\u011fe sahip bayra\u011f\u0131n yenilenme s\u00fcrecinde gen\u00e7lerin ve kad\u0131nlar\u0131n b\u00fcy\u00fck emek verdi\u011fini belirterek, &#8220;Bundan bir ay \u00f6nce gen\u00e7lerimiz bu alan\u0131n k\u00f6t\u00fc durumda oldu\u011funu bize iletti. Mahalleli kad\u0131nlar ve gen\u00e7ler el birli\u011fiyle bayra\u011f\u0131m\u0131z\u0131 yeniden eski haline getirdi. Bu, hem dayan\u0131\u015fman\u0131n hem de vatan sevgisinin en g\u00fczel \u00f6rne\u011fidir&#8221; ifadelerini kulland\u0131.<\/p>\n\n\n\n<p><strong>&#8220;VATANI EN \u00c7OK SEVEN \u0130\u015e\u0130N\u0130 EN \u0130Y\u0130 YAPANDIR&#8221;<\/strong><\/p>\n\n\n\n<p>Konu\u015fmas\u0131n\u0131 Gazi Mustafa Kemal Atat\u00fcrk&#8217;\u00fcn &#8220;Vatan\u0131n\u0131 en \u00e7ok seven, i\u015fini en iyi yapand\u0131r&#8221; s\u00f6z\u00fcyle tamamlayan Ba\u015fkan Y\u0131ld\u0131z, alan\u0131 dolduran herkese te\u015fekk\u00fcr ederek 19 May\u0131s Atat\u00fcrk&#8217;\u00fc Anma, Gen\u00e7lik ve Spor Bayram\u0131&#8217;n\u0131 kutlad\u0131.<\/p>\n","protected":false},"excerpt":{"rendered":"<p>19 May\u0131s Atat\u00fcrk&#8217;\u00fc Anma, Gen\u00e7lik ve Spor Bayram\u0131 dolay\u0131s\u0131yla \u00c7opurlu Mahallesi&#8217;nde d\u00fczenlenen etkinlikte konu\u015fan Toroslar Belediye Ba\u015fkan\u0131 Abdurrahman Y\u0131ld\u0131z, &#8220;Siyaseti hamasetten kurtarmam\u0131z laz\u0131m. \u00c7\u00fcnk\u00fc daha d\u00fcne kadar sabahtan ak\u015fama kadar, vatanseverlikten milliyet\u00e7ilikten bahsediyorlard\u0131. Ama yerli ve milli ne varsa ellerinden \u00e7\u0131kart\u0131yorlard\u0131. Ama biz sahip \u00e7\u0131kaca\u011f\u0131z. Ger\u00e7ekten vatansever olup, ger\u00e7ekten sevmenin ne oldu\u011funu onlara g\u00f6sterece\u011fiz&#8221; dedi. [&hellip;]<\/p>\n","protected":false},"author":2,"featured_media":42763,"comment_status":"closed","ping_status":"closed","sticky":false,"template":"","format":"standard","meta":{"footnotes":""},"categories":[3],"tags":[],"class_list":["post-42762","post","type-post","status-publish","format-standard","has-post-thumbnail","hentry","category-manset"],"views":5,"_links":{"self":[{"href":"https:\/\/mersinkadingazetesi.com\/index.php?rest_route=\/wp\/v2\/posts\/42762"}],"collection":[{"href":"https:\/\/mersinkadingazetesi.com\/index.php?rest_route=\/wp\/v2\/posts"}],"about":[{"href":"https:\/\/mersinkadingazetesi.com\/index.php?rest_route=\/wp\/v2\/types\/post"}],"author":[{"embeddable":true,"href":"https:\/\/mersinkadingazetesi.com\/index.php?rest_route=\/wp\/v2\/users\/2"}],"replies":[{"embeddable":true,"href":"https:\/\/mersinkadingazetesi.com\/index.php?rest_route=%2Fwp%2Fv2%2Fcomments&post=42762"}],"version-history":[{"count":1,"href":"https:\/\/mersinkadingazetesi.com\/index.php?rest_route=\/wp\/v2\/posts\/42762\/revisions"}],"predecessor-version":[{"id":42764,"href":"https:\/\/mersinkadingazetesi.com\/index.php?rest_route=\/wp\/v2\/posts\/42762\/revisions\/42764"}],"wp:featuredmedia":[{"embeddable":true,"href":"https:\/\/mersinkadingazetesi.com\/index.php?rest_route=\/wp\/v2\/media\/42763"}],"wp:attachment":[{"href":"https:\/\/mersinkadingazetesi.com\/index.php?rest_route=%2Fwp%2Fv2%2Fmedia&parent=42762"}],"wp:term":[{"taxonomy":"category","embeddable":true,"href":"https:\/\/mersinkadingazetesi.com\/index.php?rest_route=%2Fwp%2Fv2%2Fcategories&post=42762"},{"taxonomy":"post_tag","embeddable":true,"href":"https:\/\/mersinkadingazetesi.com\/index.php?rest_route=%2Fwp%2Fv2%2Ftags&post=42762"}],"curies":[{"name":"wp","href":"https:\/\/api.w.org\/{rel}","templated":true}]}}