{"id":42765,"date":"2025-05-20T12:29:46","date_gmt":"2025-05-20T09:29:46","guid":{"rendered":"https:\/\/mersinkadingazetesi.com\/?p=42765"},"modified":"2025-05-20T12:29:47","modified_gmt":"2025-05-20T09:29:47","slug":"mezitlide-19-mayis-coskusu-doruklara-ulasti","status":"publish","type":"post","link":"https:\/\/mersinkadingazetesi.com\/?p=42765","title":{"rendered":"MEZ\u0130TL\u0130&#8217;DE 19 MAYIS CO\u015eKUSU DORUKLARA ULA\u015eTI"},"content":{"rendered":"\n<p>Mezitli Belediyesi, 19 May\u0131s Atat\u00fcrk&#8217;\u00fc Anma, Gen\u00e7lik ve Spor Bayram\u0131&#8217;n\u0131n 106. y\u0131l d\u00f6n\u00fcm\u00fcn\u00fc birbirinden renkli etkinliklerle kutlad\u0131. Hafta boyunca s\u00fcren spor turnuvalar\u0131, gen\u00e7lik y\u00fcr\u00fcy\u00fc\u015f\u00fc ve konserlerle Mezitli&#8217;de bayram co\u015fkusu doyas\u0131ya ya\u015fand\u0131.Ba\u015fkan Tuncer, &#8220;Biz gen\u00e7ler Ulu \u00d6nderimizin tarif etti\u011fi gibi hem sporda hem bilimde hem y\u00f6netimde her kademede bir ad\u0131m daha ileri gidebilmek i\u00e7in elimizden gelen b\u00fct\u00fcn m\u00fccadeleyi verece\u011fiz.&#8221; dedi.<\/p>\n\n\n\n<p><strong>GEN\u00c7L\u0130K Y\u00dcR\u00dcY\u00dc\u015e\u00dcNE YO\u011eUN KATILIM<\/strong><\/p>\n\n\n\n<p>19 May\u0131s ak\u015fam\u0131 Akdeniz Mahallesi Cuma Pazar\u0131&#8217;ndan ba\u015flayarak Amfi Tiyatro&#8217;da son bulan gen\u00e7lik y\u00fcr\u00fcy\u00fc\u015f\u00fcne y\u00fczlerce vatanda\u015f kat\u0131ld\u0131. Ellerinde T\u00fcrk bayraklar\u0131yla mar\u015flar e\u015fli\u011finde y\u00fcr\u00fcyen vatanda\u015flar, Atat\u00fcrk&#8217;\u00fcn izinde gen\u00e7li\u011fe olan inanc\u0131 bir kez daha vurgulad\u0131. Y\u00fcr\u00fcy\u00fc\u015f\u00fcn sonunda Amfi Tiyatro&#8217;da toplanan kalabal\u0131k, co\u015fkuyu M\u00fczisyen Adam konseriyle ta\u00e7land\u0131rd\u0131. Konserde vatanda\u015flar birbirinden g\u00fczel \u015fark\u0131lar e\u015fli\u011finde e\u011flendi.<\/p>\n\n\n\n<p><strong>GEN\u00c7L\u0130K ME\u015eALES\u0130 YAKILDI<\/strong><\/p>\n\n\n\n<p>Etkinliklere Mezitli Belediye Ba\u015fkan\u0131 Ahmet Serkan Tuncer, 27. D\u00f6nem CHP Mersin Milletvekili Cengiz G\u00f6k\u00e7el, mahalle muhtarlar\u0131, sivil toplum kurulu\u015fu temsilcileri ve binlerce vatanda\u015f kat\u0131ld\u0131. Ba\u015fkan Tuncer, protokol \u00fcyeleriyle birlikte gen\u00e7lik me\u015falesini yakarak bayram co\u015fkusunu alevlendirdi.<\/p>\n\n\n\n<p><strong>HAFTA BOYU SPOR HEYECANI<\/strong><\/p>\n\n\n\n<p>Kutlamalar sadece y\u00fcr\u00fcy\u00fc\u015f ve konserle s\u0131n\u0131rl\u0131 kalmad\u0131. Hafta boyunca d\u00fczenlenen voleybol ve futbol turnuvalar\u0131nda gen\u00e7ler k\u0131yas\u0131ya m\u00fccadele etti. Turnuvalar sonunda yap\u0131lan \u00f6d\u00fcl t\u00f6reninde kazanan tak\u0131mlara kupa ve madalyalar\u0131 takdim edildi.<\/p>\n\n\n\n<p><strong>BA\u015eKAN TUNCER: &#8220;GEN\u00c7LER GELECE\u011e\u0130M\u0130Z\u0130N TEM\u0130NATIDIR&#8221;<\/strong><\/p>\n\n\n\n<p>Etkinlikte konu\u015fan Mezitli Belediye Ba\u015fkan\u0131 Ahmet Serkan Tuncer, Mezitli&#8217;nin her zaman vatan\u0131na, bayra\u011f\u0131na ve milletine olan ba\u011fl\u0131l\u0131\u011f\u0131n\u0131 gururla ta\u015f\u0131d\u0131\u011f\u0131n\u0131 belirtti. Gen\u00e7lere hitap eden Ba\u015fkan Tuncer, &#8220;19 May\u0131s&#8217;\u0131n ruhunu gelece\u011fe ta\u015f\u0131yacak olan sizlersiniz. Yar\u0131nlar\u0131m\u0131z\u0131n g\u00fcvencesi olan gen\u00e7lerimizin ve t\u00fcm milletimizin 19 May\u0131s Atat\u00fcrk&#8217;\u00fc Anma, Gen\u00e7lik ve Spor Bayram\u0131&#8217;n\u0131 kutluyorum&#8221; dedi.<\/p>\n","protected":false},"excerpt":{"rendered":"<p>Mezitli Belediyesi, 19 May\u0131s Atat\u00fcrk&#8217;\u00fc Anma, Gen\u00e7lik ve Spor Bayram\u0131&#8217;n\u0131n 106. y\u0131l d\u00f6n\u00fcm\u00fcn\u00fc birbirinden renkli etkinliklerle kutlad\u0131. Hafta boyunca s\u00fcren spor turnuvalar\u0131, gen\u00e7lik y\u00fcr\u00fcy\u00fc\u015f\u00fc ve konserlerle Mezitli&#8217;de bayram co\u015fkusu doyas\u0131ya ya\u015fand\u0131.Ba\u015fkan Tuncer, &#8220;Biz gen\u00e7ler Ulu \u00d6nderimizin tarif etti\u011fi gibi hem sporda hem bilimde hem y\u00f6netimde her kademede bir ad\u0131m daha ileri gidebilmek i\u00e7in elimizden gelen [&hellip;]<\/p>\n","protected":false},"author":2,"featured_media":42766,"comment_status":"closed","ping_status":"closed","sticky":false,"template":"","format":"standard","meta":{"footnotes":""},"categories":[3],"tags":[],"class_list":["post-42765","post","type-post","status-publish","format-standard","has-post-thumbnail","hentry","category-manset"],"views":3,"_links":{"self":[{"href":"https:\/\/mersinkadingazetesi.com\/index.php?rest_route=\/wp\/v2\/posts\/42765"}],"collection":[{"href":"https:\/\/mersinkadingazetesi.com\/index.php?rest_route=\/wp\/v2\/posts"}],"about":[{"href":"https:\/\/mersinkadingazetesi.com\/index.php?rest_route=\/wp\/v2\/types\/post"}],"author":[{"embeddable":true,"href":"https:\/\/mersinkadingazetesi.com\/index.php?rest_route=\/wp\/v2\/users\/2"}],"replies":[{"embeddable":true,"href":"https:\/\/mersinkadingazetesi.com\/index.php?rest_route=%2Fwp%2Fv2%2Fcomments&post=42765"}],"version-history":[{"count":1,"href":"https:\/\/mersinkadingazetesi.com\/index.php?rest_route=\/wp\/v2\/posts\/42765\/revisions"}],"predecessor-version":[{"id":42767,"href":"https:\/\/mersinkadingazetesi.com\/index.php?rest_route=\/wp\/v2\/posts\/42765\/revisions\/42767"}],"wp:featuredmedia":[{"embeddable":true,"href":"https:\/\/mersinkadingazetesi.com\/index.php?rest_route=\/wp\/v2\/media\/42766"}],"wp:attachment":[{"href":"https:\/\/mersinkadingazetesi.com\/index.php?rest_route=%2Fwp%2Fv2%2Fmedia&parent=42765"}],"wp:term":[{"taxonomy":"category","embeddable":true,"href":"https:\/\/mersinkadingazetesi.com\/index.php?rest_route=%2Fwp%2Fv2%2Fcategories&post=42765"},{"taxonomy":"post_tag","embeddable":true,"href":"https:\/\/mersinkadingazetesi.com\/index.php?rest_route=%2Fwp%2Fv2%2Ftags&post=42765"}],"curies":[{"name":"wp","href":"https:\/\/api.w.org\/{rel}","templated":true}]}}