{"id":42768,"date":"2025-05-20T13:26:57","date_gmt":"2025-05-20T10:26:57","guid":{"rendered":"https:\/\/mersinkadingazetesi.com\/?p=42768"},"modified":"2025-05-20T13:26:59","modified_gmt":"2025-05-20T10:26:59","slug":"yenisehir-belediyesi-19-mayista-sehir-korteji-duzenledi-2","status":"publish","type":"post","link":"https:\/\/mersinkadingazetesi.com\/?p=42768","title":{"rendered":"Yeni\u015fehir Belediyesi 19 May\u0131s\u2019ta \u015fehir korteji d\u00fczenledi"},"content":{"rendered":"\n<p>Mersin Yeni\u015fehir Belediyesi, ulusal bayramlarda gelenek haline getirdi\u011fi ara\u00e7l\u0131 \u015fehir kortejini 19 May\u0131s Atat\u00fcrk\u2019\u00fc Anma, Gen\u00e7lik ve Spor Bayram\u0131\u2019nda da d\u00fczenleyerek bayram\u0131n co\u015fkusunu sokaklara ta\u015f\u0131d\u0131.<\/p>\n\n\n\n<p>Mersin Yeni\u015fehir Belediyesi taraf\u0131ndan organize edilen korteje T\u00fcrkiye Motosiklet Federasyonu Mersin \u0130l Temsilcili\u011fi, Mersin Motosiklet Spor Kul\u00fcb\u00fc, Mersin Bisiklet Derne\u011fi, Bisikletin Sultanlar\u0131 ve Mersin Motor Kul\u00fcb\u00fc Derne\u011fi \u00fcyeleri kat\u0131ld\u0131. &nbsp;Yeni\u015fehir Belediyesi Atat\u00fcrk K\u00fclt\u00fcr Merkezi \u00f6n\u00fcnde bulu\u015fan onlarca motosikletli,&nbsp; saat 19.19\u2019da mar\u015flar e\u015fli\u011finde \u015fehir turuna ba\u015flad\u0131. Yeni\u015fehir Belediyesinin \u00fcst\u00fc a\u00e7\u0131k otob\u00fcs\u00fc e\u015fli\u011finde, korteje kat\u0131lan motosiklet ve bisiklet tutkunlar\u0131, ara\u00e7lar\u0131n\u0131 bayraklar ve balonlarla s\u00fcsleyerek bayram co\u015fkusunu g\u00f6rsel bir \u015f\u00f6lene d\u00f6n\u00fc\u015ft\u00fcrd\u00fc.<\/p>\n\n\n\n<p>Motosikletliler, belirlenen g\u00fczergah boyunca \u015fehir merkezinde dola\u015farak bayram co\u015fkusunu Mersin halk\u0131yla payla\u015ft\u0131. Yeni\u015fehir halk\u0131, korteji b\u00fcy\u00fck bir co\u015fkuyla kar\u015f\u0131lad\u0131. Vatanda\u015flar, g\u00fczergah boyunca balkon ve pencerelerinden T\u00fcrk bayraklar\u0131 sallayarak ve alk\u0131\u015flarla korteje destek verdi. \u00d6zellikle \u00e7ocuklar\u0131n ve gen\u00e7lerin ilgisi, kortejin enerjisini daha da art\u0131rd\u0131.<\/p>\n\n\n\n<p>Kortejin biti\u015f noktas\u0131 olan \u00d6zgecan Aslan Meydan\u0131\u2019nda sayg\u0131 duru\u015funda bulunuldu ve hep bir a\u011f\u0131zdan \u0130stiklal Mar\u015f\u0131 okundu. Korteje kat\u0131lan co\u015fkulu kalabal\u0131\u011f\u0131n e\u015fli\u011finde ger\u00e7ekle\u015ftirilen DJ performans\u0131yla program sona erdi.<\/p>\n","protected":false},"excerpt":{"rendered":"<p>Mersin Yeni\u015fehir Belediyesi, ulusal bayramlarda gelenek haline getirdi\u011fi ara\u00e7l\u0131 \u015fehir kortejini 19 May\u0131s Atat\u00fcrk\u2019\u00fc Anma, Gen\u00e7lik ve Spor Bayram\u0131\u2019nda da d\u00fczenleyerek bayram\u0131n co\u015fkusunu sokaklara ta\u015f\u0131d\u0131. Mersin Yeni\u015fehir Belediyesi taraf\u0131ndan organize edilen korteje T\u00fcrkiye Motosiklet Federasyonu Mersin \u0130l Temsilcili\u011fi, Mersin Motosiklet Spor Kul\u00fcb\u00fc, Mersin Bisiklet Derne\u011fi, Bisikletin Sultanlar\u0131 ve Mersin Motor Kul\u00fcb\u00fc Derne\u011fi \u00fcyeleri kat\u0131ld\u0131. &nbsp;Yeni\u015fehir [&hellip;]<\/p>\n","protected":false},"author":2,"featured_media":42769,"comment_status":"closed","ping_status":"closed","sticky":false,"template":"","format":"standard","meta":{"footnotes":""},"categories":[3],"tags":[],"class_list":["post-42768","post","type-post","status-publish","format-standard","has-post-thumbnail","hentry","category-manset"],"views":3,"_links":{"self":[{"href":"https:\/\/mersinkadingazetesi.com\/index.php?rest_route=\/wp\/v2\/posts\/42768"}],"collection":[{"href":"https:\/\/mersinkadingazetesi.com\/index.php?rest_route=\/wp\/v2\/posts"}],"about":[{"href":"https:\/\/mersinkadingazetesi.com\/index.php?rest_route=\/wp\/v2\/types\/post"}],"author":[{"embeddable":true,"href":"https:\/\/mersinkadingazetesi.com\/index.php?rest_route=\/wp\/v2\/users\/2"}],"replies":[{"embeddable":true,"href":"https:\/\/mersinkadingazetesi.com\/index.php?rest_route=%2Fwp%2Fv2%2Fcomments&post=42768"}],"version-history":[{"count":1,"href":"https:\/\/mersinkadingazetesi.com\/index.php?rest_route=\/wp\/v2\/posts\/42768\/revisions"}],"predecessor-version":[{"id":42770,"href":"https:\/\/mersinkadingazetesi.com\/index.php?rest_route=\/wp\/v2\/posts\/42768\/revisions\/42770"}],"wp:featuredmedia":[{"embeddable":true,"href":"https:\/\/mersinkadingazetesi.com\/index.php?rest_route=\/wp\/v2\/media\/42769"}],"wp:attachment":[{"href":"https:\/\/mersinkadingazetesi.com\/index.php?rest_route=%2Fwp%2Fv2%2Fmedia&parent=42768"}],"wp:term":[{"taxonomy":"category","embeddable":true,"href":"https:\/\/mersinkadingazetesi.com\/index.php?rest_route=%2Fwp%2Fv2%2Fcategories&post=42768"},{"taxonomy":"post_tag","embeddable":true,"href":"https:\/\/mersinkadingazetesi.com\/index.php?rest_route=%2Fwp%2Fv2%2Ftags&post=42768"}],"curies":[{"name":"wp","href":"https:\/\/api.w.org\/{rel}","templated":true}]}}