{"id":42771,"date":"2025-05-20T13:35:02","date_gmt":"2025-05-20T10:35:02","guid":{"rendered":"https:\/\/mersinkadingazetesi.com\/?p=42771"},"modified":"2025-05-20T13:35:03","modified_gmt":"2025-05-20T10:35:03","slug":"mersin-slow-food-hareketiyle-saglikli-lezzetli-urunlere-kavusacak","status":"publish","type":"post","link":"https:\/\/mersinkadingazetesi.com\/?p=42771","title":{"rendered":"Mersin, &#8216;Slow Food Hareketi&#8217;yle sa\u011fl\u0131kl\u0131 lezzetli \u00fcr\u00fcnlere kavu\u015facak\u00a0"},"content":{"rendered":"\n<p>Mersin\u2019in tar\u0131msal \u00fcr\u00fcnlerinin s\u00fcrd\u00fcr\u00fclebilirli\u011fi, ata tohumlar\u0131n\u0131n yeniden canland\u0131r\u0131lmas\u0131 ve g\u0131da \u00fcr\u00fcnlerinin markala\u015fmas\u0131na katk\u0131 sunmak ad\u0131na \u2018Mersin Slow Food Hareketi\u2019 ba\u015flat\u0131lmas\u0131 karar\u0131 al\u0131nd\u0131. \u00c7al\u0131\u015fmalar sonunda Mersin \u00f6zelinde yeti\u015ftirilen tar\u0131m ve hayvanc\u0131l\u0131k \u00fcr\u00fcnleri tespit edilip sa\u011fl\u0131kl\u0131 \u00fcretim teknikleriyle s\u00fcrd\u00fcr\u00fclebilirli\u011fi sa\u011flanacak. Verilecek e\u011fitimlerle a\u015f\u00e7\u0131lar\u0131n yerel \u00fcr\u00fcnleri kullanarak y\u00f6resel yemekler haz\u0131rlamas\u0131 ve bu sa\u011fl\u0131kl\u0131 \u00fcr\u00fcnlerin t\u00fcketiciye ula\u015ft\u0131r\u0131lmas\u0131 desteklenecek. Sa\u011fl\u0131kl\u0131 yeti\u015ftirilen yerel \u00fcr\u00fcnler markala\u015ft\u0131r\u0131l\u0131p yery\u00fcz\u00fc pazarlar\u0131nda t\u00fcketicilerle bulu\u015fturulacak. Mersin iyi, temiz ve adil g\u0131daya ula\u015facak.<\/p>\n\n\n\n<p>Mersin Slow Food hareketini ba\u015flatmak i\u00e7in konunun taraflar\u0131 Mersin Ticaret ve Sanayi Odas\u0131 (MTSO) ev sahipli\u011finde bir araya geldi. MTSO Y\u00f6netim Kurulu Ba\u015fkan\u0131 Hakan Sefa \u00c7ak\u0131r, Uluslararas\u0131 Slow Food Hareketi T\u00fcrkiye Koordinat\u00f6r\u00fc ve Tarsus Slow Food Yery\u00fcz\u00fc Pazar\u0131 Derne\u011fi Ba\u015fkan\u0131 Yasmina Lokmano\u011flu koordinesinde ger\u00e7ekle\u015fen ilk toplant\u0131da konunun payda\u015flar\u0131na slow food hareketi tan\u0131t\u0131ld\u0131.\u00a0<\/p>\n\n\n\n<p><strong>\u00c7ak\u0131r: \u201cA\u015f\u00e7\u0131lara da b\u00fcy\u00fck g\u00f6rev d\u00fc\u015f\u00fcyor\u201d<\/strong><br>Bu hareketle Mersin\u2019in de\u011ferlerini d\u00fcnyaya g\u00f6sterme f\u0131rsat\u0131 olu\u015faca\u011f\u0131n\u0131 kaydeden MTSO Y\u00f6netim Kurulu Ba\u015fkan\u0131 Hakan Sefa \u00c7ak\u0131r, \u00e7ok heyecanl\u0131 olduklar\u0131n\u0131 s\u00f6yledi. B\u00f6yle bir hareketin Mersin\u2019in tan\u0131t\u0131m\u0131n\u0131 da g\u00fc\u00e7lendirece\u011fine inand\u0131\u011f\u0131n\u0131 kaydeden \u00c7ak\u0131r, \u201cB\u00f6lgemizin g\u00fczel yemeklerini, tar\u0131msal \u00fcr\u00fcnlerini modern d\u00fcnyayla birle\u015ftirilip s\u00fcrd\u00fcr\u00fclebilir \u00e7al\u0131\u015fmalar yapabiliriz\u201d dedi. Slow Food Hareketiyle kent halk\u0131n\u0131n Mersin\u2019in yerel \u00fcr\u00fcnlerini lezzetli ve sa\u011fl\u0131kl\u0131 \u015fekilde t\u00fcketmelerinin sa\u011flanacak olmas\u0131n\u0131 \u00f6nemsediklerini vurgulayan \u00c7ak\u0131r, burada \u00fcreticiler kadar bu harekete kat\u0131lan a\u015f\u00e7\u0131lara da b\u00fcy\u00fck g\u00f6rev d\u00fc\u015ft\u00fc\u011f\u00fcne i\u015faret etti. Projeye dahil edilen a\u015f\u00e7\u0131lar yard\u0131m\u0131yla lezzetli ve sa\u011fl\u0131kl\u0131 \u00fcr\u00fcnlerin Mersinli t\u00fcketicilerle bulu\u015fturulabilece\u011fini dile getirdi.&nbsp;<\/p>\n\n\n\n<p><strong>Lokmano\u011flu: \u201cHedef iyi, temiz ve adil g\u0131daya ula\u015fmak\u201d<\/strong><br>Slow Food\u2019un temel hedefinin herkesin iyi, temiz ve adil g\u0131daya ula\u015f\u0131m\u0131n\u0131 sa\u011flamak oldu\u011funu belirten Yasmina Lokmano\u011flu, ba\u015fta kaybolmaya y\u00fcz tutan y\u00f6resel tar\u0131msal \u00fcr\u00fcnlerin kaybolmas\u0131n\u0131 \u00f6nlemek, sa\u011fl\u0131kl\u0131 \u00fcretime destek vermek istediklerini vurgulad\u0131. Tarsus Yery\u00fcz\u00fc Pazar\u0131 ile \u00f6nemli ba\u015far\u0131lara imza att\u0131klar\u0131n\u0131 belirten Lokmano\u011flu, \u201cMersin bu hareketin geli\u015fmesine b\u00fcy\u00fck destek verdi. Art\u0131k kendi \u00e7izgisinde devam etsin istiyoruz. Hedefimiz 2026\u2019da \u0130talya\u2019da d\u00fczenlenecek Terra Madre Salone Del Gusto\u2019da bir T\u00fcrk stand\u0131 a\u00e7arak \u00fcr\u00fcnlerimizi tan\u0131tmak\u201d dedi.&nbsp;<br>Mersin \u00f6zelinde de\u011ferlendirmeler yap\u0131lan toplant\u0131 sonunda Mersin\u2019in bu hareketi hayata ge\u00e7irmek i\u00e7in \u00e7izece\u011fi yol haritas\u0131n\u0131 belirlemek i\u00e7in \u00f6nce kent tar\u0131m\u0131n\u0131n mevcut durumunu belirleyecek fizibilite \u00e7al\u0131\u015fmas\u0131 yap\u0131lmas\u0131 karar\u0131 al\u0131nd\u0131. Bu konuda ara\u015ft\u0131rmalar yapacak \u00e7al\u0131\u015fma gruplar\u0131 belirlendi.<\/p>\n","protected":false},"excerpt":{"rendered":"<p>Mersin\u2019in tar\u0131msal \u00fcr\u00fcnlerinin s\u00fcrd\u00fcr\u00fclebilirli\u011fi, ata tohumlar\u0131n\u0131n yeniden canland\u0131r\u0131lmas\u0131 ve g\u0131da \u00fcr\u00fcnlerinin markala\u015fmas\u0131na katk\u0131 sunmak ad\u0131na \u2018Mersin Slow Food Hareketi\u2019 ba\u015flat\u0131lmas\u0131 karar\u0131 al\u0131nd\u0131. \u00c7al\u0131\u015fmalar sonunda Mersin \u00f6zelinde yeti\u015ftirilen tar\u0131m ve hayvanc\u0131l\u0131k \u00fcr\u00fcnleri tespit edilip sa\u011fl\u0131kl\u0131 \u00fcretim teknikleriyle s\u00fcrd\u00fcr\u00fclebilirli\u011fi sa\u011flanacak. Verilecek e\u011fitimlerle a\u015f\u00e7\u0131lar\u0131n yerel \u00fcr\u00fcnleri kullanarak y\u00f6resel yemekler haz\u0131rlamas\u0131 ve bu sa\u011fl\u0131kl\u0131 \u00fcr\u00fcnlerin t\u00fcketiciye ula\u015ft\u0131r\u0131lmas\u0131 desteklenecek. Sa\u011fl\u0131kl\u0131 [&hellip;]<\/p>\n","protected":false},"author":2,"featured_media":42772,"comment_status":"closed","ping_status":"closed","sticky":false,"template":"","format":"standard","meta":{"footnotes":""},"categories":[3],"tags":[],"class_list":["post-42771","post","type-post","status-publish","format-standard","has-post-thumbnail","hentry","category-manset"],"views":3,"_links":{"self":[{"href":"https:\/\/mersinkadingazetesi.com\/index.php?rest_route=\/wp\/v2\/posts\/42771"}],"collection":[{"href":"https:\/\/mersinkadingazetesi.com\/index.php?rest_route=\/wp\/v2\/posts"}],"about":[{"href":"https:\/\/mersinkadingazetesi.com\/index.php?rest_route=\/wp\/v2\/types\/post"}],"author":[{"embeddable":true,"href":"https:\/\/mersinkadingazetesi.com\/index.php?rest_route=\/wp\/v2\/users\/2"}],"replies":[{"embeddable":true,"href":"https:\/\/mersinkadingazetesi.com\/index.php?rest_route=%2Fwp%2Fv2%2Fcomments&post=42771"}],"version-history":[{"count":1,"href":"https:\/\/mersinkadingazetesi.com\/index.php?rest_route=\/wp\/v2\/posts\/42771\/revisions"}],"predecessor-version":[{"id":42773,"href":"https:\/\/mersinkadingazetesi.com\/index.php?rest_route=\/wp\/v2\/posts\/42771\/revisions\/42773"}],"wp:featuredmedia":[{"embeddable":true,"href":"https:\/\/mersinkadingazetesi.com\/index.php?rest_route=\/wp\/v2\/media\/42772"}],"wp:attachment":[{"href":"https:\/\/mersinkadingazetesi.com\/index.php?rest_route=%2Fwp%2Fv2%2Fmedia&parent=42771"}],"wp:term":[{"taxonomy":"category","embeddable":true,"href":"https:\/\/mersinkadingazetesi.com\/index.php?rest_route=%2Fwp%2Fv2%2Fcategories&post=42771"},{"taxonomy":"post_tag","embeddable":true,"href":"https:\/\/mersinkadingazetesi.com\/index.php?rest_route=%2Fwp%2Fv2%2Ftags&post=42771"}],"curies":[{"name":"wp","href":"https:\/\/api.w.org\/{rel}","templated":true}]}}