{"id":42774,"date":"2025-05-20T13:39:14","date_gmt":"2025-05-20T10:39:14","guid":{"rendered":"https:\/\/mersinkadingazetesi.com\/?p=42774"},"modified":"2025-05-20T13:39:15","modified_gmt":"2025-05-20T10:39:15","slug":"carettalar-super-ligdeki-ilk-yilinda-basaridan-basariya-kostu","status":"publish","type":"post","link":"https:\/\/mersinkadingazetesi.com\/?p=42774","title":{"rendered":"CARETTALAR S\u00dcPER L\u0130G&#8217;DEK\u0130 \u0130LK YILINDA BA\u015eARIDAN BA\u015eARIYA KO\u015eTU"},"content":{"rendered":"\n<p>T\u00fcrkiye Sigorta Basketbol S\u00fcper Ligi 2024-2025 As\u0131m Pars Sezonu&#8217;nun son haftas\u0131nda Dar\u00fc\u015f\u015fafaka&#8217;y\u0131 105-86 yenerek play-off&#8217;a kalan Mersin Spor Kul\u00fcb\u00fc (MSK) Erkek Basketbol Tak\u0131m\u0131, sezon i\u00e7erisinde yakalad\u0131\u011f\u0131 ve basketbol camias\u0131n dahi beklemedi\u011fi ba\u015far\u0131lar ile Mersin&#8217;i Avrupa&#8217;da temsil etmeye hak kazand\u0131. Rakiplerine nazaran olduk\u00e7a m\u00fctevaz\u0131 bir b\u00fct\u00e7e ile S\u00fcper Lig&#8217;deki ilk y\u0131l\u0131nda ba\u015far\u0131dan ba\u015far\u0131ya ko\u015fan MSK, sezon ba\u015f\u0131nda kul\u00fcp y\u00f6neticileri ve teknik ekibin ortaya koydu\u011fu hedeflerin \u00e7ok \u00fcst\u00fcnde bir ba\u015far\u0131ya imza att\u0131.<\/p>\n\n\n\n<p>S\u00fcper Lig&#8217;deki ilk senesine&nbsp;<strong>&#8216;Hedef play-off&#8217;<\/strong>&nbsp;parolas\u0131 ile ba\u015flayan Mersin ekibinin, toplad\u0131\u011f\u0131 46 puanla s\u0131ralamada 6. olarak normal sezonu tamamlayan Carettalar, S\u00fcper Lig tarihinde de bir\u00e7ok&nbsp;<strong>&#8216;\u0130lk&#8217;<\/strong>e imza atarak ad\u0131n\u0131 tarihe yazd\u0131rd\u0131.&nbsp;<strong>&#8216;S\u00fcper lig&#8217;e \u00e7\u0131kt\u0131\u011f\u0131 ilk sezon play-off&#8217;a kalma&#8217;<\/strong>,&nbsp;<strong>&#8216;S\u00fcper Lig&#8217;e \u00e7\u0131kt\u0131\u011f\u0131 ilk sezon T\u00fcrkiye Kupas\u0131 play-off&#8217;una kalma&#8217;<\/strong>,&nbsp;<strong>&#8216;S\u00fcper Lig&#8217;e \u00e7\u0131kt\u0131\u011f\u0131 ilk sezon Avrupa Kupalar\u0131&#8217;na kat\u0131lma&#8217;<\/strong>&nbsp;gibi birbirinden \u00f6nemli ve de\u011ferli hedeflere ula\u015fan MSK,&nbsp;<strong>&#8216;Mersin&#8217;i Avrupa&#8217;da ilk kez temsil edecek olan erkek basketbol tak\u0131m\u0131&#8217;<\/strong>&nbsp;olma unvan\u0131n\u0131 da elde etti.<\/p>\n\n\n\n<p>Asba\u015fkan Do\u011fukan Uyan&#8217;\u0131n sezon ba\u015f\u0131nda yapt\u0131\u011f\u0131 a\u00e7\u0131klamalarda dile getirdi\u011fi,&nbsp;<strong>&#8220;Hedefimiz bu y\u0131l sezonu ilk 8 i\u00e7inde bitirerek, Mersin&#8217;i Avrupa&#8217;da temsil etmek&#8221;<\/strong>&nbsp;ve Ba\u015fantren\u00f6r Can Sevim&#8217;in&nbsp;<strong>&#8220;Hedefimiz play-off&#8221;<\/strong>&nbsp;beyanlar\u0131n\u0131n yerini buldu\u011fu kul\u00fcpte, taraftarlara verilen s\u00f6zlerin yerine getirilmesinin mutlulu\u011fu ya\u015fan\u0131yor.<\/p>\n\n\n\n<p><strong>Ba\u015fantren\u00f6r Sevim: &#8220;Play-off&#8217;ta olmay\u0131 hak ettik&#8221;<\/strong><\/p>\n\n\n\n<p>Ma\u00e7lar\u0131n\u0131 6 bin ki\u015fi kapasiteli Servet Tazeg\u00fcl Spor Salonu&#8217;nda oynayan Carettalar&#8217;\u0131n Ba\u015fantren\u00f6r\u00fc Can Sevim, Dar\u00fc\u015f\u015fafaka kar\u015f\u0131la\u015fmas\u0131n\u0131n ard\u0131ndan yapt\u0131\u011f\u0131 a\u00e7\u0131klamada zorlu bir sezonu play-off&#8217;a kalarak tamamlaman\u0131n hakl\u0131 mutlulu\u011funu ya\u015fad\u0131klar\u0131n\u0131 s\u00f6yledi. Sezon boyunca bu hedef i\u00e7in m\u00fccadele ettiklerini hat\u0131rlatan Sevim,&nbsp;<strong>&#8220;M\u00fccadelemizin kar\u015f\u0131l\u0131\u011f\u0131n\u0131 ald\u0131k. Do\u011frudan play-off&#8217;tay\u0131z. Zaman zaman zor g\u00fcnler ya\u015fad\u0131k, k\u00f6t\u00fc ma\u011flubiyetler ald\u0131k ama oyuncular\u0131m\u0131z her seferinde aya\u011fa kalkmas\u0131n\u0131 ve sahada canla ba\u015fla m\u00fccadele etmesini bildiler. Ger\u00e7ekten play-off&#8217;ta olmay\u0131 hak ettik&#8221;<\/strong>&nbsp;diye konu\u015ftu.<\/p>\n\n\n\n<p><strong>&#8220;En b\u00fcy\u00fck te\u015fekk\u00fcr taraftarlar\u0131m\u0131za&#8221;<\/strong><\/p>\n\n\n\n<p>Tak\u0131m\u0131n elde etti\u011fi ba\u015far\u0131da Mersin B\u00fcy\u00fck\u015fehir Belediye Ba\u015fkan\u0131 Vahap Se\u00e7er ba\u015fta olmak \u00fczere, Kul\u00fcp Ba\u015fkan\u0131 Berkay \u00dcst\u00fcnda\u011f ve Asba\u015fkan Do\u011fukan Uyan olmak \u00fczere t\u00fcm y\u00f6neticilerin deste\u011finin \u00e7ok \u00f6nemli oldu\u011funa dikkat \u00e7eken Sevim,&nbsp;<strong>&#8220;Herkese ayr\u0131 ayr\u0131 te\u015fekk\u00fcr ederim. Yard\u0131mc\u0131lar\u0131mdan malzemecimize kadar herkesin b\u00fcy\u00fck eme\u011fi oldu ama en b\u00fcy\u00fck te\u015fekk\u00fcr taraftarlar\u0131m\u0131za.&nbsp;<\/strong><strong>Bizi burada hi\u00e7bir ma\u00e7 yaln\u0131z b\u0131rakmad\u0131lar. En iyi deste\u011fi her zaman sa\u011flad\u0131lar. Biz de onlar i\u00e7in elimizden gelenin en iyisini yapt\u0131k&#8221;<\/strong>&nbsp;diye konu\u015ftu.<\/p>\n\n\n\n<p><strong>&#8220;\u015eehrimizi en iyi \u015fekilde temsil etmeye \u00e7al\u0131\u015faca\u011f\u0131z&#8221;<\/strong><\/p>\n\n\n\n<p>Art\u0131k play-off e\u015fle\u015fmesini bekleyeceklerini dile getiren Sevim,&nbsp;<strong>&#8220;Anadolu Efes &#8211; Be\u015fikta\u015f ma\u00e7\u0131n\u0131n sonucuna g\u00f6re kiminle e\u015fle\u015fti\u011fimizi g\u00f6rece\u011fiz ve haz\u0131rl\u0131klara ba\u015flayaca\u011f\u0131z. Orada da elimizden gelenin en iyisini yap\u0131p \u015fehrimizi en iyi \u015fekilde temsil etmeye \u00e7al\u0131\u015faca\u011f\u0131z&#8221;<\/strong>&nbsp;ifadelerini kulland\u0131.<\/p>\n","protected":false},"excerpt":{"rendered":"<p>T\u00fcrkiye Sigorta Basketbol S\u00fcper Ligi 2024-2025 As\u0131m Pars Sezonu&#8217;nun son haftas\u0131nda Dar\u00fc\u015f\u015fafaka&#8217;y\u0131 105-86 yenerek play-off&#8217;a kalan Mersin Spor Kul\u00fcb\u00fc (MSK) Erkek Basketbol Tak\u0131m\u0131, sezon i\u00e7erisinde yakalad\u0131\u011f\u0131 ve basketbol camias\u0131n dahi beklemedi\u011fi ba\u015far\u0131lar ile Mersin&#8217;i Avrupa&#8217;da temsil etmeye hak kazand\u0131. Rakiplerine nazaran olduk\u00e7a m\u00fctevaz\u0131 bir b\u00fct\u00e7e ile S\u00fcper Lig&#8217;deki ilk y\u0131l\u0131nda ba\u015far\u0131dan ba\u015far\u0131ya ko\u015fan MSK, sezon [&hellip;]<\/p>\n","protected":false},"author":2,"featured_media":42775,"comment_status":"closed","ping_status":"closed","sticky":false,"template":"","format":"standard","meta":{"footnotes":""},"categories":[3,10],"tags":[],"class_list":["post-42774","post","type-post","status-publish","format-standard","has-post-thumbnail","hentry","category-manset","category-spor"],"views":3,"_links":{"self":[{"href":"https:\/\/mersinkadingazetesi.com\/index.php?rest_route=\/wp\/v2\/posts\/42774"}],"collection":[{"href":"https:\/\/mersinkadingazetesi.com\/index.php?rest_route=\/wp\/v2\/posts"}],"about":[{"href":"https:\/\/mersinkadingazetesi.com\/index.php?rest_route=\/wp\/v2\/types\/post"}],"author":[{"embeddable":true,"href":"https:\/\/mersinkadingazetesi.com\/index.php?rest_route=\/wp\/v2\/users\/2"}],"replies":[{"embeddable":true,"href":"https:\/\/mersinkadingazetesi.com\/index.php?rest_route=%2Fwp%2Fv2%2Fcomments&post=42774"}],"version-history":[{"count":1,"href":"https:\/\/mersinkadingazetesi.com\/index.php?rest_route=\/wp\/v2\/posts\/42774\/revisions"}],"predecessor-version":[{"id":42776,"href":"https:\/\/mersinkadingazetesi.com\/index.php?rest_route=\/wp\/v2\/posts\/42774\/revisions\/42776"}],"wp:featuredmedia":[{"embeddable":true,"href":"https:\/\/mersinkadingazetesi.com\/index.php?rest_route=\/wp\/v2\/media\/42775"}],"wp:attachment":[{"href":"https:\/\/mersinkadingazetesi.com\/index.php?rest_route=%2Fwp%2Fv2%2Fmedia&parent=42774"}],"wp:term":[{"taxonomy":"category","embeddable":true,"href":"https:\/\/mersinkadingazetesi.com\/index.php?rest_route=%2Fwp%2Fv2%2Fcategories&post=42774"},{"taxonomy":"post_tag","embeddable":true,"href":"https:\/\/mersinkadingazetesi.com\/index.php?rest_route=%2Fwp%2Fv2%2Ftags&post=42774"}],"curies":[{"name":"wp","href":"https:\/\/api.w.org\/{rel}","templated":true}]}}