{"id":51311,"date":"2026-03-13T15:02:29","date_gmt":"2026-03-13T12:02:29","guid":{"rendered":"https:\/\/mersinkadingazetesi.com\/?p=51311"},"modified":"2026-03-13T15:02:30","modified_gmt":"2026-03-13T12:02:30","slug":"mesiaddan-mersin-deniz-ticaret-odasina-ziyaret","status":"publish","type":"post","link":"https:\/\/mersinkadingazetesi.com\/?p=51311","title":{"rendered":"MES\u0130AD\u2019DAN MERS\u0130N DEN\u0130Z T\u0130CARET ODASI\u2019NA Z\u0130YARET"},"content":{"rendered":"\n<p>Mersin Sanayicileri ve \u0130\u015f \u0130nsanlar\u0131 Derne\u011fi (MES\u0130AD) Y\u00f6netim Kurulu, Mersin Deniz Ticaret Odas\u0131 Ba\u015fkan\u0131 Cihat Lokmano\u011flu ve Fuat Gedik Pa\u015fa\u2019y\u0131 ziyaret etti.<\/p>\n\n\n\n<p>Ger\u00e7ekle\u015fen ziyarette MES\u0130AD Ba\u015fkan\u0131 Adnan G\u00fcndo\u011fdu\u2019ya Ba\u015fkan Yard\u0131mc\u0131lar\u0131 Servet \u00c7amurda\u015f ve Ayla G\u00fcndo\u011fdu ile Y\u00f6netim Kurulu \u00dcyeleri Melike Ku\u015fcu ve Devlet \u00d6zkan e\u015flik etti.<\/p>\n\n\n\n<p>Ziyarette Mersin\u2019in ekonomik geli\u015fimi ve i\u015f d\u00fcnyas\u0131n\u0131n g\u00fcncel konular\u0131na ili\u015fkin kar\u015f\u0131l\u0131kl\u0131 g\u00f6r\u00fc\u015f al\u0131\u015fveri\u015finde bulunuldu. Ayr\u0131ca Ba\u015fkan Adnan G\u00fcndo\u011fdu, MES\u0130AD taraf\u0131ndan bu y\u0131l d\u00fczenlenecek olan \u201c14. Y\u0131l\u0131n \u0130\u015f \u0130nsanlar\u0131 \u00d6d\u00fcl T\u00f6reni\u201d hakk\u0131nda Cihat Lokmano\u011flu\u2019na bilgi verdi.<\/p>\n\n\n\n<p>MES\u0130AD heyeti, Cihat Lokmano\u011flu ve Fuat Gedik Pa\u015fa\u2019ya kente katt\u0131klar\u0131 de\u011ferler i\u00e7in te\u015fekk\u00fcrlerini iletti.<\/p>\n","protected":false},"excerpt":{"rendered":"<p>Mersin Sanayicileri ve \u0130\u015f \u0130nsanlar\u0131 Derne\u011fi (MES\u0130AD) Y\u00f6netim Kurulu, Mersin Deniz Ticaret Odas\u0131 Ba\u015fkan\u0131 Cihat Lokmano\u011flu ve Fuat Gedik Pa\u015fa\u2019y\u0131 ziyaret etti. Ger\u00e7ekle\u015fen ziyarette MES\u0130AD Ba\u015fkan\u0131 Adnan G\u00fcndo\u011fdu\u2019ya Ba\u015fkan Yard\u0131mc\u0131lar\u0131 Servet \u00c7amurda\u015f ve Ayla G\u00fcndo\u011fdu ile Y\u00f6netim Kurulu \u00dcyeleri Melike Ku\u015fcu ve Devlet \u00d6zkan e\u015flik etti. Ziyarette Mersin\u2019in ekonomik geli\u015fimi ve i\u015f d\u00fcnyas\u0131n\u0131n g\u00fcncel konular\u0131na [&hellip;]<\/p>\n","protected":false},"author":2,"featured_media":51312,"comment_status":"closed","ping_status":"closed","sticky":false,"template":"","format":"standard","meta":{"footnotes":""},"categories":[3],"tags":[],"class_list":["post-51311","post","type-post","status-publish","format-standard","has-post-thumbnail","hentry","category-manset"],"views":3,"_links":{"self":[{"href":"https:\/\/mersinkadingazetesi.com\/index.php?rest_route=\/wp\/v2\/posts\/51311"}],"collection":[{"href":"https:\/\/mersinkadingazetesi.com\/index.php?rest_route=\/wp\/v2\/posts"}],"about":[{"href":"https:\/\/mersinkadingazetesi.com\/index.php?rest_route=\/wp\/v2\/types\/post"}],"author":[{"embeddable":true,"href":"https:\/\/mersinkadingazetesi.com\/index.php?rest_route=\/wp\/v2\/users\/2"}],"replies":[{"embeddable":true,"href":"https:\/\/mersinkadingazetesi.com\/index.php?rest_route=%2Fwp%2Fv2%2Fcomments&post=51311"}],"version-history":[{"count":1,"href":"https:\/\/mersinkadingazetesi.com\/index.php?rest_route=\/wp\/v2\/posts\/51311\/revisions"}],"predecessor-version":[{"id":51313,"href":"https:\/\/mersinkadingazetesi.com\/index.php?rest_route=\/wp\/v2\/posts\/51311\/revisions\/51313"}],"wp:featuredmedia":[{"embeddable":true,"href":"https:\/\/mersinkadingazetesi.com\/index.php?rest_route=\/wp\/v2\/media\/51312"}],"wp:attachment":[{"href":"https:\/\/mersinkadingazetesi.com\/index.php?rest_route=%2Fwp%2Fv2%2Fmedia&parent=51311"}],"wp:term":[{"taxonomy":"category","embeddable":true,"href":"https:\/\/mersinkadingazetesi.com\/index.php?rest_route=%2Fwp%2Fv2%2Fcategories&post=51311"},{"taxonomy":"post_tag","embeddable":true,"href":"https:\/\/mersinkadingazetesi.com\/index.php?rest_route=%2Fwp%2Fv2%2Ftags&post=51311"}],"curies":[{"name":"wp","href":"https:\/\/api.w.org\/{rel}","templated":true}]}}