{"id":51314,"date":"2026-03-13T16:56:03","date_gmt":"2026-03-13T13:56:03","guid":{"rendered":"https:\/\/mersinkadingazetesi.com\/?p=51314"},"modified":"2026-03-13T16:56:04","modified_gmt":"2026-03-13T13:56:04","slug":"mesiaddan-mersin-ticaret-borsasina-ziyaret","status":"publish","type":"post","link":"https:\/\/mersinkadingazetesi.com\/?p=51314","title":{"rendered":"MES\u0130AD\u2019DAN MERS\u0130N T\u0130CARET BORSASI\u2019NA Z\u0130YARET"},"content":{"rendered":"\n<p>Mersin Sanayicileri ve \u0130\u015f \u0130nsanlar\u0131 Derne\u011fi (MES\u0130AD) Y\u00f6netim Kurulu, Mersin Ticaret Borsas\u0131 Ba\u015fkan\u0131 Abdullah \u00d6zdemir\u2019i ziyaret etti. Ziyarette MES\u0130AD Ba\u015fkan\u0131 Adnan G\u00fcndo\u011fdu\u2019ya Ba\u015fkan Yard\u0131mc\u0131s\u0131 Servet \u00c7amurda\u015f, Genel Sekreter Ayten Aslankan ile Y\u00f6netim Kurulu \u00dcyeleri Devlet \u00d6zkan ve Mahmut Kaya e\u015flik etti.<\/p>\n\n\n\n<p>Ziyaret kapsam\u0131nda Mersin\u2019in ekonomik geli\u015fimi, tar\u0131m ve sanayi sekt\u00f6rleri aras\u0131ndaki i\u015f birli\u011fi ve b\u00f6lge ekonomisine katk\u0131 sa\u011flayacak \u00e7al\u0131\u015fmalar \u00fczerine g\u00f6r\u00fc\u015f al\u0131\u015fveri\u015finde bulunuldu. Ayr\u0131ca Ba\u015fkan Adnan G\u00fcndo\u011fdu, Mersin Ticaret Borsas\u0131 Ba\u015fkan\u0131&nbsp; Abdullah \u00d6zdemir\u2019e MES\u0130AD taraf\u0131ndan bu y\u0131l d\u00fczenlenecek olan 14. Y\u0131l\u0131n \u0130\u015f \u0130nsanlar\u0131 \u00d6d\u00fcl T\u00f6reni hakk\u0131nda bilgiler aktard\u0131.<\/p>\n\n\n\n<p>MES\u0130AD Ba\u015fkan\u0131 Adnan G\u00fcndo\u011fdu ise Abdullah \u00d6zdemir\u2019e kente katm\u0131\u015f oldu\u011fu de\u011ferler i\u00e7in te\u015fekk\u00fcrlerini iletti. Mersin Ticaret Borsas\u0131 Ba\u015fkan\u0131 Abdullah \u00d6zdemir de ziyaretten duydu\u011fu memnuniyeti dile getirerek, kent ekonomisinin geli\u015fmesine katk\u0131 sa\u011flayacak her t\u00fcrl\u00fc i\u015f birli\u011fine a\u00e7\u0131k olduklar\u0131n\u0131 ifade etti.<\/p>\n","protected":false},"excerpt":{"rendered":"<p>Mersin Sanayicileri ve \u0130\u015f \u0130nsanlar\u0131 Derne\u011fi (MES\u0130AD) Y\u00f6netim Kurulu, Mersin Ticaret Borsas\u0131 Ba\u015fkan\u0131 Abdullah \u00d6zdemir\u2019i ziyaret etti. Ziyarette MES\u0130AD Ba\u015fkan\u0131 Adnan G\u00fcndo\u011fdu\u2019ya Ba\u015fkan Yard\u0131mc\u0131s\u0131 Servet \u00c7amurda\u015f, Genel Sekreter Ayten Aslankan ile Y\u00f6netim Kurulu \u00dcyeleri Devlet \u00d6zkan ve Mahmut Kaya e\u015flik etti. Ziyaret kapsam\u0131nda Mersin\u2019in ekonomik geli\u015fimi, tar\u0131m ve sanayi sekt\u00f6rleri aras\u0131ndaki i\u015f birli\u011fi ve b\u00f6lge [&hellip;]<\/p>\n","protected":false},"author":2,"featured_media":51315,"comment_status":"closed","ping_status":"closed","sticky":false,"template":"","format":"standard","meta":{"footnotes":""},"categories":[3,5],"tags":[],"class_list":["post-51314","post","type-post","status-publish","format-standard","has-post-thumbnail","hentry","category-manset","category-mersin"],"views":7,"_links":{"self":[{"href":"https:\/\/mersinkadingazetesi.com\/index.php?rest_route=\/wp\/v2\/posts\/51314"}],"collection":[{"href":"https:\/\/mersinkadingazetesi.com\/index.php?rest_route=\/wp\/v2\/posts"}],"about":[{"href":"https:\/\/mersinkadingazetesi.com\/index.php?rest_route=\/wp\/v2\/types\/post"}],"author":[{"embeddable":true,"href":"https:\/\/mersinkadingazetesi.com\/index.php?rest_route=\/wp\/v2\/users\/2"}],"replies":[{"embeddable":true,"href":"https:\/\/mersinkadingazetesi.com\/index.php?rest_route=%2Fwp%2Fv2%2Fcomments&post=51314"}],"version-history":[{"count":1,"href":"https:\/\/mersinkadingazetesi.com\/index.php?rest_route=\/wp\/v2\/posts\/51314\/revisions"}],"predecessor-version":[{"id":51316,"href":"https:\/\/mersinkadingazetesi.com\/index.php?rest_route=\/wp\/v2\/posts\/51314\/revisions\/51316"}],"wp:featuredmedia":[{"embeddable":true,"href":"https:\/\/mersinkadingazetesi.com\/index.php?rest_route=\/wp\/v2\/media\/51315"}],"wp:attachment":[{"href":"https:\/\/mersinkadingazetesi.com\/index.php?rest_route=%2Fwp%2Fv2%2Fmedia&parent=51314"}],"wp:term":[{"taxonomy":"category","embeddable":true,"href":"https:\/\/mersinkadingazetesi.com\/index.php?rest_route=%2Fwp%2Fv2%2Fcategories&post=51314"},{"taxonomy":"post_tag","embeddable":true,"href":"https:\/\/mersinkadingazetesi.com\/index.php?rest_route=%2Fwp%2Fv2%2Ftags&post=51314"}],"curies":[{"name":"wp","href":"https:\/\/api.w.org\/{rel}","templated":true}]}}