{"id":51337,"date":"2026-03-14T16:33:03","date_gmt":"2026-03-14T13:33:03","guid":{"rendered":"https:\/\/mersinkadingazetesi.com\/?p=51337"},"modified":"2026-03-14T16:33:04","modified_gmt":"2026-03-14T13:33:04","slug":"ozdemirci-cevre-sehircilik-ve-iklim-degisikligi-il-muduru-hasan-alana-iadeiziyarette-bulundu","status":"publish","type":"post","link":"https:\/\/mersinkadingazetesi.com\/?p=51337","title":{"rendered":"\u00d6ZDEM\u0130RC\u0130; \u00c7EVRE, \u015eEH\u0130RC\u0130L\u0130K VE \u0130KL\u0130M DE\u011e\u0130\u015e\u0130KL\u0130\u011e\u0130 \u0130L M\u00dcD\u00dcR\u00dc HASAN ALAN&#8217;A \u0130ADE\u0130Z\u0130YARETTE BULUNDU\u00a0"},"content":{"rendered":"\n<p>\u0130l Mill\u00ee E\u011fitim M\u00fcd\u00fcr\u00fc Muhammed \u00d6zdemirci; \u00c7evre, \u015eehircilik ve \u0130klim De\u011fi\u015fikli\u011fi \u0130l M\u00fcd\u00fcr\u00fc Hasan Alan&#8217;a, iadeiziyarette bulundu. Ziyarette \u00e7evre bilinci, e\u011fitim yat\u0131r\u0131mlar\u0131 ve kurumlar aras\u0131 i\u015f birli\u011fi projeleriyle ilgili kar\u015f\u0131l\u0131kl\u0131 isti\u015farelerde bulunuldu.<\/p>\n\n\n\n<p>\u0130l Mill\u00ee E\u011fitim M\u00fcd\u00fcr\u00fc Muhammed \u00d6zdemirci&#8217;nin \u00c7evre, \u015eehircilik ve \u0130klim De\u011fi\u015fikli\u011fi \u0130l M\u00fcd\u00fcr\u00fc Hasan Alan&#8217;a ger\u00e7ekle\u015ftirdi\u011fi ziyaret s\u0131ras\u0131nda, okullardaki \u00e7evre bilincinin art\u0131r\u0131lmas\u0131, s\u0131f\u0131r at\u0131k projeleri ve e\u011fitim kurumlar\u0131n\u0131n fiziksel altyap\u0131 s\u00fcre\u00e7leri gibi ortak \u00e7al\u0131\u015fma alanlar\u0131 \u00fczerine g\u00f6r\u00fc\u015f al\u0131\u015fveri\u015finde bulunuldu.<\/p>\n\n\n\n<p>Muhammed \u00d6zdemirci, Mersin&#8217;in e\u011fitim standartlar\u0131n\u0131 y\u00fckseltmek ve \u00e7evre dostu nesiller yeti\u015ftirmek ad\u0131na kurumlar aras\u0131 e\u015f g\u00fcd\u00fcm\u00fcn \u00f6nemine de\u011finerek misafirperverli\u011finden dolay\u0131 Hasan Alan&#8217;a te\u015fekk\u00fcr etti.<\/p>\n\n\n\n<p>Hasan Alan ise ziyaretten duydu\u011fu memnuniyeti dile getirerek nazik ziyareti i\u00e7in \u00d6zdemirci&#8217;ye te\u015fekk\u00fcrlerini iletti.<\/p>\n","protected":false},"excerpt":{"rendered":"<p>\u0130l Mill\u00ee E\u011fitim M\u00fcd\u00fcr\u00fc Muhammed \u00d6zdemirci; \u00c7evre, \u015eehircilik ve \u0130klim De\u011fi\u015fikli\u011fi \u0130l M\u00fcd\u00fcr\u00fc Hasan Alan&#8217;a, iadeiziyarette bulundu. Ziyarette \u00e7evre bilinci, e\u011fitim yat\u0131r\u0131mlar\u0131 ve kurumlar aras\u0131 i\u015f birli\u011fi projeleriyle ilgili kar\u015f\u0131l\u0131kl\u0131 isti\u015farelerde bulunuldu. \u0130l Mill\u00ee E\u011fitim M\u00fcd\u00fcr\u00fc Muhammed \u00d6zdemirci&#8217;nin \u00c7evre, \u015eehircilik ve \u0130klim De\u011fi\u015fikli\u011fi \u0130l M\u00fcd\u00fcr\u00fc Hasan Alan&#8217;a ger\u00e7ekle\u015ftirdi\u011fi ziyaret s\u0131ras\u0131nda, okullardaki \u00e7evre bilincinin art\u0131r\u0131lmas\u0131, s\u0131f\u0131r [&hellip;]<\/p>\n","protected":false},"author":2,"featured_media":51338,"comment_status":"closed","ping_status":"closed","sticky":false,"template":"","format":"standard","meta":{"footnotes":""},"categories":[3],"tags":[],"class_list":["post-51337","post","type-post","status-publish","format-standard","has-post-thumbnail","hentry","category-manset"],"views":3,"_links":{"self":[{"href":"https:\/\/mersinkadingazetesi.com\/index.php?rest_route=\/wp\/v2\/posts\/51337"}],"collection":[{"href":"https:\/\/mersinkadingazetesi.com\/index.php?rest_route=\/wp\/v2\/posts"}],"about":[{"href":"https:\/\/mersinkadingazetesi.com\/index.php?rest_route=\/wp\/v2\/types\/post"}],"author":[{"embeddable":true,"href":"https:\/\/mersinkadingazetesi.com\/index.php?rest_route=\/wp\/v2\/users\/2"}],"replies":[{"embeddable":true,"href":"https:\/\/mersinkadingazetesi.com\/index.php?rest_route=%2Fwp%2Fv2%2Fcomments&post=51337"}],"version-history":[{"count":1,"href":"https:\/\/mersinkadingazetesi.com\/index.php?rest_route=\/wp\/v2\/posts\/51337\/revisions"}],"predecessor-version":[{"id":51339,"href":"https:\/\/mersinkadingazetesi.com\/index.php?rest_route=\/wp\/v2\/posts\/51337\/revisions\/51339"}],"wp:featuredmedia":[{"embeddable":true,"href":"https:\/\/mersinkadingazetesi.com\/index.php?rest_route=\/wp\/v2\/media\/51338"}],"wp:attachment":[{"href":"https:\/\/mersinkadingazetesi.com\/index.php?rest_route=%2Fwp%2Fv2%2Fmedia&parent=51337"}],"wp:term":[{"taxonomy":"category","embeddable":true,"href":"https:\/\/mersinkadingazetesi.com\/index.php?rest_route=%2Fwp%2Fv2%2Fcategories&post=51337"},{"taxonomy":"post_tag","embeddable":true,"href":"https:\/\/mersinkadingazetesi.com\/index.php?rest_route=%2Fwp%2Fv2%2Ftags&post=51337"}],"curies":[{"name":"wp","href":"https:\/\/api.w.org\/{rel}","templated":true}]}}