{"id":52418,"date":"2026-04-26T10:02:00","date_gmt":"2026-04-26T07:02:00","guid":{"rendered":"https:\/\/mersinkadingazetesi.com\/?p=52418"},"modified":"2026-04-26T10:02:01","modified_gmt":"2026-04-26T07:02:01","slug":"buyuksehirin-muzik-atolyesi-ile-ozel-gereksinimli-bireyler-ritim-ve-nota-ogreniyor","status":"publish","type":"post","link":"https:\/\/mersinkadingazetesi.com\/?p=52418","title":{"rendered":"B\u00dcY\u00dcK\u015eEH\u0130R&#8217;\u0130N M\u00dcZ\u0130K AT\u00d6LYES\u0130 \u0130LE \u00d6ZEL GEREKS\u0130N\u0130ML\u0130 B\u0130REYLER R\u0130T\u0130M VE NOTA \u00d6\u011eREN\u0130YOR"},"content":{"rendered":"\n<p>Mersin B\u00fcy\u00fck\u015fehir Belediyesi Engelsiz Ya\u015fam Merkezi&#8217;nde d\u00fczenlenen M\u00fczik At\u00f6lyesi&#8217;nde \u00f6zel gereksinimli bireyler, hem ritim ve nota \u00f6\u011freniyor hem de e\u011flenerek kendilerini ifade ediyor. \u00d6zel gereksinimli bireylerin sosyal, k\u00fclt\u00fcrel ve sportif faaliyetlerini s\u00fcrd\u00fcrebilmeleri i\u00e7in kurulan Engelsiz Ya\u015fam Merkezi, \u00f6zel gereksinimli birey ve ailelerin hayatlar\u0131na bu kez de m\u00fczi\u011fin t\u0131n\u0131s\u0131yla dokunuyor.<\/p>\n\n\n\n<p>Sa\u011fl\u0131k Hizmetleri Dairesi Ba\u015fkanl\u0131\u011f\u0131&#8217;na ba\u011fl\u0131 Engelliler \u015eube M\u00fcd\u00fcrl\u00fc\u011f\u00fc b\u00fcnyesinde faaliyet g\u00f6steren Engelsiz Ya\u015fam Merkezi&#8217;ndeki M\u00fczik At\u00f6lyesi, \u00f6zel gereksinimli bireylerin geli\u015fimine katk\u0131 sunarken keyifli vakit ge\u00e7irebilecekleri bir ortam da yarat\u0131yor. Yakla\u015f\u0131k 6 ayd\u0131r devam eden at\u00f6lyede \u00e7ocuklar; davul, def, marakas ve ritim \u00e7ubuklar\u0131yla m\u00fczikle tan\u0131\u015f\u0131rken, ayn\u0131 zamanda nota bilgisi ve ritim duygusu kazan\u0131yor.<\/p>\n\n\n\n<p>Can: &#8220;M\u00fczik At\u00f6lyesi&#8217;nde \u00e7ocuklar s\u00fcrece h\u0131zl\u0131 adapte oluyor&#8221;<\/p>\n\n\n\n<p>Engelsiz Ya\u015fam Merkezi M\u00fczik At\u00f6lyesi&#8217;nde g\u00f6revli M\u00fczik \u00d6\u011fretmeni B\u00fc\u015fra Can, \u00e7ocuklar\u0131n s\u00fcrece h\u0131zl\u0131 adapte oldu\u011funu belirterek, &#8220;Her ge\u00e7en g\u00fcn biraz daha ilerliyorlar. \u0130lk ba\u015flad\u0131klar\u0131nda enstr\u00fcmanlar\u0131 tan\u0131maya \u00e7al\u0131\u015f\u0131yorlard\u0131. \u015eimdi ise ritimleri ve notalar\u0131 ay\u0131rt edebiliyor, hangi par\u00e7an\u0131n neresinde, hangi nota oldu\u011funu biliyorlar&#8221; dedi.<\/p>\n\n\n\n<p>At\u00f6lyede sadece m\u00fczik e\u011fitimi verilmedi\u011fine de dikkat \u00e7eken Can, &#8220;At\u00f6lyede daha \u00e7ok ritim \u00fczerine \u00e7al\u0131\u015f\u0131yoruz. Davul, &#8216;cajon&#8217;, def, zil, marakas ve ritim \u00e7ubuklar\u0131 ile \u00e7al\u0131\u015fmalar s\u00fcrd\u00fcr\u00fcyoruz. \u00c7ocuklar hem \u015fark\u0131 s\u00f6yleyerek hem de notalar\u0131 \u00f6\u011frenerek pop, arabesk ve halk m\u00fczi\u011fi gibi t\u00fcrler hakk\u0131nda da bilgi sahibi oluyor&#8221; diye konu\u015ftu. Can, M\u00fczik At\u00f6lyesi ile \u00f6zel gereksinimli \u00e7ocuklar\u0131n bili\u015fsel, duygusal ve psikomotor geli\u015fimlerine katk\u0131 sa\u011flad\u0131klar\u0131n\u0131n da alt\u0131n\u0131 \u00e7izdi.<\/p>\n\n\n\n<p>\u00d6zel gereksinimli bireyler, m\u00fczi\u011fin ritmiyle sosyal beceriler kazan\u0131yor<\/p>\n\n\n\n<p>At\u00f6lyeye kat\u0131lan \u00e7ocuklar da m\u00fczikle i\u00e7 i\u00e7e olmaktan duyduklar\u0131 mutlulu\u011fu payla\u015ft\u0131. Kat\u0131l\u0131mc\u0131lardan B\u00fc\u015fra G\u00fcne\u015f, M\u00fczik At\u00f6lyesi&#8217;nin kendisi i\u00e7in \u00e7ok de\u011ferli oldu\u011funu ifade ederek, &#8220;At\u00f6lyede \u00e7alg\u0131lar \u00e7ald\u0131k, ritim tutup e\u011flendik. B\u00fc\u015fra \u00f6\u011fretmenimizi de \u00e7ok seviyoruz&#8221; diye konu\u015ftu.<\/p>\n\n\n\n<p>Furkan Kurt &#8220;Burada m\u00fczik yap\u0131yor ve \u00e7ok e\u011fleniyoruz. Ben ritim \u00e7ubuklar\u0131yla ritim tutuyorum ve def \u00e7al\u0131yorum. &#8216;Antep&#8217;in Hamamlar\u0131&#8217;, &#8216;Bir Elman\u0131n Yar\u0131s\u0131&#8217; ve &#8216;Yaz Dostum&#8217; \u015fark\u0131lar\u0131n\u0131 \u00f6\u011frendik. Arkada\u015flar\u0131mla vakit ge\u00e7irmek \u00e7ok g\u00fczel. M\u00fczik \u00f6\u011fretmenimiz de bizi \u00e7al\u0131\u015ft\u0131r\u0131yor ve e\u011flendiriyor, onu da \u00e7ok seviyorum&#8221; diye belirtti.<\/p>\n\n\n\n<p>Kat\u0131l\u0131mc\u0131lardan \u0130layda Kaplan da at\u00f6lyede darbuka \u00e7almay\u0131 \u00f6\u011frendi\u011fini belirterek &#8220;\u00c7ok e\u011fleniyor, m\u00fczik yap\u0131yor, \u00f6\u011fretmenimizle sohbet ediyoruz. Burada olmaktan \u00e7ok mutluyum&#8221; dedi.<\/p>\n","protected":false},"excerpt":{"rendered":"<p>Mersin B\u00fcy\u00fck\u015fehir Belediyesi Engelsiz Ya\u015fam Merkezi&#8217;nde d\u00fczenlenen M\u00fczik At\u00f6lyesi&#8217;nde \u00f6zel gereksinimli bireyler, hem ritim ve nota \u00f6\u011freniyor hem de e\u011flenerek kendilerini ifade ediyor. \u00d6zel gereksinimli bireylerin sosyal, k\u00fclt\u00fcrel ve sportif faaliyetlerini s\u00fcrd\u00fcrebilmeleri i\u00e7in kurulan Engelsiz Ya\u015fam Merkezi, \u00f6zel gereksinimli birey ve ailelerin hayatlar\u0131na bu kez de m\u00fczi\u011fin t\u0131n\u0131s\u0131yla dokunuyor. Sa\u011fl\u0131k Hizmetleri Dairesi Ba\u015fkanl\u0131\u011f\u0131&#8217;na ba\u011fl\u0131 Engelliler [&hellip;]<\/p>\n","protected":false},"author":2,"featured_media":52419,"comment_status":"closed","ping_status":"closed","sticky":false,"template":"","format":"standard","meta":{"footnotes":""},"categories":[3],"tags":[],"class_list":["post-52418","post","type-post","status-publish","format-standard","has-post-thumbnail","hentry","category-manset"],"views":2,"_links":{"self":[{"href":"https:\/\/mersinkadingazetesi.com\/index.php?rest_route=\/wp\/v2\/posts\/52418"}],"collection":[{"href":"https:\/\/mersinkadingazetesi.com\/index.php?rest_route=\/wp\/v2\/posts"}],"about":[{"href":"https:\/\/mersinkadingazetesi.com\/index.php?rest_route=\/wp\/v2\/types\/post"}],"author":[{"embeddable":true,"href":"https:\/\/mersinkadingazetesi.com\/index.php?rest_route=\/wp\/v2\/users\/2"}],"replies":[{"embeddable":true,"href":"https:\/\/mersinkadingazetesi.com\/index.php?rest_route=%2Fwp%2Fv2%2Fcomments&post=52418"}],"version-history":[{"count":1,"href":"https:\/\/mersinkadingazetesi.com\/index.php?rest_route=\/wp\/v2\/posts\/52418\/revisions"}],"predecessor-version":[{"id":52420,"href":"https:\/\/mersinkadingazetesi.com\/index.php?rest_route=\/wp\/v2\/posts\/52418\/revisions\/52420"}],"wp:featuredmedia":[{"embeddable":true,"href":"https:\/\/mersinkadingazetesi.com\/index.php?rest_route=\/wp\/v2\/media\/52419"}],"wp:attachment":[{"href":"https:\/\/mersinkadingazetesi.com\/index.php?rest_route=%2Fwp%2Fv2%2Fmedia&parent=52418"}],"wp:term":[{"taxonomy":"category","embeddable":true,"href":"https:\/\/mersinkadingazetesi.com\/index.php?rest_route=%2Fwp%2Fv2%2Fcategories&post=52418"},{"taxonomy":"post_tag","embeddable":true,"href":"https:\/\/mersinkadingazetesi.com\/index.php?rest_route=%2Fwp%2Fv2%2Ftags&post=52418"}],"curies":[{"name":"wp","href":"https:\/\/api.w.org\/{rel}","templated":true}]}}