{"id":52430,"date":"2026-04-27T13:30:27","date_gmt":"2026-04-27T10:30:27","guid":{"rendered":"https:\/\/mersinkadingazetesi.com\/?p=52430"},"modified":"2026-04-27T13:30:28","modified_gmt":"2026-04-27T10:30:28","slug":"erdemlide-4-kitap-ve-edebiyat-gunleri-yogun-ilgiyle-tamamlandi","status":"publish","type":"post","link":"https:\/\/mersinkadingazetesi.com\/?p=52430","title":{"rendered":"Erdemli&#8217;de 4. Kitap ve Edebiyat G\u00fcnleri Yo\u011fun \u0130lgiyle Tamamland\u0131"},"content":{"rendered":"\n<p>Erdemli il\u00e7esinde bu y\u0131l d\u00f6rd\u00fcnc\u00fcs\u00fc ger\u00e7ekle\u015ftirilen Kitap ve Edebiyat G\u00fcnleri, yo\u011fun kat\u0131l\u0131m ve zengin program\u0131yla tamamland\u0131. \u0130lber Ortayl\u0131 temas\u0131yla d\u00fczenlenen etkinlik, edebiyatseverlerden b\u00fcy\u00fck ilgi g\u00f6rd\u00fc.<\/p>\n\n\n\n<p>Dr. Devlet Bah\u00e7eli Meydan\u0131&#8217;nda ger\u00e7ekle\u015ftirilen organizasyonda 70 yay\u0131nevi yer al\u0131rken, \u00e7ok say\u0131da \u015fair ve yazar okuyucular\u0131yla bulu\u015ftu. Fuara kat\u0131lan yazarlar, s\u00f6yle\u015fi ve imza g\u00fcnlerinde okurlar\u0131yla bir araya gelerek edebiyatseverlere unutulmaz anlar ya\u015fatt\u0131.<\/p>\n\n\n\n<p>Kitap G\u00fcnleri&#8217;nde, Cihat \u015eener, I\u015f\u0131l I\u015f\u0131k, Hayati \u0130nan\u00e7, G\u00f6k\u00e7en \u00c7atl\u0131, Tarkan K\u00f6yl\u00fc, \u0130pek Ongun, Defne Ongun M\u00fcmino\u011flu ve Hulki Cevizo\u011flu gibi isimler de yer alarak s\u00f6yle\u015fi ve imza g\u00fcnlerinde okurlar\u0131yla bulu\u015ftu.<\/p>\n\n\n\n<p>10 g\u00fcn s\u00fcren etkinlik boyunca binlerce ki\u015fi alan\u0131 ziyaret ederken, organizasyon hem k\u00fclt\u00fcrel hayat\u0131 canland\u0131rd\u0131 hem de kitaba olan ilgiyi bir kez daha ortaya koydu.<\/p>\n\n\n\n<p>Erdemli Belediyesi olarak kentte k\u00fclt\u00fcr ve sanat\u0131 ya\u015fatmaya, vatanda\u015flar\u0131 bu de\u011ferlerle bulu\u015fturmaya devam edeceklerini ifade eden Erdemli Belediye Ba\u015fkan\u0131 Mustafa Kara, &#8221; \u0130lber Ortayl\u0131 an\u0131s\u0131na d\u00fczenlemi\u015f oldu\u011fumuz Erdemli Kitap ve Edebiyat G\u00fcnleri&#8217;nin bu y\u0131l d\u00f6rd\u00fcnc\u00fcs\u00fcn\u00fc d\u00fczenledik. Birbirinden de\u011ferli yazarlar\u0131m\u0131z\u0131 Erdemlimizde a\u011f\u0131rlad\u0131k. Vatanda\u015flar\u0131m\u0131z\u0131n da yo\u011fun bir ilgisi vard\u0131. 70&#8217;den fazla yay\u0131nevi kitaplar\u0131n\u0131 stantlar\u0131m\u0131zda sergiledi. \u0130lgi g\u00f6steren b\u00fct\u00fcn hem\u015fehrilerime te\u015fekk\u00fcr ediyorum&#8221; diye konu\u015ftu.<\/p>\n\n\n\n<p>Okurlar\u0131yla Erdemli&#8217;de bulu\u015ftu\u011fu i\u00e7in memnun oldu\u011funu ifade eden yazar Hulki Cevizo\u011flu, &#8221; T\u00fcrkiye&#8217;nin yeti\u015ftirdi\u011fi en de\u011ferli tarih\u00e7ilerden hem Cumhuriyet hem Osmanl\u0131 tarih\u00e7isiydi. Allah rahmet eylesin cenaze t\u00f6reninde vard\u0131k, daha \u00f6nce birlikteydik. Erdemli&#8217;ye gelince Erdemli&#8217;ye ilk kez gelmi\u015f bulundum. \u00c7ok g\u00fczel bir havada yaz\u0131n ba\u015flang\u0131c\u0131na denk geldi. Sevgili ve k\u0131ymetli kitapseverlerle bir arada olduk, sohbet ettik. Kitaplar\u0131m\u0131z\u0131 imzalad\u0131k. Onlar\u0131n sorular\u0131n\u0131 yan\u0131tlad\u0131k. Ba\u015far\u0131lar\u0131ndan dolay\u0131 Belediye Ba\u015fkan\u0131m\u0131z Mustafa Kara&#8217;y\u0131 tebrik ediyorum, sizlere de ba\u015far\u0131lar diliyorum&#8221; diye konu\u015ftu.<\/p>\n\n\n\n<p>Kitap g\u00fcnlerini \u00e7ok be\u011fendi\u011fini ifade eden Fatih Uslu, &#8221; Gayet g\u00fczel ve ba\u015far\u0131l\u0131 bir etkinlik oldu. Erdemli i\u00e7in b\u00fcy\u00fck bir katk\u0131 sa\u011flad\u0131\u011f\u0131n\u0131 d\u00fc\u015f\u00fcn\u00fcyorum, devam\u0131n\u0131 diliyoruz&#8221; diye konu\u015ftu.<\/p>\n\n\n\n<p>Tu\u011fba Uslu, &#8221; \u0130lber Hoca&#8217;ya Allah&#8217;tan rahmet diliyoruz \u00f6ncelikle. Belediye Ba\u015fkan\u0131m\u0131zdan Allah raz\u0131 olsun b\u00f6yle bir etkinlik d\u00fczenledi\u011fi i\u00e7in bizler i\u00e7in. \u00c7ocuklar\u0131m\u0131z ve bizler i\u00e7in \u00e7ok faydal\u0131 oldu\u011funu d\u00fc\u015f\u00fcn\u00fcyorum. Hulki Bey&#8217;i de severek televizyonlardan izliyorduk zaten. \u015eu an yak\u0131ndan g\u00f6rmekten \u00e7ok mutlu olaca\u011f\u0131m kendisiyle foto\u011fraf \u00e7ektirmekten ve kitab\u0131n\u0131 imzalatmaktan dolay\u0131. Mutlu hissediyorum yani \u00e7ok g\u00fczel&#8221; dedi.<\/p>\n\n\n\n<p>Zeynep Reyhan Ko\u015ftur, &#8221; \u0130lber Ortayl\u0131 an\u0131s\u0131na yap\u0131lan kitap fuar\u0131na ben de geldim. Yazarlar\u0131m\u0131z \u00e7ok iyi. Ben de istedi\u011fim kitaplar\u0131 ald\u0131m ve yazarlar\u0131m\u0131za imzalatt\u0131m. B\u00f6yle etkinliklerin devam etmesini istiyoruz&#8221; ifade etti.<\/p>\n\n\n\n<p>Kitaplar\u0131n\u0131 imzalatt\u0131\u011f\u0131 i\u00e7in \u00e7ok mutlu oldu\u011funu ifade eden Ravza A\u011f\u0131r, &#8221; Kitab\u0131m\u0131 imzalatt\u0131rd\u0131m ve \u00e7ok gurur duyuyorum. Burada olmaktan \u00e7ok mutluyum&#8221; dedi.<\/p>\n","protected":false},"excerpt":{"rendered":"<p>Erdemli il\u00e7esinde bu y\u0131l d\u00f6rd\u00fcnc\u00fcs\u00fc ger\u00e7ekle\u015ftirilen Kitap ve Edebiyat G\u00fcnleri, yo\u011fun kat\u0131l\u0131m ve zengin program\u0131yla tamamland\u0131. \u0130lber Ortayl\u0131 temas\u0131yla d\u00fczenlenen etkinlik, edebiyatseverlerden b\u00fcy\u00fck ilgi g\u00f6rd\u00fc. Dr. Devlet Bah\u00e7eli Meydan\u0131&#8217;nda ger\u00e7ekle\u015ftirilen organizasyonda 70 yay\u0131nevi yer al\u0131rken, \u00e7ok say\u0131da \u015fair ve yazar okuyucular\u0131yla bulu\u015ftu. Fuara kat\u0131lan yazarlar, s\u00f6yle\u015fi ve imza g\u00fcnlerinde okurlar\u0131yla bir araya gelerek edebiyatseverlere unutulmaz [&hellip;]<\/p>\n","protected":false},"author":2,"featured_media":52431,"comment_status":"closed","ping_status":"closed","sticky":false,"template":"","format":"standard","meta":{"footnotes":""},"categories":[3],"tags":[],"class_list":["post-52430","post","type-post","status-publish","format-standard","has-post-thumbnail","hentry","category-manset"],"views":2,"_links":{"self":[{"href":"https:\/\/mersinkadingazetesi.com\/index.php?rest_route=\/wp\/v2\/posts\/52430"}],"collection":[{"href":"https:\/\/mersinkadingazetesi.com\/index.php?rest_route=\/wp\/v2\/posts"}],"about":[{"href":"https:\/\/mersinkadingazetesi.com\/index.php?rest_route=\/wp\/v2\/types\/post"}],"author":[{"embeddable":true,"href":"https:\/\/mersinkadingazetesi.com\/index.php?rest_route=\/wp\/v2\/users\/2"}],"replies":[{"embeddable":true,"href":"https:\/\/mersinkadingazetesi.com\/index.php?rest_route=%2Fwp%2Fv2%2Fcomments&post=52430"}],"version-history":[{"count":1,"href":"https:\/\/mersinkadingazetesi.com\/index.php?rest_route=\/wp\/v2\/posts\/52430\/revisions"}],"predecessor-version":[{"id":52432,"href":"https:\/\/mersinkadingazetesi.com\/index.php?rest_route=\/wp\/v2\/posts\/52430\/revisions\/52432"}],"wp:featuredmedia":[{"embeddable":true,"href":"https:\/\/mersinkadingazetesi.com\/index.php?rest_route=\/wp\/v2\/media\/52431"}],"wp:attachment":[{"href":"https:\/\/mersinkadingazetesi.com\/index.php?rest_route=%2Fwp%2Fv2%2Fmedia&parent=52430"}],"wp:term":[{"taxonomy":"category","embeddable":true,"href":"https:\/\/mersinkadingazetesi.com\/index.php?rest_route=%2Fwp%2Fv2%2Fcategories&post=52430"},{"taxonomy":"post_tag","embeddable":true,"href":"https:\/\/mersinkadingazetesi.com\/index.php?rest_route=%2Fwp%2Fv2%2Ftags&post=52430"}],"curies":[{"name":"wp","href":"https:\/\/api.w.org\/{rel}","templated":true}]}}