{"id":52437,"date":"2026-04-27T17:45:34","date_gmt":"2026-04-27T14:45:34","guid":{"rendered":"https:\/\/mersinkadingazetesi.com\/?p=52437"},"modified":"2026-04-27T17:45:34","modified_gmt":"2026-04-27T14:45:34","slug":"belediye-baskanligi-partiler-ustu-bir-gorevdir","status":"publish","type":"post","link":"https:\/\/mersinkadingazetesi.com\/?p=52437","title":{"rendered":"&#8220;BELED\u0130YE BA\u015eKANLI\u011eI PART\u0130LER \u00dcST\u00dc B\u0130R G\u00d6REVD\u0130R&#8221;"},"content":{"rendered":"\n<p>T\u00fcrkiye Belediyeler Birli\u011fi (TBB) Ba\u015fkan Vekili ve Mersin B\u00fcy\u00fck\u015fehir Belediye Ba\u015fkan\u0131 Vahap Se\u00e7er, Ankara&#8217;da ger\u00e7ekle\u015ftirilen&nbsp;<strong>&#8216;TBB Ara\u00e7 Teslim T\u00f6reni&#8217;<\/strong>ne kat\u0131ld\u0131. D\u00fczenlenen t\u00f6ren ile 94 belediyeye toplam 95 yeni ara\u00e7 teslim edildi.<\/p>\n\n\n\n<p>Belediyelerin sosyo-ekonomik yap\u0131s\u0131, y\u00fcz\u00f6l\u00e7\u00fcm\u00fc, n\u00fcfusu ile ihtiya\u00e7 ve talepleri esas al\u0131nan da\u011f\u0131t\u0131m kapsam\u0131nda, farkl\u0131 siyasi parti y\u00f6netimindeki 94 belediyeye toplam 95 yeni ara\u00e7 deste\u011fi sa\u011fland\u0131. Teslim edilen hizmet ara\u00e7lar\u0131; 25 damperli kamyon, 22 \u00e7\u00f6p kamyonu, 13 kaz\u0131c\u0131 y\u00fckleyici, 11 paletli ekskavat\u00f6r, 5 araz\u00f6z, 3 yol s\u00fcp\u00fcrme arac\u0131, 3 toprak silindir, 3 lastik teker ekskavat\u00f6r, 2 yar\u0131m otob\u00fcs ile birer adet greyder, itfaiye arac\u0131, kombine kanal a\u00e7ma arac\u0131, loder, lowbed, sepetli vin\u00e7, transmikser ve vidanj\u00f6rden olu\u015ftu. Teslimi yap\u0131lan ara\u00e7lar arac\u0131l\u0131\u011f\u0131yla, belediyelerin hizmet kapasitesini art\u0131r\u0131lmas\u0131na ve yurtta\u015flara daha kaliteli hizmet sunulmas\u0131na katk\u0131 sa\u011flamak hedefleniyor.<\/p>\n\n\n\n<p><strong>Ba\u015fkan Se\u00e7er: &#8220;Mevcut ekonomik konjonkt\u00fcrde belediyelerimizin i\u015fini kolayla\u015ft\u0131rmak i\u00e7in gayret sarf ediyoruz&#8221;<\/strong><\/p>\n\n\n\n<p>Ba\u015fkan Se\u00e7er, t\u00f6rende yapt\u0131\u011f\u0131 konu\u015fmada; belediye ba\u015fkanlar\u0131n\u0131n \u00e7ok \u00f6nemli g\u00f6revleri y\u00fcr\u00fctt\u00fcklerinin bilincinde olduklar\u0131n\u0131 ifade ederek, \u00f6zellikle ekonomik kriz i\u00e7erisinde zor \u015fartlarda ve yo\u011fun mesai yapt\u0131klar\u0131n\u0131 vurgulad\u0131. TBB&#8217;nin belediye ba\u015fkanlar\u0131n\u0131n zorlu mesaisine destek oldu\u011funu belirten Se\u00e7er,&nbsp;<strong>&#8220;Bin 405 belediyemizin \u00fcye oldu\u011fu TBB olarak; belediye ba\u015fkanlar\u0131m\u0131z\u0131n hem\u015fehrilerine hizmet g\u00f6t\u00fcr\u00fcrken i\u015flerini bir nebze kolayla\u015ft\u0131rmak, onlara destek olmak, mevcut ekonomik konjonkt\u00fcrde, darbo\u011fazda dokunu\u015fta bulunmak i\u00e7in gayret sarf ediyoruz&#8221;<\/strong>&nbsp;dedi. Ger\u00e7ekle\u015ftirilen t\u00f6ren ile T\u00fcrkiye&#8217;nin her yerinden farkl\u0131 siyasal partilerin y\u00f6netimindeki 94 belediyeye 95 ara\u00e7 teslim edildi\u011fini dile getiren Se\u00e7er, ilerleyen d\u00f6nemde yap\u0131lacak da\u011f\u0131t\u0131mlar neticesinde 2 y\u0131lda 714 arac\u0131n teslim edilmi\u015f olaca\u011f\u0131n\u0131 kaydetti.<\/p>\n\n\n\n<p>&#8220;<strong>Finans disiplini ve liyakatli kadrolar e\u015fli\u011finde \u00f6n\u00fcm\u00fczde hi\u00e7bir \u015fey duramaz&#8221;<\/strong><\/p>\n\n\n\n<p>Belediye ba\u015fkanlar\u0131n\u0131n g\u00f6rev y\u00fcr\u00fct\u00fcrken 2 \u00f6nemli dayanak noktas\u0131 oldu\u011funun alt\u0131n\u0131 \u00e7izen Se\u00e7er, finans disiplininin ve liyakatli kadrolar\u0131n \u00f6nemine de\u011findi. Se\u00e7er,&nbsp;<strong>&#8220;Finans disiplini ve liyakatli kadrolar e\u015fli\u011finde \u00f6n\u00fcm\u00fczde hi\u00e7bir \u015fey duramaz. Yurtta\u015flar\u0131m\u0131z\u0131n memnuniyetini daha \u00fcst seviyelere \u00e7\u0131kart\u0131r\u0131z. T\u00fcrkiye Belediyeler Birli\u011fi \u00fcyelerine sadece i\u015f makinesi ve ara\u00e7 deste\u011fi yapm\u0131yor. Proje deste\u011fi, proje \u00e7al\u0131\u015fmalar\u0131na nakdi destekler, e\u011fitim \u00e7al\u0131\u015fmalar\u0131, \u00e7al\u0131\u015ftaylar, paneller, personelimizin bilgisini ve becerisini geli\u015ftirmeleri i\u00e7in yurt d\u0131\u015f\u0131 gezi programlar\u0131, inceleme gezileri gibi bir\u00e7ok alanda belediyelerimize katk\u0131 sunuyoruz&#8221;<\/strong>&nbsp;s\u00f6zlerini kaydetti.<\/p>\n\n\n\n<figure class=\"wp-block-image size-full\"><img loading=\"lazy\" decoding=\"async\" width=\"1600\" height=\"1066\" src=\"http:\/\/mersinkadingazetesi.com\/wp-content\/uploads\/2026\/04\/BASKAN-SECER-TBB-TARAFINDAN-DUZENLENEN-\u2018ARAC-TESLIM-TORENINE-KATILDI-4.jpeg\" alt=\"\" class=\"wp-image-52438\" srcset=\"https:\/\/mersinkadingazetesi.com\/wp-content\/uploads\/2026\/04\/BASKAN-SECER-TBB-TARAFINDAN-DUZENLENEN-\u2018ARAC-TESLIM-TORENINE-KATILDI-4.jpeg 1600w, https:\/\/mersinkadingazetesi.com\/wp-content\/uploads\/2026\/04\/BASKAN-SECER-TBB-TARAFINDAN-DUZENLENEN-\u2018ARAC-TESLIM-TORENINE-KATILDI-4-540x360.jpeg 540w, https:\/\/mersinkadingazetesi.com\/wp-content\/uploads\/2026\/04\/BASKAN-SECER-TBB-TARAFINDAN-DUZENLENEN-\u2018ARAC-TESLIM-TORENINE-KATILDI-4-272x182.jpeg 272w\" sizes=\"(max-width: 1600px) 100vw, 1600px\" \/><\/figure>\n\n\n\n<p><strong>&#8220;Belediyelerimiz projelerimizde birbirinden ilham al\u0131yor&#8221;<\/strong><\/p>\n\n\n\n<p>TBB&#8217;nin g\u00fcncel projelerinden s\u00f6z eden Se\u00e7er, \u00e7al\u0131\u015fmalar\u0131n i\u015f birliklerini art\u0131rd\u0131\u011f\u0131n\u0131 vurgulad\u0131. Yak\u0131n d\u00f6nemde d\u00fczenlenen Belediyecilik Forumu&#8217;nu \u00f6rnek g\u00f6steren Se\u00e7er,&nbsp;<strong>&#8220;Belediyecilik Forumu&#8217;na yerel y\u00f6netimlerden 700&#8217;\u00fcn \u00fczerinde ba\u015fvuru yap\u0131lmas\u0131 bizi son derece memnun etti. Forumda belediyelerimizin 200&#8217;den fazla \u00f6zg\u00fcn projesi ve uygulamas\u0131 anlat\u0131ld\u0131. Kat\u0131l\u0131mc\u0131lar birbirlerinden ilham ald\u0131lar ve yeni i\u015f birliklerinin temelini atm\u0131\u015f oldular&#8221;<\/strong>&nbsp;diye konu\u015ftu. Belediyeler kapsam\u0131nda y\u00fcr\u00fct\u00fclen Y\u00f6netici Geli\u015ftirme Program\u0131&#8217;na da b\u00fcy\u00fck \u00f6nem verdiklerini ifade eden Se\u00e7er, belediyelerin \u00fcst y\u00f6netimlerinin programa kat\u0131lmas\u0131 konusunda te\u015fvik edilmesi gerekti\u011finin alt\u0131n\u0131 \u00e7izdi. 352 y\u00f6neticinin bu programda e\u011fitim ald\u0131\u011f\u0131n\u0131 s\u00f6zlerine ekleyen Se\u00e7er, say\u0131n\u0131n artmas\u0131n\u0131 temenni etti\u011fini s\u00f6yledi.&nbsp; TBB ve \u0130stanbul B\u00fcy\u00fck\u015fehir Belediyesi ortakl\u0131\u011f\u0131nda y\u00fcr\u00fct\u00fclen &#8216;Ortak Hizmet Modeli&#8217;ne de de\u011finen Se\u00e7er, projenin hayata ge\u00e7ti\u011fini belirterek,&nbsp;<strong>&#8220;Pilot b\u00f6lge olarak Bat\u0131 Karadeniz&#8217;de \u00e7al\u0131\u015fmalar\u0131 y\u00fcr\u00fctmeye ba\u015flad\u0131k. Yapt\u0131\u011f\u0131m\u0131z incelemeler sonucunda Bat\u0131 Karadeniz&#8217;de 22 belediyemiz ile bu projeyi ger\u00e7ekle\u015ftirme karar\u0131 ald\u0131k. \u015eu anda da Safranbolu&#8217;da \u00e7al\u0131\u015fmaya ba\u015flad\u0131k. B\u00f6ylelikle TBB, \u0130stanbul B\u00fcy\u00fck\u015fehir Belediyesi ve protokol yapt\u0131\u011f\u0131m\u0131z belediyemiz \u00fc\u00e7l\u00fc bir imece ile harika projeleri ortaya \u00e7\u0131kart\u0131yor&#8221;<\/strong>&nbsp;ifadelerini kulland\u0131.<\/p>\n\n\n\n<p><strong>&#8220;TBB&#8217;deki belediye ba\u015fkanlar\u0131, T\u00fcrkiye&#8217;deki b\u00fct\u00fcn siyasi yelpazeyi temsil ediyor&#8221;<\/strong><\/p>\n\n\n\n<p>2024 y\u0131l\u0131 yerel se\u00e7imlerden sonra \u0130stanbul B\u00fcy\u00fck\u015fehir Belediye Ba\u015fkan\u0131 Ekrem \u0130mamo\u011flu&#8217;nun TBB Ba\u015fkan\u0131 se\u00e7ilmesiyle birlikte yeni bir d\u00f6nemin ba\u015flad\u0131\u011f\u0131na dikkat \u00e7eken Se\u00e7er, \u0130mamo\u011flu&#8217;nun tutuklanmas\u0131n\u0131n ard\u0131ndan ba\u015fkan vekilli\u011fi g\u00f6revine Adana B\u00fcy\u00fck\u015fehir Belediye Ba\u015fkan\u0131 Zeydan Karalar&#8217;\u0131n se\u00e7ildi\u011fini hat\u0131rlatt\u0131. Temmuz ay\u0131nda ise Karalar&#8217;\u0131n tutuklanmas\u0131n\u0131n ard\u0131ndan kendisinin ba\u015fkan vekilli\u011fi g\u00f6revine se\u00e7ildi\u011fini hat\u0131rlatan Se\u00e7er, bug\u00fcne kadar da bu g\u00f6revi s\u00fcrd\u00fcrd\u00fc\u011f\u00fcnden s\u00f6z ederek,&nbsp;<strong>&#8220;TBB&#8217;nin yeni d\u00f6nemindeki ilkeler silsilesi bug\u00fcn de devam ediyor. Biz o zaman;&nbsp;<em>&#8216;Burada 1400&#8217;den fazla belediye var. Bunlar T\u00fcrkiye&#8217;deki b\u00fct\u00fcn siyasi yelpazeyi temsil ediyor. B\u00fct\u00fcn siyasi partilerden belediyeler var. Adaletli bir y\u00f6netim sistemini ortaya koymam\u0131z ve bir network olu\u015fturmam\u0131z laz\u0131m&#8217;<\/em>&nbsp;dedik ve prensiplerimizi yazd\u0131k, nas\u0131l \u00e7al\u0131\u015faca\u011f\u0131m\u0131z\u0131 planlad\u0131k. O g\u00fcnden bug\u00fcne, bu ilkeler \u00e7er\u00e7evesinde, \u00e7al\u0131\u015fmalar\u0131m\u0131z bir milim sa\u011fa-sola sapmadan devam ediyor&#8221;&nbsp;<\/strong>dedi.<\/p>\n\n\n\n<p>TBB olarak, belirli kriterler ve puanlama usul\u00fcyle ara\u00e7 teslimi yapacaklar\u0131 belediyeleri belirlediklerinden s\u00f6z eden Se\u00e7er,&nbsp;<strong>&#8220;<em>&#8216;B\u00f6lgesi, sosyo-ekonomik durumu, co\u011frafyan\u0131n durumu, belediyenin kendi ekonomik durumu, talepler ve \u00f6ncelikler nedir?&#8217;<\/em>&nbsp;diye b\u00fct\u00fcn sorular\u0131 harmanl\u0131yoruz ve bu ara\u00e7-gere\u00e7lerin hangi belediyeye verilmesi gerekti\u011fini tespit ediyoruz&#8221;&nbsp;<\/strong>diye belirtti. Se\u00e7er ayr\u0131ca, m\u00fckemmel bir y\u00f6netim anlay\u0131\u015f\u0131 ve kurumsal bir yap\u0131 i\u00e7erisinde bu kurallar\u0131 TBB&#8217;ye yerle\u015ftirmeye \u00e7al\u0131\u015ft\u0131klar\u0131n\u0131 s\u00f6yledi.<\/p>\n\n\n\n<p><strong>&#8220;Belediye ba\u015fkanl\u0131\u011f\u0131 partiler \u00fcst\u00fc bir g\u00f6revdir&#8221;<\/strong><\/p>\n\n\n\n<p>T\u00fcrkiye&#8217;de son y\u0131llardaki geli\u015fmelerin ve \u00f6zellikle siyasi baz\u0131 hesapla\u015fmalar\u0131n belediyeler \u00fczerinden y\u00fcr\u00fct\u00fclmesinin belediye ba\u015fkanlar\u0131n\u0131 son derece zor duruma soktu\u011funun da alt\u0131n\u0131 \u00e7izen Se\u00e7er,&nbsp;<strong>&#8220;Bizim, se\u00e7imlerde hem\u015fehrilerimize gitti\u011fimiz zaman oy isteme saikimiz; en g\u00fczel hizmeti yapma saiki. Bu sebeple yurtta\u015flar\u0131m\u0131z\u0131n kar\u015f\u0131s\u0131na gidiyoruz, onlar da ayn\u0131 sebeple sand\u0131\u011fa gidiyor. Belki de bizim mensubumuz olmayan, farkl\u0131 bir partinin mensubu bir se\u00e7menin oyunu alabiliyoruz&#8221;&nbsp;<\/strong>ifadelerine yer verdi. Belediye ba\u015fkanl\u0131\u011f\u0131 g\u00f6revinin partiler \u00fcst\u00fc bir g\u00f6rev oldu\u011funun vurgusunu yapan Se\u00e7er&nbsp;<strong>&#8220;Mutlaka her belediye ba\u015fkan\u0131n\u0131n partisi, d\u00fcnya g\u00f6r\u00fc\u015f\u00fc, ideolojisi onun onurudur, \u015ferefidir. Onlara sayg\u0131 duyar\u0131z ama hizmette adaletli olmak, hem\u015fehrilerimizin partisine, b\u00f6lgesel farkl\u0131l\u0131klar\u0131na, etnik yap\u0131s\u0131na, inan\u00e7 grubuna bakmadan hizmet etmek bizim esas amac\u0131m\u0131z olmal\u0131 ve bunu yap\u0131yoruz. \u0130\u015fte bu d\u00fcsturla TBB&#8217;de de siz de\u011ferli belediye ba\u015fkanlar\u0131m\u0131za hizmet ederken hi\u00e7bir fark g\u00f6zetmeksizin, bug\u00fcne kadar oldu\u011fu gibi bundan sonra da;&nbsp;<em>&#8216;Her biri bizim belediye ba\u015fkan\u0131m\u0131z&#8217;&nbsp;<\/em>d\u00fc\u015f\u00fcncesiyle destek olmaya devam edece\u011fiz&#8221;&nbsp;<\/strong>dedi.<\/p>\n\n\n\n<p><strong>&#8220;2 May\u0131s&#8217;ta TBB&#8217;nin Genel Kurulu&#8217;nu yapaca\u011f\u0131z&#8221;<\/strong><\/p>\n\n\n\n<p>Se\u00e7er, \u00f6n\u00fcm\u00fczdeki g\u00fcnlerde TBB Genel Kurulu yap\u0131laca\u011f\u0131n\u0131 duyurarak,<strong>&nbsp;&#8220;2 May\u0131s Cumartesi g\u00fcn\u00fc Ankara&#8217;da saat 11.00&#8217;de hep beraber T\u00fcrkiye Belediyeler Birli\u011fimizin Genel Kurulu&#8217;nu yapaca\u011f\u0131z. Hepinizi oraya davet ediyorum. 3 y\u0131ll\u0131\u011f\u0131na TBB ba\u015fkan\u0131n\u0131, enc\u00fcmen \u00fcyelerimizi, ba\u015fkan vekillerimizi se\u00e7ece\u011fiz. Komisyonlar belirlenecek ve 3 y\u0131l\u0131 bu kadrolarla s\u00fcrd\u00fcrece\u011fiz. Umut ediyorum bundan sonraki s\u00fcre\u00e7te de TBB, \u00fczerine katarak belediye ba\u015fkanlar\u0131m\u0131za katk\u0131 sunmaya devam eder&#8221;&nbsp;<\/strong>dedi.<strong>&nbsp;<\/strong><\/p>\n\n\n\n<p>Se\u00e7er, belediye ba\u015fkanl\u0131\u011f\u0131n\u0131n son derece yo\u011fun ve sorumlulu\u011fu y\u00fcksek bir g\u00f6rev oldu\u011funu vurgulayarak, 7 g\u00fcn 24 saat belediye i\u015fleriyle ilgilendiklerini, g\u00fcnl\u00fck hayat\u0131n her an\u0131nda kentin ihtiya\u00e7lar\u0131n\u0131 fark ettiklerini ifade etti. Belediye ba\u015fkanl\u0131\u011f\u0131n\u0131 \u00e7ok \u00f6nemli bir g\u00f6rev olarak g\u00f6rd\u00fc\u011f\u00fcn\u00fc, en b\u00fcy\u00fck motivasyonlar\u0131n\u0131n ise yurtta\u015f\u0131n memnuniyeti, duas\u0131 ve sevgisi oldu\u011funu dile getiren Se\u00e7er,<strong>&nbsp;&#8220;\u0130\u015fimiz g\u00fcc\u00fcm\u00fcz belediye. \u0130\u015fimiz g\u00fcc\u00fcm\u00fcz beldenin huzuru. G\u00fczel hizmetler yapmak i\u00e7in \u00e7al\u0131\u015ft\u0131\u011f\u0131n\u0131za inan\u0131yoruz. \u0130yi i\u015fler yap\u0131p yurtta\u015f\u0131n sevgisine mazhar olmak d\u00fcnyan\u0131n mal\u0131na de\u011fer. Bu duygu ve d\u00fc\u015f\u00fcncelerde bu g\u00f6revi yap\u0131yoruz&#8221;&nbsp;<\/strong>diye konu\u015ftu.<\/p>\n\n\n\n<p>Se\u00e7er&#8217;in konu\u015fmas\u0131n\u0131n ard\u0131ndan hibe edilen ara\u00e7lar\u0131n temsili anahtarlar\u0131 belediye ba\u015fkanlar\u0131 ve y\u00f6neticilerine teslim edildi.<\/p>\n","protected":false},"excerpt":{"rendered":"<p>T\u00fcrkiye Belediyeler Birli\u011fi (TBB) Ba\u015fkan Vekili ve Mersin B\u00fcy\u00fck\u015fehir Belediye Ba\u015fkan\u0131 Vahap Se\u00e7er, Ankara&#8217;da ger\u00e7ekle\u015ftirilen&nbsp;&#8216;TBB Ara\u00e7 Teslim T\u00f6reni&#8217;ne kat\u0131ld\u0131. D\u00fczenlenen t\u00f6ren ile 94 belediyeye toplam 95 yeni ara\u00e7 teslim edildi. Belediyelerin sosyo-ekonomik yap\u0131s\u0131, y\u00fcz\u00f6l\u00e7\u00fcm\u00fc, n\u00fcfusu ile ihtiya\u00e7 ve talepleri esas al\u0131nan da\u011f\u0131t\u0131m kapsam\u0131nda, farkl\u0131 siyasi parti y\u00f6netimindeki 94 belediyeye toplam 95 yeni ara\u00e7 deste\u011fi sa\u011fland\u0131. [&hellip;]<\/p>\n","protected":false},"author":2,"featured_media":52439,"comment_status":"closed","ping_status":"closed","sticky":false,"template":"","format":"standard","meta":{"footnotes":""},"categories":[3,5],"tags":[],"class_list":["post-52437","post","type-post","status-publish","format-standard","has-post-thumbnail","hentry","category-manset","category-mersin"],"views":2,"_links":{"self":[{"href":"https:\/\/mersinkadingazetesi.com\/index.php?rest_route=\/wp\/v2\/posts\/52437"}],"collection":[{"href":"https:\/\/mersinkadingazetesi.com\/index.php?rest_route=\/wp\/v2\/posts"}],"about":[{"href":"https:\/\/mersinkadingazetesi.com\/index.php?rest_route=\/wp\/v2\/types\/post"}],"author":[{"embeddable":true,"href":"https:\/\/mersinkadingazetesi.com\/index.php?rest_route=\/wp\/v2\/users\/2"}],"replies":[{"embeddable":true,"href":"https:\/\/mersinkadingazetesi.com\/index.php?rest_route=%2Fwp%2Fv2%2Fcomments&post=52437"}],"version-history":[{"count":1,"href":"https:\/\/mersinkadingazetesi.com\/index.php?rest_route=\/wp\/v2\/posts\/52437\/revisions"}],"predecessor-version":[{"id":52440,"href":"https:\/\/mersinkadingazetesi.com\/index.php?rest_route=\/wp\/v2\/posts\/52437\/revisions\/52440"}],"wp:featuredmedia":[{"embeddable":true,"href":"https:\/\/mersinkadingazetesi.com\/index.php?rest_route=\/wp\/v2\/media\/52439"}],"wp:attachment":[{"href":"https:\/\/mersinkadingazetesi.com\/index.php?rest_route=%2Fwp%2Fv2%2Fmedia&parent=52437"}],"wp:term":[{"taxonomy":"category","embeddable":true,"href":"https:\/\/mersinkadingazetesi.com\/index.php?rest_route=%2Fwp%2Fv2%2Fcategories&post=52437"},{"taxonomy":"post_tag","embeddable":true,"href":"https:\/\/mersinkadingazetesi.com\/index.php?rest_route=%2Fwp%2Fv2%2Ftags&post=52437"}],"curies":[{"name":"wp","href":"https:\/\/api.w.org\/{rel}","templated":true}]}}