{"id":52441,"date":"2026-04-27T18:18:37","date_gmt":"2026-04-27T15:18:37","guid":{"rendered":"https:\/\/mersinkadingazetesi.com\/?p=52441"},"modified":"2026-04-27T18:18:38","modified_gmt":"2026-04-27T15:18:38","slug":"ayfer-tunc-buki-kitabevini-ziyaret-etti","status":"publish","type":"post","link":"https:\/\/mersinkadingazetesi.com\/?p=52441","title":{"rendered":"Ayfer Tun\u00e7 Buki Kitabevi&#8217;ni Ziyaret Etti"},"content":{"rendered":"\n<p>1 Ekim 2025&nbsp; tarihinde a\u00e7\u0131lan Buki Kitabevi, s\u00f6yle\u015fi ve imza g\u00fcn\u00fc etkinlikleri ile dikkat \u00e7ekmeye ve Adana\u2019n\u0131n k\u00fclt\u00fcr ve sanat hayat\u0131na y\u00f6n vermeye devam ediyor.<\/p>\n\n\n\n<p>T\u00fcrk edebiyat d\u00fcnyas\u0131n\u0131n tan\u0131nm\u0131\u015f ismi, \u00fcnl\u00fc yazar ve Bir Zamanlar \u00c7ukurova dizisinin de senaristi olan Ayfer Tun\u00e7, Buki Kitabevi\u2019nde d\u00fczenlenen imza g\u00fcn\u00fcnde okurlar\u0131 ile bulu\u015ftu. Ayfer Tun\u00e7,<br>b\u00fcy\u00fck ilgi g\u00f6ren imza g\u00fcn\u00fcn\u00fcn ard\u0131ndan Adana \u0130l Halk K\u00fct\u00fcphanesi\u2019nde okurlar\u0131 ile s\u00f6yle\u015fi ger\u00e7ekle\u015ftirdi. Buki Kitabevi i\u015fletmecisi Burcu U\u011furses, Adana\u2019da Ayfer Tun\u00e7\u2019u a\u011f\u0131rlamaktan mutluluk duyduklar\u0131n\u0131 ve ilerleyen d\u00f6nemde T\u00fcrk edebiyat d\u00fcnyas\u0131ndan farkl\u0131 isimleri Buki Kitabevi\u2019nde okurlar\u0131yla bulu\u015fturmaya devam edeceklerini ifade etti.<\/p>\n","protected":false},"excerpt":{"rendered":"<p>1 Ekim 2025&nbsp; tarihinde a\u00e7\u0131lan Buki Kitabevi, s\u00f6yle\u015fi ve imza g\u00fcn\u00fc etkinlikleri ile dikkat \u00e7ekmeye ve Adana\u2019n\u0131n k\u00fclt\u00fcr ve sanat hayat\u0131na y\u00f6n vermeye devam ediyor. T\u00fcrk edebiyat d\u00fcnyas\u0131n\u0131n tan\u0131nm\u0131\u015f ismi, \u00fcnl\u00fc yazar ve Bir Zamanlar \u00c7ukurova dizisinin de senaristi olan Ayfer Tun\u00e7, Buki Kitabevi\u2019nde d\u00fczenlenen imza g\u00fcn\u00fcnde okurlar\u0131 ile bulu\u015ftu. Ayfer Tun\u00e7,b\u00fcy\u00fck ilgi g\u00f6ren imza [&hellip;]<\/p>\n","protected":false},"author":2,"featured_media":52442,"comment_status":"closed","ping_status":"closed","sticky":false,"template":"","format":"standard","meta":{"footnotes":""},"categories":[3],"tags":[],"class_list":["post-52441","post","type-post","status-publish","format-standard","has-post-thumbnail","hentry","category-manset"],"views":2,"_links":{"self":[{"href":"https:\/\/mersinkadingazetesi.com\/index.php?rest_route=\/wp\/v2\/posts\/52441"}],"collection":[{"href":"https:\/\/mersinkadingazetesi.com\/index.php?rest_route=\/wp\/v2\/posts"}],"about":[{"href":"https:\/\/mersinkadingazetesi.com\/index.php?rest_route=\/wp\/v2\/types\/post"}],"author":[{"embeddable":true,"href":"https:\/\/mersinkadingazetesi.com\/index.php?rest_route=\/wp\/v2\/users\/2"}],"replies":[{"embeddable":true,"href":"https:\/\/mersinkadingazetesi.com\/index.php?rest_route=%2Fwp%2Fv2%2Fcomments&post=52441"}],"version-history":[{"count":1,"href":"https:\/\/mersinkadingazetesi.com\/index.php?rest_route=\/wp\/v2\/posts\/52441\/revisions"}],"predecessor-version":[{"id":52443,"href":"https:\/\/mersinkadingazetesi.com\/index.php?rest_route=\/wp\/v2\/posts\/52441\/revisions\/52443"}],"wp:featuredmedia":[{"embeddable":true,"href":"https:\/\/mersinkadingazetesi.com\/index.php?rest_route=\/wp\/v2\/media\/52442"}],"wp:attachment":[{"href":"https:\/\/mersinkadingazetesi.com\/index.php?rest_route=%2Fwp%2Fv2%2Fmedia&parent=52441"}],"wp:term":[{"taxonomy":"category","embeddable":true,"href":"https:\/\/mersinkadingazetesi.com\/index.php?rest_route=%2Fwp%2Fv2%2Fcategories&post=52441"},{"taxonomy":"post_tag","embeddable":true,"href":"https:\/\/mersinkadingazetesi.com\/index.php?rest_route=%2Fwp%2Fv2%2Ftags&post=52441"}],"curies":[{"name":"wp","href":"https:\/\/api.w.org\/{rel}","templated":true}]}}