{"id":52451,"date":"2026-04-28T08:53:29","date_gmt":"2026-04-28T05:53:29","guid":{"rendered":"https:\/\/mersinkadingazetesi.com\/?p=52451"},"modified":"2026-04-28T08:53:30","modified_gmt":"2026-04-28T05:53:30","slug":"mersin-orman-bolge-muduru-zafer-kizil-mudurlerle-ilk-toplantisini-gerceklestirdi","status":"publish","type":"post","link":"https:\/\/mersinkadingazetesi.com\/?p=52451","title":{"rendered":"Mersin Orman B\u00f6lge M\u00fcd\u00fcr\u00fc Zafer K\u0131z\u0131l, M\u00fcd\u00fcrlerle \u0130lk Toplant\u0131s\u0131n\u0131 Ger\u00e7ekle\u015ftirdi"},"content":{"rendered":"\n<p>Mersin Orman B\u00f6lge M\u00fcd\u00fcr\u00fc Zafer K\u0131z\u0131l, b\u00f6lge m\u00fcd\u00fcr yard\u0131mc\u0131lar\u0131, \u015fube m\u00fcd\u00fcrleri ve i\u015fletme m\u00fcd\u00fcr\u00fc ile ilk toplant\u0131s\u0131n\u0131 ger\u00e7ekle\u015ftirdi.<\/p>\n\n\n\n<p>G\u00f6reve ba\u015flamas\u0131n\u0131n ard\u0131ndan h\u0131zl\u0131 bir \u015fekilde saha ve te\u015fkilat yap\u0131s\u0131na odaklanan K\u0131z\u0131l, d\u00fczenlenen toplant\u0131da m\u00fcd\u00fcrlerle tan\u0131\u015farak \u015fubelerin i\u015fleyi\u015fi hakk\u0131nda genel bilgiler ald\u0131.<\/p>\n\n\n\n<p>Toplant\u0131da \u00f6zellikle, yang\u0131n mevsimine yakla\u015ft\u0131\u011f\u0131m\u0131z g\u00fcnlerde orman yang\u0131nlar\u0131yla m\u00fccadele, \u00f6nleyici tedbirlerin art\u0131r\u0131lmas\u0131 ve yaz sezonuna y\u00f6nelik haz\u0131rl\u0131klar \u00f6ncelikli g\u00fcndem maddeleri aras\u0131nda yer ald\u0131.<\/p>\n\n\n\n<p><a><\/a> B\u00f6lge M\u00fcd\u00fcr\u00fc K\u0131z\u0131l, toplant\u0131da yapt\u0131\u011f\u0131 de\u011ferlendirmede, \u201cKurum i\u00e7i koordinasyona dikkat \u00e7ekerek, t\u00fcm birimlerin uyum i\u00e7erisinde \u00e7al\u0131\u015fmas\u0131n\u0131n sahadaki ba\u015far\u0131y\u0131 do\u011frudan etkileyece\u011fini; orman varl\u0131\u011f\u0131n\u0131n korunmas\u0131, s\u00fcrd\u00fcr\u00fclebilir ormanc\u0131l\u0131k faaliyetlerinin geli\u015ftirilmesi ve kamu kaynaklar\u0131n\u0131n etkin kullan\u0131m\u0131 konular\u0131nda \u015fube m\u00fcd\u00fcrlerine ciddi g\u00f6revler d\u00fc\u015ft\u00fc\u011f\u00fcn\u00fc, \u015fubelerimizin \u00f6ng\u00f6r\u00fcl\u00fc olarak hareket etmesi gerekti\u011fini, Genel M\u00fcd\u00fcrl\u00fc\u011f\u00fcm\u00fcz\u00fcn vizyonu olan \u015feffaf ve sayg\u0131n bir birim olma yolunda \u015fube m\u00fcd\u00fcrlerine \u00f6nemli g\u00f6revler d\u00fc\u015ft\u00fc\u011f\u00fcn\u00fc\u201d dedi.<\/p>\n","protected":false},"excerpt":{"rendered":"<p>Mersin Orman B\u00f6lge M\u00fcd\u00fcr\u00fc Zafer K\u0131z\u0131l, b\u00f6lge m\u00fcd\u00fcr yard\u0131mc\u0131lar\u0131, \u015fube m\u00fcd\u00fcrleri ve i\u015fletme m\u00fcd\u00fcr\u00fc ile ilk toplant\u0131s\u0131n\u0131 ger\u00e7ekle\u015ftirdi. G\u00f6reve ba\u015flamas\u0131n\u0131n ard\u0131ndan h\u0131zl\u0131 bir \u015fekilde saha ve te\u015fkilat yap\u0131s\u0131na odaklanan K\u0131z\u0131l, d\u00fczenlenen toplant\u0131da m\u00fcd\u00fcrlerle tan\u0131\u015farak \u015fubelerin i\u015fleyi\u015fi hakk\u0131nda genel bilgiler ald\u0131. Toplant\u0131da \u00f6zellikle, yang\u0131n mevsimine yakla\u015ft\u0131\u011f\u0131m\u0131z g\u00fcnlerde orman yang\u0131nlar\u0131yla m\u00fccadele, \u00f6nleyici tedbirlerin art\u0131r\u0131lmas\u0131 ve yaz sezonuna [&hellip;]<\/p>\n","protected":false},"author":2,"featured_media":52452,"comment_status":"closed","ping_status":"closed","sticky":false,"template":"","format":"standard","meta":{"footnotes":""},"categories":[3],"tags":[],"class_list":["post-52451","post","type-post","status-publish","format-standard","has-post-thumbnail","hentry","category-manset"],"views":1,"_links":{"self":[{"href":"https:\/\/mersinkadingazetesi.com\/index.php?rest_route=\/wp\/v2\/posts\/52451"}],"collection":[{"href":"https:\/\/mersinkadingazetesi.com\/index.php?rest_route=\/wp\/v2\/posts"}],"about":[{"href":"https:\/\/mersinkadingazetesi.com\/index.php?rest_route=\/wp\/v2\/types\/post"}],"author":[{"embeddable":true,"href":"https:\/\/mersinkadingazetesi.com\/index.php?rest_route=\/wp\/v2\/users\/2"}],"replies":[{"embeddable":true,"href":"https:\/\/mersinkadingazetesi.com\/index.php?rest_route=%2Fwp%2Fv2%2Fcomments&post=52451"}],"version-history":[{"count":1,"href":"https:\/\/mersinkadingazetesi.com\/index.php?rest_route=\/wp\/v2\/posts\/52451\/revisions"}],"predecessor-version":[{"id":52453,"href":"https:\/\/mersinkadingazetesi.com\/index.php?rest_route=\/wp\/v2\/posts\/52451\/revisions\/52453"}],"wp:featuredmedia":[{"embeddable":true,"href":"https:\/\/mersinkadingazetesi.com\/index.php?rest_route=\/wp\/v2\/media\/52452"}],"wp:attachment":[{"href":"https:\/\/mersinkadingazetesi.com\/index.php?rest_route=%2Fwp%2Fv2%2Fmedia&parent=52451"}],"wp:term":[{"taxonomy":"category","embeddable":true,"href":"https:\/\/mersinkadingazetesi.com\/index.php?rest_route=%2Fwp%2Fv2%2Fcategories&post=52451"},{"taxonomy":"post_tag","embeddable":true,"href":"https:\/\/mersinkadingazetesi.com\/index.php?rest_route=%2Fwp%2Fv2%2Ftags&post=52451"}],"curies":[{"name":"wp","href":"https:\/\/api.w.org\/{rel}","templated":true}]}}