{"id":52460,"date":"2026-04-28T09:16:16","date_gmt":"2026-04-28T06:16:16","guid":{"rendered":"https:\/\/mersinkadingazetesi.com\/?p=52460"},"modified":"2026-04-28T09:16:16","modified_gmt":"2026-04-28T06:16:16","slug":"cevresin-uygulamasi-her-yastan-vatandasa-hitap-eden-zengin-icerigiyle-dikkat-cekiyor","status":"publish","type":"post","link":"https:\/\/mersinkadingazetesi.com\/?p=52460","title":{"rendered":"&#8216;\u00c7EVRES\u0130N&#8217;\u00a0UYGULAMASI HER YA\u015eTAN VATANDA\u015eA H\u0130TAP EDEN ZENG\u0130N \u0130\u00c7ER\u0130\u011e\u0130YLE D\u0130KKAT \u00c7EK\u0130YOR"},"content":{"rendered":"\n<p>Mersin B\u00fcy\u00fck\u015fehir Belediyesi, iklim de\u011fi\u015fikli\u011finin etkilerine kar\u015f\u0131 kent genelinde fark\u0131ndal\u0131k olu\u015fturmak ve vatanda\u015flar\u0131n s\u00fcrece aktif kat\u0131l\u0131m\u0131n\u0131 sa\u011flamak amac\u0131yla \u00f6nemli bir projeyi daha hayata ge\u00e7irdi. \u00c7evre Koruma ve Kontrol Dairesi Ba\u015fkanl\u0131\u011f\u0131 taraf\u0131ndan y\u00fcr\u00fct\u00fclen, Avrupa Birli\u011fi projesi&nbsp;<strong><em>&#8216;\u0130klim De\u011fi\u015fikli\u011fine Uyum Hibe Program\u0131&#8217;<\/em><\/strong>&nbsp;&nbsp;dahilinde&nbsp;<strong>&#8216;<em>\u0130klim De\u011fi\u015fikli\u011fine Adaptasyon \u0130\u00e7in Harekete Ge\u00e7&#8217;<\/em><\/strong>&nbsp;projesi kapsam\u0131nda geli\u015ftirilen&nbsp;<strong><em>&#8216;\u00c7evresin&#8217;<\/em><\/strong>&nbsp;mobil uygulamas\u0131, vatanda\u015flar\u0131n kullan\u0131m\u0131na sunuldu.<\/p>\n\n\n\n<p>\u0130klim de\u011fi\u015fikli\u011finin etkilerine kar\u015f\u0131 toplumun t\u00fcm kesimlerinde fark\u0131ndal\u0131k olu\u015fturmay\u0131 hedefleyen uygulama, ayn\u0131 zamanda g\u00fcnl\u00fck ya\u015famda uygulanabilecek \u00e7\u00f6z\u00fcm \u00f6nerilerini de kullan\u0131c\u0131larla bulu\u015fturuyor. Her ya\u015f grubuna hitap edecek \u015fekilde tasarlanan&nbsp;<strong><em>&#8216;\u00c7evresin&#8217;<\/em><\/strong>&nbsp;mobil uygulamas\u0131; yaln\u0131zca bilgilendirme sunan bir platform olman\u0131n \u00f6tesine ge\u00e7erek, kullan\u0131c\u0131lar\u0131n aktif kat\u0131l\u0131m\u0131n\u0131 te\u015fvik eden zengin i\u00e7erikler de bar\u0131nd\u0131r\u0131yor.<\/p>\n\n\n\n<p><strong>Uygulama, her ya\u015f grubuna hitap eden zengin bir i\u00e7erik sunuyor<\/strong><\/p>\n\n\n\n<p>Uygulama i\u00e7erisinde animasyon filmleri ile e\u011fitici anlat\u0131mlar, oyunlar ile \u00f6\u011frenmeyi destekleyen i\u00e7erikler, anketler ile kullan\u0131c\u0131 g\u00f6r\u00fc\u015flerinin al\u0131nmas\u0131, acil durum rehberleri ile kriz anlar\u0131nda yol g\u00f6sterici bilgiler, hava durumu ve a\u015f\u0131r\u0131 iklim olaylar\u0131na y\u00f6nelik uyar\u0131lar yer al\u0131yor. Bu \u00f6zellikler sayesinde vatanda\u015flar\u0131n iklim de\u011fi\u015fikli\u011fine kar\u015f\u0131 bilin\u00e7 d\u00fczeyinin art\u0131r\u0131lmas\u0131 ve bireysel fark\u0131ndal\u0131\u011f\u0131n g\u00fc\u00e7lendirilmesi hedefleniyor.<\/p>\n\n\n\n<p>Mobil uygulama i\u00e7erisinde yer alan&nbsp;<strong><em>&#8216;Ye\u015fil Uyar\u0131&#8217;<\/em><\/strong>&nbsp;butonu, vatanda\u015flar\u0131n \u00e7evresel sorunlar\u0131 h\u0131zl\u0131 ve kolay \u015fekilde bildirebilmesine imkan sa\u011fl\u0131yor. Kullan\u0131c\u0131lar a\u015f\u0131r\u0131 s\u0131cakl\u0131k, sel riski, su ta\u015fk\u0131nlar\u0131, \u00e7evre kirlili\u011fi veya iklim kaynakl\u0131 di\u011fer olumsuzluklara ili\u015fkin g\u00f6zlemlerini anl\u0131k olarak iletebilecek. Bu sayede yerel y\u00f6netimlerin h\u0131zl\u0131 aksiyon almas\u0131na katk\u0131 sa\u011flan\u0131rken, \u015fehir genelinde erken uyar\u0131 mekanizmas\u0131 da g\u00fc\u00e7lendirilmi\u015f olacak.<\/p>\n\n\n\n<p>\u00c7evre Koruma ve Kontrol Dairesi ekipleri, okullarda d\u00fczenli olarak iklim de\u011fi\u015fikli\u011fi ile m\u00fccadele kapsam\u0131nda fark\u0131ndal\u0131k e\u011fitimleri d\u00fczenliyor. E\u011fitimler s\u0131ras\u0131nda \u00e7ocuklara&nbsp;<strong><em>&#8216;\u00c7evresin&#8217;<\/em><\/strong>&nbsp;uygulamas\u0131 da tan\u0131t\u0131larak, iyi uygulamalar\u0131n vatanda\u015flar aras\u0131nda yay\u0131lmas\u0131 sa\u011flan\u0131yor.<\/p>\n\n\n\n<p><strong>A\u015f\u00e7\u0131o\u011flu: &#8220;Bu uygulamayla vatanda\u015flar\u0131m\u0131z, \u00e7evresel k\u00f6t\u00fc etkileri bize an\u0131nda bildirebilecek&#8221;<\/strong><\/p>\n\n\n\n<p>Mersin B\u00fcy\u00fck\u015fehir Belediyesi \u00c7evre Koruma ve Kontrol Dairesi Ba\u015fkanl\u0131\u011f\u0131&#8217;nda g\u00f6rev yapan \u00c7evre M\u00fchendisi Serel A\u015f\u00e7\u0131o\u011flu,&nbsp;<strong><em>&#8216;\u00c7evresin&#8217;<\/em><\/strong>&nbsp;uygulamas\u0131 sayesinde vatanda\u015flar\u0131n \u00e7evresinde g\u00f6rd\u00fckleri \u00e7evresel k\u00f6t\u00fc etkileri an\u0131nda bildirebileceklerini belirterek,<strong>&nbsp;&#8220;Vatanda\u015flar\u0131m\u0131z; yetki alan\u0131m\u0131z dahilinde olan \u00e7evresel felaketleri, iklim de\u011fi\u015fikli\u011fi alan\u0131nda ya\u015fad\u0131klar\u0131 s\u0131k\u0131nt\u0131lar\u0131 veya iyi uygulamalar\u0131 bize bu yolla bildirebilecekler. Uygulamam\u0131z i\u00e7erisinde bir ye\u015fil uyar\u0131 butonumuz bulunuyor. Buraya t\u0131klayarak ileti yazabiliyorlar. \u0130leti yazarken de bulunduklar\u0131 konum, foto\u011fraf veya video da ekleyebiliyorlar&#8221;&nbsp;<\/strong>dedi.<strong>&nbsp;&nbsp;<\/strong><\/p>\n\n\n\n<p><strong>Uygulamada, \u00f6zellikle \u00e7ocuklar i\u00e7in bir\u00e7ok e\u011fitici i\u00e7erik bulunuyor<\/strong><\/p>\n\n\n\n<p>Uygulaman\u0131n i\u00e7erisinde e\u011fitici bir\u00e7ok i\u00e7eri\u011fin oldu\u011funu da anlatan A\u015f\u00e7\u0131o\u011flu,<strong>&nbsp;&#8220;Her ya\u015f grubuna y\u00f6nelik e\u011fitici bilgiler, iklim de\u011fi\u015fikli\u011fine adaptasyon i\u00e7in yap\u0131labilecekler, iklim de\u011fi\u015fikli\u011fi hakk\u0131nda g\u00fcndelik hayatta kar\u015f\u0131m\u0131za \u00e7\u0131kan kelimelerin i\u00e7erikleri ve e\u011fitici videolar bulunuyor. \u00c7ocuklar ekrana bakt\u0131klar\u0131nda, faydal\u0131 ve yararl\u0131 bilgilere eri\u015fsinler istiyoruz. Bu maksatla uygulama i\u00e7erisinde \u00e7ocuklara y\u00f6nelik bilgilendirici sorular\u0131m\u0131z ve anketlerimiz de bulunuyor&#8221;&nbsp;<\/strong>diye konu\u015ftu.<\/p>\n\n\n\n<p><strong><em>&#8216;\u0130klim De\u011fi\u015fikli\u011fine Adaptasyon \u0130\u00e7in Harekete Ge\u00e7&#8217;<\/em><\/strong>&nbsp;projesi<strong>&nbsp;<\/strong>kapsam\u0131nda okullarda e\u011fitim faaliyetleri y\u00fcr\u00fctt\u00fcklerini de s\u00f6zlerine ekleyen A\u015f\u00e7\u0131o\u011flu,&nbsp;<strong>&#8220;Uygulamam\u0131z\u0131, okul ziyaretlerimizde ve e\u011fitimlerimizde \u00e7ocuklara tan\u0131t\u0131yoruz. Bu uygulamayla birlikte art\u0131k t\u00fcm vatanda\u015flar\u0131m\u0131z, birer \u00e7evre dedektifi olabilecekler. G\u00f6rd\u00fckleri \u00e7evresel olumsuzluklar\u0131 bize an\u0131nda bildirebilecekler&#8221;&nbsp;<\/strong>ifadelerine yer verdi.<\/p>\n\n\n\n<p><strong>\u00c7ocuklardan&nbsp;<em>&#8216;\u00c7evresin&#8217;<\/em>&nbsp;uygulamas\u0131na olumlu d\u00f6n\u00fc\u015f&#8230;<\/strong><\/p>\n\n\n\n<p>10 ya\u015f\u0131ndaki Ozan Ali Ilgaz,&nbsp;<strong>&#8220;\u00c7ok iyi bir uygulama. E\u011fitici ve g\u00fczel. Telefon oyunlar\u0131na g\u00f6re bu uygulama daha e\u011fitici. \u00d6\u011frenmek istedi\u011fimiz \u015feyleri \u00f6\u011frenebiliyoruz.&nbsp;<em>&#8216;\u00c7evresin&#8217;<\/em>&nbsp;uygulamas\u0131nda, iklim ve \u00e7evreyle ilgili bilgiler yer al\u0131yor. Herkes kullanabilir, \u00e7ok g\u00fczel&#8221;&nbsp;<\/strong>dedi.<\/p>\n\n\n\n<p>9 ya\u015f\u0131ndaki Muhammed Sait \u00c7etin ise&nbsp;<strong>&#8220;\u00c7evresin uygulamas\u0131n\u0131 telefonuma y\u00fckledim. E\u011fitici bir uygulama. \u00c7ocuklar da kullanabilir. \u0130klim ve \u00e7evreyle ilgili bir\u00e7ok bilgi \u00f6\u011frenebiliriz. Sorular\u0131n \u00e7o\u011funu do\u011fru yan\u0131tlad\u0131m. Bu uygulama sayesinde, do\u011fam\u0131z\u0131 nas\u0131l korumam\u0131z gerekti\u011fini \u00f6\u011frenece\u011fiz. Bu uygulamay\u0131 evdeki herkese indirtece\u011fim&#8221;&nbsp;<\/strong>diye konu\u015ftu.<\/p>\n","protected":false},"excerpt":{"rendered":"<p>Mersin B\u00fcy\u00fck\u015fehir Belediyesi, iklim de\u011fi\u015fikli\u011finin etkilerine kar\u015f\u0131 kent genelinde fark\u0131ndal\u0131k olu\u015fturmak ve vatanda\u015flar\u0131n s\u00fcrece aktif kat\u0131l\u0131m\u0131n\u0131 sa\u011flamak amac\u0131yla \u00f6nemli bir projeyi daha hayata ge\u00e7irdi. \u00c7evre Koruma ve Kontrol Dairesi Ba\u015fkanl\u0131\u011f\u0131 taraf\u0131ndan y\u00fcr\u00fct\u00fclen, Avrupa Birli\u011fi projesi&nbsp;&#8216;\u0130klim De\u011fi\u015fikli\u011fine Uyum Hibe Program\u0131&#8217;&nbsp;&nbsp;dahilinde&nbsp;&#8216;\u0130klim De\u011fi\u015fikli\u011fine Adaptasyon \u0130\u00e7in Harekete Ge\u00e7&#8217;&nbsp;projesi kapsam\u0131nda geli\u015ftirilen&nbsp;&#8216;\u00c7evresin&#8217;&nbsp;mobil uygulamas\u0131, vatanda\u015flar\u0131n kullan\u0131m\u0131na sunuldu. \u0130klim de\u011fi\u015fikli\u011finin etkilerine kar\u015f\u0131 toplumun [&hellip;]<\/p>\n","protected":false},"author":2,"featured_media":52461,"comment_status":"closed","ping_status":"closed","sticky":false,"template":"","format":"standard","meta":{"footnotes":""},"categories":[3],"tags":[],"class_list":["post-52460","post","type-post","status-publish","format-standard","has-post-thumbnail","hentry","category-manset"],"views":2,"_links":{"self":[{"href":"https:\/\/mersinkadingazetesi.com\/index.php?rest_route=\/wp\/v2\/posts\/52460"}],"collection":[{"href":"https:\/\/mersinkadingazetesi.com\/index.php?rest_route=\/wp\/v2\/posts"}],"about":[{"href":"https:\/\/mersinkadingazetesi.com\/index.php?rest_route=\/wp\/v2\/types\/post"}],"author":[{"embeddable":true,"href":"https:\/\/mersinkadingazetesi.com\/index.php?rest_route=\/wp\/v2\/users\/2"}],"replies":[{"embeddable":true,"href":"https:\/\/mersinkadingazetesi.com\/index.php?rest_route=%2Fwp%2Fv2%2Fcomments&post=52460"}],"version-history":[{"count":1,"href":"https:\/\/mersinkadingazetesi.com\/index.php?rest_route=\/wp\/v2\/posts\/52460\/revisions"}],"predecessor-version":[{"id":52462,"href":"https:\/\/mersinkadingazetesi.com\/index.php?rest_route=\/wp\/v2\/posts\/52460\/revisions\/52462"}],"wp:featuredmedia":[{"embeddable":true,"href":"https:\/\/mersinkadingazetesi.com\/index.php?rest_route=\/wp\/v2\/media\/52461"}],"wp:attachment":[{"href":"https:\/\/mersinkadingazetesi.com\/index.php?rest_route=%2Fwp%2Fv2%2Fmedia&parent=52460"}],"wp:term":[{"taxonomy":"category","embeddable":true,"href":"https:\/\/mersinkadingazetesi.com\/index.php?rest_route=%2Fwp%2Fv2%2Fcategories&post=52460"},{"taxonomy":"post_tag","embeddable":true,"href":"https:\/\/mersinkadingazetesi.com\/index.php?rest_route=%2Fwp%2Fv2%2Ftags&post=52460"}],"curies":[{"name":"wp","href":"https:\/\/api.w.org\/{rel}","templated":true}]}}