{"id":52463,"date":"2026-04-28T10:25:08","date_gmt":"2026-04-28T07:25:08","guid":{"rendered":"https:\/\/mersinkadingazetesi.com\/?p=52463"},"modified":"2026-04-28T10:25:08","modified_gmt":"2026-04-28T07:25:08","slug":"turkiye-belediyeler-birliginden-mezitliye-is-makinesi-destegi","status":"publish","type":"post","link":"https:\/\/mersinkadingazetesi.com\/?p=52463","title":{"rendered":"T\u00fcrkiye Belediyeler Birli\u011fi&#8217;nden Mezitli&#8217;ye \u0130\u015f Makinesi Deste\u011fi"},"content":{"rendered":"\n<p>Mezitli Belediyesi, kent genelinde y\u00fcr\u00fctt\u00fc\u011f\u00fc hizmetlerin daha etkin ve h\u0131zl\u0131 \u015fekilde s\u00fcrd\u00fcr\u00fclebilmesi amac\u0131yla ara\u00e7 filosunu g\u00fc\u00e7lendirmeye devam ediyor. T\u00fcrkiye Belediyeler Birli\u011fi taraf\u0131ndan Ankara&#8217;da d\u00fczenlenen Ara\u00e7 Teslim T\u00f6reni&#8217;ne kat\u0131lan Mezitli Belediye Ba\u015fkan\u0131 Ahmet Serkan Tuncer, belediyeye kazand\u0131r\u0131lan i\u015f makinesini (ekskavat\u00f6r) teslim ald\u0131.<\/p>\n\n\n\n<p><strong>TBB&#8217;den Yerel Y\u00f6netimlere G\u00fc\u00e7l\u00fc Destek<\/strong><\/p>\n\n\n\n<p>T\u00fcrkiye Belediyeler Birli\u011fi Ba\u015fkan Vekili ve Mersin B\u00fcy\u00fck\u015fehir Belediye Ba\u015fkan\u0131 Vahap Se\u00e7er&#8217;in \u00f6nc\u00fcl\u00fc\u011f\u00fcnde ger\u00e7ekle\u015ftirilen t\u00f6rende, yerel y\u00f6netimlerin hizmet kapasitesini art\u0131rmaya y\u00f6nelik \u00f6nemli bir ad\u0131m daha at\u0131ld\u0131. Belediyelere sa\u011flanan bu destek, sahadaki hizmetlerin daha h\u0131zl\u0131 ve etkin y\u00fcr\u00fct\u00fclmesine katk\u0131 sunuyor.<\/p>\n\n\n\n<p><strong>Her Yat\u0131r\u0131m Mezitli&#8217;nin Gelece\u011fine Katk\u0131d\u0131r<\/strong><\/p>\n\n\n\n<p>Ba\u015fkan Ahmet Serkan Tuncer, kent ihtiya\u00e7lar\u0131n\u0131 \u00f6nceleyen yat\u0131r\u0131mlar do\u011frultusunda ara\u00e7 filosunu g\u00fc\u00e7lendirmeye devam ettiklerini belirterek,&nbsp;<strong>&#8220;Sahadaki g\u00fcc\u00fcm\u00fcz\u00fc art\u0131ran her yat\u0131r\u0131m, Mezitli&#8217;mizin gelece\u011fine yap\u0131lan g\u00fc\u00e7l\u00fc bir katk\u0131d\u0131r. Belediyemize kazand\u0131rd\u0131\u011f\u0131m\u0131z bu i\u015f makinesi (ekskavat\u00f6r) ile \u00e7al\u0131\u015fmalar\u0131m\u0131z\u0131 daha h\u0131zl\u0131, daha verimli ve daha kapsaml\u0131 bir \u015fekilde s\u00fcrd\u00fcrece\u011fiz&#8221;<\/strong>&nbsp;dedi.<\/p>\n\n\n\n<p><strong>Hizmet Kalitesi Artarak S\u00fcrecek<\/strong><\/p>\n\n\n\n<p>Daha ya\u015fanabilir ve daha g\u00fc\u00e7l\u00fc bir Mezitli hedefiyle hizmet kalitesini her alanda art\u0131rmaya devam edeceklerini vurgulayan Tuncer, desteklerinden dolay\u0131 T\u00fcrkiye Belediyeler Birli\u011fi&#8217;ne ve Ba\u015fkan Vekili Vahap Se\u00e7er&#8217;e te\u015fekk\u00fcr etti.<\/p>\n\n\n\n<p>Mezitli Belediyesi, vatanda\u015f odakl\u0131 ve \u00e7\u00f6z\u00fcm \u00fcreten hizmet anlay\u0131\u015f\u0131yla \u00e7al\u0131\u015fmalar\u0131n\u0131 kararl\u0131l\u0131kla s\u00fcrd\u00fcrmeye devam edecek.<\/p>\n","protected":false},"excerpt":{"rendered":"<p>Mezitli Belediyesi, kent genelinde y\u00fcr\u00fctt\u00fc\u011f\u00fc hizmetlerin daha etkin ve h\u0131zl\u0131 \u015fekilde s\u00fcrd\u00fcr\u00fclebilmesi amac\u0131yla ara\u00e7 filosunu g\u00fc\u00e7lendirmeye devam ediyor. T\u00fcrkiye Belediyeler Birli\u011fi taraf\u0131ndan Ankara&#8217;da d\u00fczenlenen Ara\u00e7 Teslim T\u00f6reni&#8217;ne kat\u0131lan Mezitli Belediye Ba\u015fkan\u0131 Ahmet Serkan Tuncer, belediyeye kazand\u0131r\u0131lan i\u015f makinesini (ekskavat\u00f6r) teslim ald\u0131. TBB&#8217;den Yerel Y\u00f6netimlere G\u00fc\u00e7l\u00fc Destek T\u00fcrkiye Belediyeler Birli\u011fi Ba\u015fkan Vekili ve Mersin B\u00fcy\u00fck\u015fehir Belediye [&hellip;]<\/p>\n","protected":false},"author":2,"featured_media":52464,"comment_status":"closed","ping_status":"closed","sticky":false,"template":"","format":"standard","meta":{"footnotes":""},"categories":[3],"tags":[],"class_list":["post-52463","post","type-post","status-publish","format-standard","has-post-thumbnail","hentry","category-manset"],"views":1,"_links":{"self":[{"href":"https:\/\/mersinkadingazetesi.com\/index.php?rest_route=\/wp\/v2\/posts\/52463"}],"collection":[{"href":"https:\/\/mersinkadingazetesi.com\/index.php?rest_route=\/wp\/v2\/posts"}],"about":[{"href":"https:\/\/mersinkadingazetesi.com\/index.php?rest_route=\/wp\/v2\/types\/post"}],"author":[{"embeddable":true,"href":"https:\/\/mersinkadingazetesi.com\/index.php?rest_route=\/wp\/v2\/users\/2"}],"replies":[{"embeddable":true,"href":"https:\/\/mersinkadingazetesi.com\/index.php?rest_route=%2Fwp%2Fv2%2Fcomments&post=52463"}],"version-history":[{"count":1,"href":"https:\/\/mersinkadingazetesi.com\/index.php?rest_route=\/wp\/v2\/posts\/52463\/revisions"}],"predecessor-version":[{"id":52465,"href":"https:\/\/mersinkadingazetesi.com\/index.php?rest_route=\/wp\/v2\/posts\/52463\/revisions\/52465"}],"wp:featuredmedia":[{"embeddable":true,"href":"https:\/\/mersinkadingazetesi.com\/index.php?rest_route=\/wp\/v2\/media\/52464"}],"wp:attachment":[{"href":"https:\/\/mersinkadingazetesi.com\/index.php?rest_route=%2Fwp%2Fv2%2Fmedia&parent=52463"}],"wp:term":[{"taxonomy":"category","embeddable":true,"href":"https:\/\/mersinkadingazetesi.com\/index.php?rest_route=%2Fwp%2Fv2%2Fcategories&post=52463"},{"taxonomy":"post_tag","embeddable":true,"href":"https:\/\/mersinkadingazetesi.com\/index.php?rest_route=%2Fwp%2Fv2%2Ftags&post=52463"}],"curies":[{"name":"wp","href":"https:\/\/api.w.org\/{rel}","templated":true}]}}