{"id":52467,"date":"2026-04-28T11:30:48","date_gmt":"2026-04-28T08:30:48","guid":{"rendered":"https:\/\/mersinkadingazetesi.com\/?p=52467"},"modified":"2026-04-28T11:30:49","modified_gmt":"2026-04-28T08:30:49","slug":"tarsus-doga-parki-bir-kez-daha-yas-almis-yurttaslari-agirladi","status":"publish","type":"post","link":"https:\/\/mersinkadingazetesi.com\/?p=52467","title":{"rendered":"TARSUS DO\u011eA PARKI, B\u0130R KEZ DAHA YA\u015e ALMI\u015e YURTTA\u015eLARI A\u011eIRLADI"},"content":{"rendered":"\n<p>Mersin B\u00fcy\u00fck\u015fehir Belediyesi&#8217;nin Emekli Evleri, ya\u015f alm\u0131\u015f yurtta\u015flara y\u00f6nelik hizmetlerine devam ediyor. B\u00fcy\u00fck\u015fehir Belediyesi Sosyal Hizmetler Dairesi Ba\u015fkanl\u0131\u011f\u0131 b\u00fcnyesinde faaliyet y\u00fcr\u00fcten Yeni\u015fehir, Mezitli, Halkkent, Tarsus, Erdemli ve Anamur Emekli Evleri&#8217;nden faydalanan emekliler, sosyal aktivitelerle keyifli anlar ya\u015f\u0131yorlar.<\/p>\n\n\n\n<p>Sa\u011fl\u0131k konusunda bilgilendirme toplant\u0131lar\u0131n\u0131n yan\u0131 s\u0131ra \u00e7e\u015fitli aktivitelerinde yap\u0131ld\u0131\u011f\u0131 Emekli Evleri, \u00fcyelerine y\u00f6nelik olarak kent i\u00e7erisinde geziler de organize ediliyor. Bu kapsamda B\u00fcy\u00fck\u015fehir Belediyesi Erdemli Emekli Evi \u00fcyesi ya\u015f alm\u0131\u015f vatanda\u015flar i\u00e7in Tarsus Do\u011fa Park\u0131&#8217;na ve Berdan Baraj\u0131 mesire b\u00f6lgesine gezi d\u00fczenlendi.<\/p>\n\n\n\n<p>B\u00fcy\u00fck\u015fehir toplu ta\u015f\u0131ma ara\u00e7lar\u0131 ile transferleri yap\u0131lan 100 ki\u015filik grup, Tarsus Do\u011fa Park\u0131&#8217;n\u0131n e\u015fsiz ortam\u0131nda \u00e7e\u015fitli hayvanlar\u0131 yak\u0131ndan g\u00f6rme \u015fans\u0131 buldular. Park\u0131n yemye\u015fil ortam\u0131nda keyifli gezi yapan Erdemli Emekli Evi \u00fcyeleri, bol bol foto\u011fraf \u00e7ekmeyi de ihmal etmediler. Do\u011fa Park\u0131&#8217;n\u0131n ard\u0131ndan Berdan Baraj\u0131 mesire alan\u0131na giden Erdemli Emekli Evi \u00fcyelerine burada yemek ikram edildi. Berdan Baraj\u0131&#8217;ndan gelen co\u015fkun sular\u0131n kenar\u0131nda unutamayacaklar\u0131 anlar ya\u015fayan Erdemli Emekli Evi \u00fcyeleri ard\u0131ndan \u00e7al\u0131nan m\u00fczikle doyas\u0131ya e\u011flenme \u015fans\u0131 da yakalad\u0131lar.<\/p>\n\n\n\n<p>D\u00fczenlenen gezi sayesinde ya\u015f alm\u0131\u015f yurtta\u015flar, g\u00fcnl\u00fck ya\u015fam\u0131n stresinden uzakla\u015farak do\u011fayla bulu\u015fma f\u0131rsat\u0131 yakalad\u0131.<\/p>\n\n\n\n<p><strong>Bozkurt: &#8220;Faaliyetler bu sene de devam edecek&#8221;<\/strong><\/p>\n\n\n\n<p>Mersin B\u00fcy\u00fck\u015fehir Belediyesi Emekli Evleri Sorumlusu Ertu\u011frul Bozkurt, emeklilere y\u00f6nelik sosyal faaliyetlerin yaz sezonunda da devam edece\u011fini kaydederek,&nbsp;<strong>&#8220;Sadece Erdemli Emekli Evi de\u011fil, di\u011fer Emekli Evlerimizi de getirdik. Ya\u015f alm\u0131\u015f bireylerimiz i\u00e7in konferanslar, bilgilendirme toplant\u0131lar\u0131, e\u011fitimlerimiz oluyor. Tabi bunun yan\u0131nda e\u011flencelerimiz falan da oluyor. Denize, park alanlar\u0131na, pikniklere g\u00f6t\u00fcr\u00fcyoruz, spor faaliyetlerimiz oluyor. Bu t\u00fcr faaliyetler bu sene de devam edecek&#8221;<\/strong>&nbsp;ifadelerini kulland\u0131.<\/p>\n\n\n\n<p><strong>Karahan: &#8220;Belediye Ba\u015fkan\u0131m\u0131z olmasa g\u00f6remeyiz buralar\u0131, maddi durumdan gelemeyiz&#8221;<\/strong><\/p>\n\n\n\n<p>B\u00fcy\u00fck\u015fehir Erdemli Emekli Evi&#8217;nin imk\u00e2nlar\u0131ndan faydalanan Nurseli Karahan, geziyi \u00e7ok be\u011fendi\u011fini kaydederek,&nbsp;<strong>&#8220;Vahap Se\u00e7er&#8217;den de \u00e7ok memnunuz. Hep gezdirdi bizi \u015fimdiye kadar. Emekli Evi&#8217;nden de memnunuz. Her \u015fey \u00e7ok g\u00fczel. Do\u011fa Park&#8217;\u0131 da hi\u00e7 g\u00f6rmedi\u011fim bir parkt\u0131 70 ya\u015f\u0131nday\u0131m, hi\u00e7 b\u00f6yle bir park g\u00f6rmedim. \u00c7ok g\u00fczeldi, b\u00fct\u00fcn canl\u0131lar\u0131 g\u00f6rd\u00fck. Anlatt\u0131lar, yaz\u0131lar\u0131n\u0131 okuduk. Memnun kald\u0131k, ho\u015fumuza gitti, stresimizi att\u0131k. Bizim ihtiya\u00e7 duydu\u011fumuz bu, bize bu ya\u015f\u0131m\u0131zda b\u00f6yle geziler gerekli. \u0130mkan\u0131m\u0131z yok, Ba\u015fkan\u0131m\u0131z olmasa biz g\u00f6remeyiz buralar\u0131, maddi durumdan gelemeyiz&#8221;<\/strong>&nbsp;diye konu\u015ftu.<\/p>\n\n\n\n<p><strong>Mucuko\u011flu: &#8220;Yap\u0131lanlar \u00e7ok gurur verici&#8221;<\/strong><\/p>\n\n\n\n<p>Erdemli&#8217;de ikamet eden Cesarettin Mucuko\u011flu, Mersin B\u00fcy\u00fck\u015fehir Belediyesi&#8217;nin verdi\u011fi hizmetlerden olduk\u00e7a memnun oldu\u011funu s\u00f6yleyerek,&nbsp;<strong>&#8220;Daha \u00f6nce Mersin&#8217;de A\u015f\u0131k Veysel program\u0131na geldim, \u00e7ok s\u00fcperdi. \u015eimdi de bu hayvanat bah\u00e7esine, tabiat park\u0131na geldim. Buralar\u0131 gezdik, \u015fimdi de bu derenin kenar\u0131 \u00e7ok g\u00fczel. Belediyenin emekliler i\u00e7in b\u00f6yle imkanlar\u0131 sa\u011flamalar\u0131 \u00e7ok g\u00fczel. Ben de istiyorum ki memleketimdekiler de bunlar\u0131 duysun, g\u00f6rs\u00fcn,&nbsp; b\u00f6yle \u015feyler yaps\u0131n. Yap\u0131lanlar ger\u00e7ekten \u00e7ok gurur verici&#8221;<\/strong>&nbsp;\u015feklinde konu\u015ftu.<\/p>\n\n\n\n<p><strong>Fatma Solta: &#8220;Ba\u015fkan\u0131m\u0131z kad\u0131nlara \u00e7ok de\u011fer veriyor&#8221;<\/strong><\/p>\n\n\n\n<p>T\u00fcm emeklileri, B\u00fcy\u00fck\u015fehir Emekli Evleri olanaklar\u0131ndan faydalanmaya davet eden Fatma Solta ise&nbsp;<strong>&#8220;B\u00fcy\u00fck\u015fehir Belediyesi&#8217;nin a\u00e7t\u0131\u011f\u0131 emekli evinden \u00e7ok g\u00fczel faydalan\u0131yoruz. A\u00e7\u0131ld\u0131\u011f\u0131 g\u00fcnden beri \u00fcyesiyiz. Gitti\u011fimizde \u00e7ok g\u00fczel hizmet veriliyor. Emekliler orada toplan\u0131p, sohbet ediyorlar. Bu konuda Vahap Se\u00e7er Ba\u015fkan\u0131m\u0131za te\u015fekk\u00fcr ederiz. Bug\u00fcn de Tarsus Do\u011fa Park&#8217;\u0131 gezdik. G\u00fczel an\u0131lar\u0131m\u0131z oldu, foto\u011fraflar \u00e7ekindik. B\u00fct\u00fcn emekli, Erdemli&#8217;deki arkada\u015flar\u0131m\u0131z\u0131 Emekli Evi&#8217;ne \u00fcye olmaya davet ediyorum&#8221;<\/strong>&nbsp;dedi.<\/p>\n","protected":false},"excerpt":{"rendered":"<p>Mersin B\u00fcy\u00fck\u015fehir Belediyesi&#8217;nin Emekli Evleri, ya\u015f alm\u0131\u015f yurtta\u015flara y\u00f6nelik hizmetlerine devam ediyor. B\u00fcy\u00fck\u015fehir Belediyesi Sosyal Hizmetler Dairesi Ba\u015fkanl\u0131\u011f\u0131 b\u00fcnyesinde faaliyet y\u00fcr\u00fcten Yeni\u015fehir, Mezitli, Halkkent, Tarsus, Erdemli ve Anamur Emekli Evleri&#8217;nden faydalanan emekliler, sosyal aktivitelerle keyifli anlar ya\u015f\u0131yorlar. Sa\u011fl\u0131k konusunda bilgilendirme toplant\u0131lar\u0131n\u0131n yan\u0131 s\u0131ra \u00e7e\u015fitli aktivitelerinde yap\u0131ld\u0131\u011f\u0131 Emekli Evleri, \u00fcyelerine y\u00f6nelik olarak kent i\u00e7erisinde geziler de [&hellip;]<\/p>\n","protected":false},"author":2,"featured_media":52468,"comment_status":"closed","ping_status":"closed","sticky":false,"template":"","format":"standard","meta":{"footnotes":""},"categories":[3],"tags":[],"class_list":["post-52467","post","type-post","status-publish","format-standard","has-post-thumbnail","hentry","category-manset"],"views":2,"_links":{"self":[{"href":"https:\/\/mersinkadingazetesi.com\/index.php?rest_route=\/wp\/v2\/posts\/52467"}],"collection":[{"href":"https:\/\/mersinkadingazetesi.com\/index.php?rest_route=\/wp\/v2\/posts"}],"about":[{"href":"https:\/\/mersinkadingazetesi.com\/index.php?rest_route=\/wp\/v2\/types\/post"}],"author":[{"embeddable":true,"href":"https:\/\/mersinkadingazetesi.com\/index.php?rest_route=\/wp\/v2\/users\/2"}],"replies":[{"embeddable":true,"href":"https:\/\/mersinkadingazetesi.com\/index.php?rest_route=%2Fwp%2Fv2%2Fcomments&post=52467"}],"version-history":[{"count":1,"href":"https:\/\/mersinkadingazetesi.com\/index.php?rest_route=\/wp\/v2\/posts\/52467\/revisions"}],"predecessor-version":[{"id":52469,"href":"https:\/\/mersinkadingazetesi.com\/index.php?rest_route=\/wp\/v2\/posts\/52467\/revisions\/52469"}],"wp:featuredmedia":[{"embeddable":true,"href":"https:\/\/mersinkadingazetesi.com\/index.php?rest_route=\/wp\/v2\/media\/52468"}],"wp:attachment":[{"href":"https:\/\/mersinkadingazetesi.com\/index.php?rest_route=%2Fwp%2Fv2%2Fmedia&parent=52467"}],"wp:term":[{"taxonomy":"category","embeddable":true,"href":"https:\/\/mersinkadingazetesi.com\/index.php?rest_route=%2Fwp%2Fv2%2Fcategories&post=52467"},{"taxonomy":"post_tag","embeddable":true,"href":"https:\/\/mersinkadingazetesi.com\/index.php?rest_route=%2Fwp%2Fv2%2Ftags&post=52467"}],"curies":[{"name":"wp","href":"https:\/\/api.w.org\/{rel}","templated":true}]}}