{"id":52477,"date":"2026-04-28T15:02:21","date_gmt":"2026-04-28T12:02:21","guid":{"rendered":"https:\/\/mersinkadingazetesi.com\/?p=52477"},"modified":"2026-04-28T15:02:22","modified_gmt":"2026-04-28T12:02:22","slug":"surdurulebilir-gelecek-icin-guc-birligi","status":"publish","type":"post","link":"https:\/\/mersinkadingazetesi.com\/?p=52477","title":{"rendered":"S\u00fcrd\u00fcr\u00fclebilir Gelecek \u0130\u00e7in G\u00fc\u00e7 Birli\u011fi"},"content":{"rendered":"\n<p>Mersin \u00dcniversitesi \u0130leri Teknoloji E\u011fitim, Ara\u015ft\u0131rma ve Uygulama Merkezi (ME\u0130TAM) ile 1. D\u00f6ng\u00fcsel Ekonomi, At\u0131k Y\u00f6netimi ve S\u00fcrd\u00fcr\u00fclebilirlik Sempozyumu (DASS-2025) d\u00fczenleme ve bilim kurulu \u00fcyelerinden olu\u015fan bir heyet, Mersin Organize Sanayi B\u00f6lgesi\u2019ni (Mersin OSB) ziyaret etti.<\/p>\n\n\n\n<p>Ziyarette; ME\u0130TAM M\u00fcd\u00fcr\u00fc Prof. Dr. Aylin D\u00f6\u011fen, M\u00fcd\u00fcr Yard\u0131mc\u0131lar\u0131 Prof. Dr. Mehmet Sami Serin ve Prof. Dr. Sedat Sayar, M\u00fchendislik Fak\u00fcltesi \u00c7evre M\u00fchendisli\u011fi B\u00f6l\u00fcm\u00fc \u00f6\u011fretim \u00fcyesi Prof. Dr. Nadir Dizge ve Toros \u00dcniversitesi M\u00fchendislik Fak\u00fcltesi Elektrik-Elektronik M\u00fchendisli\u011fi B\u00f6l\u00fcm\u00fc Prof. Dr. Ali Kemal Havare yer ald\u0131.<\/p>\n\n\n\n<p>\u00dcniversite-Sanayi \u0130\u015f Birli\u011finde Stratejik Hedefler<\/p>\n\n\n\n<p>Mersin OSB Y\u00f6netim Kurulu Ba\u015fkan\u0131 Sabri Tekli ve B\u00f6lge M\u00fcd\u00fcr Yard\u0131mc\u0131s\u0131 Hasan \u00c7ay ile bir araya gelen ME\u00dc heyeti, akademik bilginin sanayi \u00fcretimine entegre edilmesi ve \u00fcniversite-sanayi i\u015f birli\u011finin geli\u015ftirilmesine y\u00f6nelik kapsaml\u0131 g\u00f6r\u00fc\u015f al\u0131\u015fveri\u015finde bulundu. G\u00f6r\u00fc\u015fmede; b\u00f6lgesel kalk\u0131nmada \u00fcniversitelerin rol\u00fc ve sanayinin ihtiya\u00e7 duydu\u011fu teknolojik \u00e7\u00f6z\u00fcmler \u00fczerinde duruldu.<\/p>\n\n\n\n<p>\u0130novasyon ve Model Fabrika Sahada \u0130ncelendi<\/p>\n\n\n\n<p>Ziyaret kapsam\u0131nda Mersin OSB b\u00fcnyesinde faaliyet g\u00f6steren Model Fabrika ve \u0130novasyon Merkezi de yerinde incelendi. Merkezde y\u00fcr\u00fct\u00fclen Ar-Ge \u00e7al\u0131\u015fmalar\u0131 ve verimlilik odakl\u0131 \u00fcretim s\u00fcre\u00e7leri hakk\u0131nda detayl\u0131 bilgi alan heyet; bu merkezlerin, \u00f6\u011frencilerin uygulama becerilerini geli\u015ftirmesi ve ortak projeler \u00fcretilmesi noktas\u0131ndaki potansiyelini de\u011ferlendirdi.<\/p>\n\n\n\n<p>DASS-2 Sempozyumu \u0130\u00e7in Haz\u0131rl\u0131klar Ba\u015flad\u0131<\/p>\n\n\n\n<p>G\u00f6r\u00fc\u015fmenin bir di\u011fer \u00f6nemli g\u00fcndem maddesini ise s\u00fcrd\u00fcr\u00fclebilirlik \u00e7al\u0131\u015fmalar\u0131 olu\u015fturdu. \u0130lki b\u00fcy\u00fck ba\u015far\u0131yla tamamlanan D\u00f6ng\u00fcsel Ekonomi, At\u0131k Y\u00f6netimi ve S\u00fcrd\u00fcr\u00fclebilirlik Sempozyumu\u2019nun (DASS) ilerleyen s\u00fcre\u00e7te d\u00fczenlenmesi planlanan ikinci halkas\u0131na ili\u015fkin \u00f6n de\u011ferlendirmeler yap\u0131ld\u0131. Mersin OSB\u2019nin sempozyum s\u00fcre\u00e7lerine sa\u011flayabilece\u011fi katk\u0131lar ve at\u0131k y\u00f6netimi konusundaki sekt\u00f6rel beklentiler masaya yat\u0131r\u0131ld\u0131.<\/p>\n","protected":false},"excerpt":{"rendered":"<p>Mersin \u00dcniversitesi \u0130leri Teknoloji E\u011fitim, Ara\u015ft\u0131rma ve Uygulama Merkezi (ME\u0130TAM) ile 1. D\u00f6ng\u00fcsel Ekonomi, At\u0131k Y\u00f6netimi ve S\u00fcrd\u00fcr\u00fclebilirlik Sempozyumu (DASS-2025) d\u00fczenleme ve bilim kurulu \u00fcyelerinden olu\u015fan bir heyet, Mersin Organize Sanayi B\u00f6lgesi\u2019ni (Mersin OSB) ziyaret etti. Ziyarette; ME\u0130TAM M\u00fcd\u00fcr\u00fc Prof. Dr. Aylin D\u00f6\u011fen, M\u00fcd\u00fcr Yard\u0131mc\u0131lar\u0131 Prof. Dr. Mehmet Sami Serin ve Prof. Dr. Sedat Sayar, [&hellip;]<\/p>\n","protected":false},"author":2,"featured_media":52478,"comment_status":"closed","ping_status":"closed","sticky":false,"template":"","format":"standard","meta":{"footnotes":""},"categories":[3,5],"tags":[],"class_list":["post-52477","post","type-post","status-publish","format-standard","has-post-thumbnail","hentry","category-manset","category-mersin"],"views":0,"_links":{"self":[{"href":"https:\/\/mersinkadingazetesi.com\/index.php?rest_route=\/wp\/v2\/posts\/52477"}],"collection":[{"href":"https:\/\/mersinkadingazetesi.com\/index.php?rest_route=\/wp\/v2\/posts"}],"about":[{"href":"https:\/\/mersinkadingazetesi.com\/index.php?rest_route=\/wp\/v2\/types\/post"}],"author":[{"embeddable":true,"href":"https:\/\/mersinkadingazetesi.com\/index.php?rest_route=\/wp\/v2\/users\/2"}],"replies":[{"embeddable":true,"href":"https:\/\/mersinkadingazetesi.com\/index.php?rest_route=%2Fwp%2Fv2%2Fcomments&post=52477"}],"version-history":[{"count":1,"href":"https:\/\/mersinkadingazetesi.com\/index.php?rest_route=\/wp\/v2\/posts\/52477\/revisions"}],"predecessor-version":[{"id":52479,"href":"https:\/\/mersinkadingazetesi.com\/index.php?rest_route=\/wp\/v2\/posts\/52477\/revisions\/52479"}],"wp:featuredmedia":[{"embeddable":true,"href":"https:\/\/mersinkadingazetesi.com\/index.php?rest_route=\/wp\/v2\/media\/52478"}],"wp:attachment":[{"href":"https:\/\/mersinkadingazetesi.com\/index.php?rest_route=%2Fwp%2Fv2%2Fmedia&parent=52477"}],"wp:term":[{"taxonomy":"category","embeddable":true,"href":"https:\/\/mersinkadingazetesi.com\/index.php?rest_route=%2Fwp%2Fv2%2Fcategories&post=52477"},{"taxonomy":"post_tag","embeddable":true,"href":"https:\/\/mersinkadingazetesi.com\/index.php?rest_route=%2Fwp%2Fv2%2Ftags&post=52477"}],"curies":[{"name":"wp","href":"https:\/\/api.w.org\/{rel}","templated":true}]}}