{"id":52480,"date":"2026-04-28T16:01:47","date_gmt":"2026-04-28T13:01:47","guid":{"rendered":"https:\/\/mersinkadingazetesi.com\/?p=52480"},"modified":"2026-04-28T16:01:47","modified_gmt":"2026-04-28T13:01:47","slug":"taselinin-yerel-lezzeti-kenger-urlada-tanitilacak","status":"publish","type":"post","link":"https:\/\/mersinkadingazetesi.com\/?p=52480","title":{"rendered":"TA\u015eEL\u0130\u2019N\u0130N YEREL LEZZET\u0130 &#8216;KENGER&#8217; URLA\u2019DA TANITILACAK"},"content":{"rendered":"\n<p>Mersin\u2019in Ta\u015feli B\u00f6lgesi\u2019ne \u00f6zg\u00fc \u00fcr\u00fcnlerden biri olan kenger kahvesi, bu y\u0131l da Uluslararas\u0131 Enginar Festivali kapsam\u0131nda ziyaret\u00e7ilerle bulu\u015facak. 1-3 May\u0131s 2026 tarihleri aras\u0131nda Urla\u2019da d\u00fczenlenecek festivalde, y\u00f6resel \u00fcr\u00fcn\u00fcn tan\u0131t\u0131m\u0131 ve sat\u0131\u015f\u0131 ger\u00e7ekle\u015ftirilecek.<\/p>\n\n\n\n<p>Y\u00f6rede \u201cY\u00f6r\u00fck kahvesi\u201d olarak da bilinen ve yabani enginar t\u00fcr\u00fc kenger bitkisinden zahmetli bir s\u00fcre\u00e7le elde edilen \u00fcr\u00fcn i\u00e7in festival alan\u0131nda stant kurulacak. Ayr\u0131ca yerel televizyon kanallar\u0131na r\u00f6portajlar verilerek kenger kahvesinin \u00fcretim s\u00fcreci ve \u00f6zellikleri anlat\u0131lacak.<\/p>\n\n\n\n<p>\u00dcr\u00fcn\u00fc \u00fc\u00e7 y\u0131ld\u0131r e-ticaret \u00fczerinden T\u00fcrkiye genelinde t\u00fcketicilere ula\u015ft\u0131rd\u0131klar\u0131n\u0131 belirten Silifke Market yetkilileri, kenger kahvesinin yo\u011fun ilgi g\u00f6rd\u00fc\u011f\u00fcn\u00fc ifade etti. Bu giri\u015fimle Silifke\u2019nin yerel de\u011ferlerinin daha geni\u015f kitlelere tan\u0131t\u0131lmas\u0131n\u0131n hedeflendi\u011fi vurguland\u0131.<\/p>\n\n\n\n<p>Yetkililer ayr\u0131ca, Silifke limonu, \u00e7ile\u011fi ve yo\u011furdu ba\u015fta olmak \u00fczere b\u00f6lgeye \u00f6zg\u00fc \u00fcr\u00fcnlerin katma de\u011ferini art\u0131rmaya y\u00f6nelik \u00e7al\u0131\u015fmalar\u0131n s\u00fcrd\u00fc\u011f\u00fcn\u00fc, yeni \u00fcr\u00fcnlerin de geli\u015ftirilmesi i\u00e7in haz\u0131rl\u0131k yap\u0131ld\u0131\u011f\u0131n\u0131 kaydetti.<\/p>\n","protected":false},"excerpt":{"rendered":"<p>Mersin\u2019in Ta\u015feli B\u00f6lgesi\u2019ne \u00f6zg\u00fc \u00fcr\u00fcnlerden biri olan kenger kahvesi, bu y\u0131l da Uluslararas\u0131 Enginar Festivali kapsam\u0131nda ziyaret\u00e7ilerle bulu\u015facak. 1-3 May\u0131s 2026 tarihleri aras\u0131nda Urla\u2019da d\u00fczenlenecek festivalde, y\u00f6resel \u00fcr\u00fcn\u00fcn tan\u0131t\u0131m\u0131 ve sat\u0131\u015f\u0131 ger\u00e7ekle\u015ftirilecek. Y\u00f6rede \u201cY\u00f6r\u00fck kahvesi\u201d olarak da bilinen ve yabani enginar t\u00fcr\u00fc kenger bitkisinden zahmetli bir s\u00fcre\u00e7le elde edilen \u00fcr\u00fcn i\u00e7in festival alan\u0131nda stant kurulacak. [&hellip;]<\/p>\n","protected":false},"author":2,"featured_media":52481,"comment_status":"closed","ping_status":"closed","sticky":false,"template":"","format":"standard","meta":{"footnotes":""},"categories":[3],"tags":[],"class_list":["post-52480","post","type-post","status-publish","format-standard","has-post-thumbnail","hentry","category-manset"],"views":4,"_links":{"self":[{"href":"https:\/\/mersinkadingazetesi.com\/index.php?rest_route=\/wp\/v2\/posts\/52480"}],"collection":[{"href":"https:\/\/mersinkadingazetesi.com\/index.php?rest_route=\/wp\/v2\/posts"}],"about":[{"href":"https:\/\/mersinkadingazetesi.com\/index.php?rest_route=\/wp\/v2\/types\/post"}],"author":[{"embeddable":true,"href":"https:\/\/mersinkadingazetesi.com\/index.php?rest_route=\/wp\/v2\/users\/2"}],"replies":[{"embeddable":true,"href":"https:\/\/mersinkadingazetesi.com\/index.php?rest_route=%2Fwp%2Fv2%2Fcomments&post=52480"}],"version-history":[{"count":1,"href":"https:\/\/mersinkadingazetesi.com\/index.php?rest_route=\/wp\/v2\/posts\/52480\/revisions"}],"predecessor-version":[{"id":52482,"href":"https:\/\/mersinkadingazetesi.com\/index.php?rest_route=\/wp\/v2\/posts\/52480\/revisions\/52482"}],"wp:featuredmedia":[{"embeddable":true,"href":"https:\/\/mersinkadingazetesi.com\/index.php?rest_route=\/wp\/v2\/media\/52481"}],"wp:attachment":[{"href":"https:\/\/mersinkadingazetesi.com\/index.php?rest_route=%2Fwp%2Fv2%2Fmedia&parent=52480"}],"wp:term":[{"taxonomy":"category","embeddable":true,"href":"https:\/\/mersinkadingazetesi.com\/index.php?rest_route=%2Fwp%2Fv2%2Fcategories&post=52480"},{"taxonomy":"post_tag","embeddable":true,"href":"https:\/\/mersinkadingazetesi.com\/index.php?rest_route=%2Fwp%2Fv2%2Ftags&post=52480"}],"curies":[{"name":"wp","href":"https:\/\/api.w.org\/{rel}","templated":true}]}}