{"id":52491,"date":"2026-04-29T09:36:17","date_gmt":"2026-04-29T06:36:17","guid":{"rendered":"https:\/\/mersinkadingazetesi.com\/?p=52491"},"modified":"2026-04-29T09:36:18","modified_gmt":"2026-04-29T06:36:18","slug":"mersin-turizmi-icin-buyuksehir-belediyesinden-atak","status":"publish","type":"post","link":"https:\/\/mersinkadingazetesi.com\/?p=52491","title":{"rendered":"MERS\u0130N TUR\u0130ZM\u0130 \u0130\u00c7\u0130N B\u00dcY\u00dcK\u015eEH\u0130R BELED\u0130YES\u0130&#8217;NDEN ATAK"},"content":{"rendered":"\n<p>\u0130\u00e7inde bar\u0131nd\u0131rd\u0131\u011f\u0131 birbirinden farkl\u0131 k\u00fclt\u00fcrleri, e\u015fsiz do\u011fas\u0131, ke\u015ffedilmeyi bekleyen tarihi ile Mersin&#8217;de bir turizm ata\u011f\u0131na haz\u0131rlanan Mersin B\u00fcy\u00fck\u015fehir Belediyesi; gastronomisi, do\u011fas\u0131, tarihi ve k\u00fclt\u00fcr\u00fc ile \u00f6ne \u00e7\u0131kan noktalarda turizm fark\u0131ndal\u0131\u011f\u0131n\u0131 art\u0131rmak, yerel halk\u0131n turizm faaliyetlerine kat\u0131l\u0131m\u0131n\u0131 sa\u011flamak ve yerel turizm kapasitesini geli\u015ftirmek amac\u0131yla e\u011fitim program\u0131 d\u00fczenledi. K\u00fclt\u00fcr, Sanat ve Sosyal \u0130\u015fler Dairesi Ba\u015fkanl\u0131\u011f\u0131 Turizm ve Tan\u0131t\u0131m \u015eube M\u00fcd\u00fcrl\u00fc\u011f\u00fc taraf\u0131ndan yap\u0131lan e\u011fitimler; Hamzabeyli, Uzuncabur\u00e7, Melemez ve \u00c7\u00f6melek mahallelerinde ger\u00e7ekle\u015ftirildi.<\/p>\n\n\n\n<p>Co\u011frafi \u00f6zelliklerine ba\u011fl\u0131 olarak ni\u015f ve organik \u00fcr\u00fcnleri \u00f6ne \u00e7\u0131kan mahalleleri \u00f6nceleyen B\u00fcy\u00fck\u015fehir ekipleri; k\u0131rsal turizm fark\u0131ndal\u0131\u011f\u0131, yerel turizm potansiyelinin geli\u015ftirilmesi, yerel \u00fcr\u00fcnlerin turizme kazand\u0131r\u0131lmas\u0131 ve markala\u015fmas\u0131, ziyaret\u00e7i kar\u015f\u0131lama ve misafir memnuniyeti, hizmet standartlar\u0131, s\u00fcrd\u00fcr\u00fclebilir turizm uygulamalar\u0131, ev pansiyonculu\u011fu, hijyen, konaklama hizmet standartlar\u0131, el sanatlar\u0131 ve yerel \u00fcretimin pazarlanmas\u0131, sat\u0131\u015f teknikleri, paketleme, etiketleme ve fiyatland\u0131rma, tan\u0131t\u0131m y\u00f6ntemleri, k\u00fclt\u00fcrel ve do\u011fal de\u011ferlerin korunarak turizme entegrasyonu, kad\u0131nlar ve gen\u00e7lerin s\u00fcrece kat\u0131l\u0131m\u0131 ile ileti\u015fim ve temsil becerilerinin geli\u015ftirilmesi konular\u0131nda teorik ve uygulamal\u0131 e\u011fitimler verdi. Turizme dair her detay, alan\u0131nda uzman olan turizm acentas\u0131 sahibi, destinasyon uzman\u0131 ve dan\u0131\u015fman\u0131 Erdal \u00c7eri taraf\u0131ndan anlat\u0131ld\u0131.<\/p>\n\n\n\n<p><strong>Eren: &#8220;Turizme kat\u0131l\u0131m\u0131 olan b\u00f6lge halk\u0131nda fark\u0131ndal\u0131k olu\u015fturmay\u0131 hedefliyoruz&#8221;<\/strong><\/p>\n\n\n\n<p>B\u00fcy\u00fck\u015fehir olarak \u00d6rnek K\u00f6y ve Arkeok\u00f6y projelerinin hayata ge\u00e7irildi\u011fi noktalarda turizm \u00e7al\u0131\u015fmalar\u0131 yapt\u0131klar\u0131n\u0131 s\u00f6yleyen Turizm Tan\u0131t\u0131m \u015eube M\u00fcd\u00fcr\u00fc Eylem Eren,&nbsp;<strong>&#8220;Bir s\u00fcredir 4 tane \u00d6rnek K\u00f6y \u00e7al\u0131\u015fmas\u0131 y\u00fcr\u00fct\u00fcyoruz. \u00d6rnek K\u00f6y \u00e7al\u0131\u015fmalar\u0131 yaparken turizm fark\u0131ndal\u0131\u011f\u0131n\u0131n artmas\u0131, b\u00f6lgede olu\u015facak turizm hareketlili\u011finin halk taraf\u0131ndan kabul edilebilirli\u011finin sa\u011flanmas\u0131 a\u00e7\u0131s\u0131ndan bir dizi e\u011fitim planlamas\u0131 yapt\u0131k. \u0130lkini Melemez K\u00f6y\u00fc&#8217;nde ba\u015flatt\u0131k. Ard\u0131ndan Kan Portakal\u0131 ile \u00f6ne \u00e7\u0131kan Hamzabeyli, Jeok\u00f6y \u00c7\u00f6melek ve Arkeok\u00f6y projelerimizi ger\u00e7ekle\u015ftirdi\u011fimiz Uzuncabur\u00e7&#8217;ta bu e\u011fitimleri ger\u00e7ekle\u015ftirdik&#8221;<\/strong>&nbsp;dedi.<\/p>\n\n\n\n<p>Turizme elveri\u015fli noktalarda bu \u00e7al\u0131\u015fmalar\u0131 yapt\u0131klar\u0131n\u0131 s\u00f6yleyen Eren,&nbsp;<strong>&#8220;Amac\u0131m\u0131z; b\u00f6lge halk\u0131n\u0131n turizme do\u011frudan ya da dolayl\u0131 bir kat\u0131l\u0131m\u0131 varsa, bununla alakal\u0131 bir fark\u0131ndal\u0131k olu\u015fturmak. Hizmet sekt\u00f6r\u00fcne veya \u00fcretime dahil olacaksa, onunla ilgili bilmesi gereken ne varsa \u00f6\u011frenmesini sa\u011flamak&#8221;<\/strong>&nbsp;s\u00f6zlerine yer verdi. Turizm fark\u0131ndal\u0131\u011f\u0131n\u0131 art\u0131rmak i\u00e7in se\u00e7ilen b\u00f6lgelerin ni\u015f \u00fcr\u00fcnlerini, do\u011fal g\u00fczelliklerini veya tarihini \u00f6ne \u00e7\u0131karmak i\u00e7in e\u011fitimlerin \u00e7ok k\u0131ymetli oldu\u011funu s\u00f6yleyen Eren, her b\u00f6lgenin kendine ait \u00f6zellikleriyle turizme yatk\u0131nl\u0131klar\u0131n\u0131 anlatt\u0131. Kentin payda\u015flar\u0131 ile ortak hareket ederek her b\u00f6lgenin ihtiyac\u0131na uygun hareket ettiklerinin alt\u0131n\u0131 \u00e7izen Eren, \u00e7al\u0131\u015fmalar\u0131n\u0131n h\u0131z kesmeden devam edece\u011fini vurgulad\u0131.<\/p>\n\n\n\n<p><strong>\u00c7eri: &#8220;Mersin do\u011fru destinasyon ile k\u0131sa s\u00fcrede turistlerin u\u011frak noktas\u0131 haline gelecek&#8221;<\/strong><\/p>\n\n\n\n<p>Mersin&#8217;i kar\u0131\u015f kar\u0131\u015f gezerek bildiklerini yerel halk ile payla\u015fan turizm acentas\u0131 sahibi, destinasyon uzman\u0131 ve dan\u0131\u015fman\u0131 Erdal \u00c7eri, k\u0131rsalda turizm fark\u0131ndal\u0131\u011f\u0131 konusunda yapt\u0131\u011f\u0131 e\u011fitimlerde g\u00f6zlemlerini aktard\u0131. Mersin&#8217;in turizm i\u00e7in iyi bir altyap\u0131s\u0131 oldu\u011funu s\u00f6yleyen \u00c7eri,&nbsp;<strong>&#8220;Mersin asl\u0131nda bilinen, ama bir o kadar da bilinmeyen bir yer. Biz k\u00f6ylerde, antik kentlerde, sahillerde, otellerde ve bir\u00e7ok yerde verece\u011fimiz e\u011fitim sonucunda, bir \u00fcr\u00fcn\u00fc nas\u0131l geli\u015ftirece\u011fimize dair altyap\u0131y\u0131 olu\u015fturmaya \u00e7al\u0131\u015ft\u0131k. Ben inan\u0131yorum ki, k\u0131sa vadede kamunun da \u00e7abalar\u0131yla Mersin do\u011fru bir destinasyon haline gelecek ve turistlerin, \u00f6zellikle de deneyim turistlerinin gelip g\u00f6rmek isteyece\u011fi bir yer olacak&#8221;<\/strong>&nbsp;diye konu\u015ftu.<\/p>\n\n\n\n<p>Yerel halk\u0131n bu destinasyona haz\u0131r oldu\u011funu ifade eden \u00c7eri,&nbsp;<strong>&#8220;Ellerinde turiste sunabilecekleri \u015feyler var. Bir k\u0131sm\u0131n\u0131 da buna al\u0131\u015ft\u0131rmak gerekiyor. E\u011fitimlere devam etmek, altyap\u0131da ve pazarlamada onlara destek olmak laz\u0131m. Turizmin, bacas\u0131z bir sanayi olarak bir\u00e7ok ki\u015fiye gelir kayna\u011f\u0131 olaca\u011f\u0131n\u0131 anlatmam\u0131z gerekir&#8221;&nbsp;<\/strong>ifadelerini kulland\u0131. Mersin&#8217;i merak edenlere seslenen \u00c7eri,&nbsp;<strong>&#8220;Buras\u0131 sadece deniz ve g\u00fcne\u015fi olan bir yer de\u011fil. \u00c7ok farkl\u0131 \u00fcr\u00fcnlerin, \u00e7ok farkl\u0131 g\u00f6r\u00fclecek yerlerin, do\u011fan\u0131n, tarihin, Kilikya gibi anlat\u0131labilecek ge\u00e7mi\u015f tarihin yan\u0131nda, ayn\u0131 zamanda o g\u00fcnden bug\u00fcne gelen Y\u00f6r\u00fck, T\u00fcrkmen hatta Girit k\u00fclt\u00fcr\u00fcn\u00fcn bulunabilece\u011fi farkl\u0131 kombinasyonlar\u0131n, mozai\u011fin \u00e7ok rahat g\u00f6r\u00fcnebilece\u011fi bir yer. Onun i\u00e7in gelip burada bir \u015fekilde bunu ya\u015fay\u0131p deneyimlemelerini isterim&#8221;<\/strong>&nbsp;dedi.<\/p>\n\n\n\n<p><strong>Muhtar \u00dcnal: &#8220;Uzuncabur\u00e7 tarihin cennetidir&#8221;<\/strong><\/p>\n\n\n\n<p>Bilinen 3 bin y\u0131ll\u0131k ge\u00e7mi\u015fi ve e\u015fsiz kal\u0131nt\u0131lar\u0131yla tarih severlerin en \u00e7ok ilgi g\u00f6sterdi\u011fi noktalardan birisi olan Uzuncabur\u00e7 Mahalle Muhtar\u0131 Haluk \u00dcnal, Uzuncabur\u00e7 i\u00e7in&nbsp;<strong><em>&#8216;Tarihin cenneti&#8217;<\/em><\/strong>&nbsp;tabirini kulland\u0131. E\u011fitimler sayesinde turizmi daha da canland\u0131racaklar\u0131n\u0131 s\u00f6yleyen Muhtar \u00dcnal,&nbsp;<strong>&#8220;G\u00f6rmeyenleri buraya bekleriz, duyanlar duymayanlara s\u00f6ylesin. Buras\u0131, herkesin g\u00f6rmesini istedi\u011fimiz tarihi bir kentimiz. Mersin B\u00fcy\u00fck\u015fehir Belediyemize, \u00f6zellikle Vahap Ba\u015fkan\u0131m\u0131za \u00e7ok te\u015fekk\u00fcr ediyoruz. Bizim k\u00f6y\u00fcm\u00fcz\u00fc Arkeok\u00f6y ilan etti. \u00c7al\u0131\u015fmalar da yo\u011fun bir \u015fekilde devam ediyor&#8221;<\/strong>&nbsp;diyerek, emek veren herkese te\u015fekk\u00fcr etti.<\/p>\n\n\n\n<p><strong>Y\u0131lmaz: &#8220;Bu proje T\u00fcrkiye&#8217;de ilk defa uygulanacak olan bir proje&#8221;<\/strong><\/p>\n\n\n\n<p>\u00c7\u00f6melekliler Dayan\u0131\u015fma ve K\u00fclt\u00fcr Derne\u011fi Ba\u015fkan\u0131 Muhsin Y\u0131lmaz, \u00c7\u00f6melek&#8217;de d\u00fczenlenen turizm bilgilendirme toplant\u0131s\u0131n\u0131n k\u00f6y i\u00e7in \u00f6nemli bir ad\u0131m oldu\u011funu belirtti. Y\u0131lmaz, Mersin B\u00fcy\u00fck\u015fehir Belediyesi taraf\u0131ndan k\u00f6y\u00fcn ge\u00e7ti\u011fimiz y\u0131l Jeok\u00f6y \u00d6rnekk\u00f6y projesi kapsam\u0131na al\u0131nd\u0131\u011f\u0131n\u0131 ifade ederek<strong>, &#8220;Bu proje T\u00fcrkiye&#8217;de ilk defa uygulanacak olan bir proje. Bu proje kapsam\u0131nda buran\u0131n jeolojik, tarihi ve do\u011fal yap\u0131s\u0131 ile tar\u0131msal \u00fcretim girdileri konusunda \u00e7al\u0131\u015fmalar yap\u0131lacak. T\u00fcrkiye&#8217;nin say\u0131l\u0131 kanyonlar\u0131ndan biri olan Sason Kanyonu da burada ve turizme a\u00e7\u0131ld\u0131. Her g\u00fcn onlarca ki\u015fi buraya gelip ziyaret ediyor&#8221;<\/strong>&nbsp;dedi.<\/p>\n\n\n\n<p><strong>G\u00f6lgeli: &#8220;B\u00fcy\u00fck\u015fehir Belediyesi&#8217;nin k\u00f6ye y\u00f6nelik destekleri \u00e7ok \u00f6nemli&#8221;<\/strong><\/p>\n\n\n\n<p>\u00c7\u00f6melek Mahallesi Muhtar Azas\u0131 Mustafa G\u00f6lgeli, k\u00f6y\u00fcn tar\u0131m ve hayvanc\u0131l\u0131k a\u00e7\u0131s\u0131ndan \u00f6nemli bir potansiyele sahip oldu\u011funu ifade etti. B\u00fcy\u00fck\u015fehir Belediyesi&#8217;nin k\u00f6ye y\u00f6nelik desteklerinin \u00f6nemli oldu\u011funu vurgulayan G\u00f6lgeli,&nbsp;<strong>&#8220;Ba\u015fkan\u0131m\u0131z Vahap Se\u00e7er&#8217;e k\u00f6y\u00fcm\u00fcze yapt\u0131\u011f\u0131 katk\u0131lardan dolay\u0131 te\u015fekk\u00fcr ediyoruz. Tar\u0131m ve hayvanc\u0131l\u0131k konusunda, belediyemizin hassas oldu\u011funu g\u00f6r\u00fcyoruz. Verilen e\u011fitimle, mahalle sakinlerimiz bir\u00e7ok konuda bilgi sahibi oldu. \u00dcretilen \u00fcr\u00fcnlerin pazarlanmas\u0131, turistlere yakla\u015f\u0131m gibi konularda \u00f6nemli bilgiler ald\u0131lar. Bu e\u011fitimin k\u00f6y\u00fcm\u00fcz i\u00e7in \u00e7ok faydal\u0131 olaca\u011f\u0131na inan\u0131yorum&#8221;<\/strong>&nbsp;ifadelerini kulland\u0131.<\/p>\n\n\n\n<p><strong>Vatanda\u015flar verilen e\u011fitimden ve desteklerden memnun<\/strong><\/p>\n\n\n\n<p>Verilen e\u011fitimden \u00e7ok memnun oldu\u011funu s\u00f6yleyen Hamzabeyli sakini Elif Erdo\u011fan,&nbsp;<strong>&#8220;Bizler i\u00e7in g\u00fczel bir deneyim ve gelir kap\u0131s\u0131 oldu. Yapt\u0131\u011f\u0131m\u0131z \u00fcr\u00fcnlerden biz de memnunuz, alanlar da&#8230; Hamzabeyli K\u00f6y\u00fc&#8217;ne gelmek isteyenlere duyururuz. K\u00f6y\u00fcm\u00fczde her \u015fey mevcut. Organik, temiz ve titizlikle yap\u0131lm\u0131\u015f \u00fcr\u00fcnleri halk\u0131m\u0131za sunmaya haz\u0131r\u0131z&#8221;<\/strong>&nbsp;dedi.<\/p>\n\n\n\n<p>Ba\u015fkan Vahap Se\u00e7er&#8217;e te\u015fekk\u00fcr eden Hamzabeyli sakini Fatma Erdo\u011fan,&nbsp;<strong>&#8220;\u00c7orbam\u0131z\u0131, mant\u0131m\u0131z\u0131 turistlerimize ikram etmeyi \u00e7ok istiyoruz. Her \u015feyi do\u011fal \u00fcr\u00fcnlerle yap\u0131yoruz. Geldi\u011fimiz toplant\u0131larda da bilgi sahibi oluyor, bilmedi\u011fimiz \u015feyleri \u00f6\u011freniyoruz. B\u00fct\u00fcn halk\u0131m\u0131z\u0131n buraya gelmesini, burada ya\u015famas\u0131n\u0131 isterim&#8221;<\/strong>&nbsp;diye konu\u015ftu. &nbsp;<\/p>\n\n\n\n<p>T\u00fcrk\u00e7e \u00d6\u011fretmeni Sibel \u00dcnal, ata topraklar\u0131na d\u00f6nerek lavanta \u00fcretimine ba\u015flad\u0131\u011f\u0131n\u0131 ve k\u00f6yde yap\u0131lan turizm e\u011fitiminin kendisini motive etti\u011fini s\u00f6yledi. Verilen e\u011fitimin k\u0131rsal kalk\u0131nma a\u00e7\u0131s\u0131ndan \u00f6nemli oldu\u011funa dikkat \u00e7eken \u00dcnal,&nbsp;<strong>&#8220;\u00d6ncelikle Ba\u015fkan\u0131m\u0131z Vahap Se\u00e7er&#8217;e, e\u015fi Meral Han\u0131m&#8217;a ve eme\u011fi ge\u00e7en herkese \u00e7ok te\u015fekk\u00fcr ediyoruz. Bu desteklerin, \u00c7\u00f6melek&#8217;i daha ileri bir noktaya ta\u015f\u0131yaca\u011f\u0131n\u0131 d\u00fc\u015f\u00fcn\u00fcyorum. Hem e\u011fitime hem sosyalle\u015fmeye hem de ekonomik katk\u0131ya b\u00fcy\u00fck fayda sa\u011flayacak&#8221;<\/strong>&nbsp;ifadelerini kulland\u0131.<\/p>\n","protected":false},"excerpt":{"rendered":"<p>\u0130\u00e7inde bar\u0131nd\u0131rd\u0131\u011f\u0131 birbirinden farkl\u0131 k\u00fclt\u00fcrleri, e\u015fsiz do\u011fas\u0131, ke\u015ffedilmeyi bekleyen tarihi ile Mersin&#8217;de bir turizm ata\u011f\u0131na haz\u0131rlanan Mersin B\u00fcy\u00fck\u015fehir Belediyesi; gastronomisi, do\u011fas\u0131, tarihi ve k\u00fclt\u00fcr\u00fc ile \u00f6ne \u00e7\u0131kan noktalarda turizm fark\u0131ndal\u0131\u011f\u0131n\u0131 art\u0131rmak, yerel halk\u0131n turizm faaliyetlerine kat\u0131l\u0131m\u0131n\u0131 sa\u011flamak ve yerel turizm kapasitesini geli\u015ftirmek amac\u0131yla e\u011fitim program\u0131 d\u00fczenledi. K\u00fclt\u00fcr, Sanat ve Sosyal \u0130\u015fler Dairesi Ba\u015fkanl\u0131\u011f\u0131 Turizm ve [&hellip;]<\/p>\n","protected":false},"author":2,"featured_media":52492,"comment_status":"closed","ping_status":"closed","sticky":false,"template":"","format":"standard","meta":{"footnotes":""},"categories":[3],"tags":[],"class_list":["post-52491","post","type-post","status-publish","format-standard","has-post-thumbnail","hentry","category-manset"],"views":2,"_links":{"self":[{"href":"https:\/\/mersinkadingazetesi.com\/index.php?rest_route=\/wp\/v2\/posts\/52491"}],"collection":[{"href":"https:\/\/mersinkadingazetesi.com\/index.php?rest_route=\/wp\/v2\/posts"}],"about":[{"href":"https:\/\/mersinkadingazetesi.com\/index.php?rest_route=\/wp\/v2\/types\/post"}],"author":[{"embeddable":true,"href":"https:\/\/mersinkadingazetesi.com\/index.php?rest_route=\/wp\/v2\/users\/2"}],"replies":[{"embeddable":true,"href":"https:\/\/mersinkadingazetesi.com\/index.php?rest_route=%2Fwp%2Fv2%2Fcomments&post=52491"}],"version-history":[{"count":1,"href":"https:\/\/mersinkadingazetesi.com\/index.php?rest_route=\/wp\/v2\/posts\/52491\/revisions"}],"predecessor-version":[{"id":52493,"href":"https:\/\/mersinkadingazetesi.com\/index.php?rest_route=\/wp\/v2\/posts\/52491\/revisions\/52493"}],"wp:featuredmedia":[{"embeddable":true,"href":"https:\/\/mersinkadingazetesi.com\/index.php?rest_route=\/wp\/v2\/media\/52492"}],"wp:attachment":[{"href":"https:\/\/mersinkadingazetesi.com\/index.php?rest_route=%2Fwp%2Fv2%2Fmedia&parent=52491"}],"wp:term":[{"taxonomy":"category","embeddable":true,"href":"https:\/\/mersinkadingazetesi.com\/index.php?rest_route=%2Fwp%2Fv2%2Fcategories&post=52491"},{"taxonomy":"post_tag","embeddable":true,"href":"https:\/\/mersinkadingazetesi.com\/index.php?rest_route=%2Fwp%2Fv2%2Ftags&post=52491"}],"curies":[{"name":"wp","href":"https:\/\/api.w.org\/{rel}","templated":true}]}}