{"id":52496,"date":"2026-04-29T15:57:02","date_gmt":"2026-04-29T12:57:02","guid":{"rendered":"https:\/\/mersinkadingazetesi.com\/?p=52496"},"modified":"2026-04-29T15:57:03","modified_gmt":"2026-04-29T12:57:03","slug":"baskan-yildizdan-1-mayis-yuruyusune-davet","status":"publish","type":"post","link":"https:\/\/mersinkadingazetesi.com\/?p=52496","title":{"rendered":"BA\u015eKAN YILDIZ&#8217;DAN 1 MAYIS Y\u00dcR\u00dcY\u00dc\u015e\u00dcNE DAVET"},"content":{"rendered":"\n<p><strong>Toroslar Belediye Ba\u015fkan\u0131 Abdurrahman Y\u0131ld\u0131z, 1 May\u0131s Birlik, Dayan\u0131\u015fma ve M\u00fccadele G\u00fcn\u00fc dolay\u0131s\u0131yla yay\u0131mlad\u0131\u011f\u0131 mesajla hem t\u00fcm emek\u00e7ilerin bayram\u0131n\u0131 kutlad\u0131 hem de birlik ve dayan\u0131\u015fma vurgusu yapt\u0131.<\/strong><\/p>\n\n\n\n<p>Ba\u015fkan Y\u0131ld\u0131z, yapt\u0131\u011f\u0131 a\u00e7\u0131klamada eme\u011fin toplumsal hayat\u0131n en temel unsuru oldu\u011funa dikkat \u00e7ekerek, t\u00fcm i\u015f\u00e7ileri 1 May\u0131s&#8217;ta d\u00fczenlenecek y\u00fcr\u00fcy\u00fc\u015f ve etkinliklere davet etti.<\/p>\n\n\n\n<p>Ba\u015fkan Y\u0131ld\u0131z, &#8220;\u0130\u015f\u00e7i s\u0131n\u0131f\u0131n\u0131n Birlik, Dayan\u0131\u015fma ve M\u00fccadele G\u00fcn\u00fc kutlu olsun. Gerek \u00fclkemizde gerek d\u00fcnyada ya\u015fam istedi\u011fimiz kadar g\u00fczel gitmiyor olabilir. Ekonomik, sosyal ve siyasal hayatta bir\u00e7ok sorunla bo\u011fu\u015fuyor olabiliriz. Ancak biz biliyoruz ki m\u00fccadele etti\u011fimizde, direndi\u011fimizde ve dayan\u0131\u015fma i\u00e7erisinde oldu\u011fumuzda ya\u015fam\u0131n her alan\u0131nda eme\u011fimizle, al\u0131n terimizle hayat\u0131 g\u00fczelle\u015ftirme g\u00fcc\u00fcne sahibiz.&#8221; dedi.<\/p>\n\n\n\n<p><strong>&#8220;T\u00dcM EMEK\u00c7\u0130LER\u0130M\u0130Z\u0130 1 MAYIS&#8217;TA ALANA DAVET ED\u0130YORUM&#8221;<\/strong><\/p>\n\n\n\n<p>1 May\u0131s&#8217;\u0131n yaln\u0131zca bir bayram de\u011fil, ayn\u0131 zamanda dayan\u0131\u015fman\u0131n ve ortak m\u00fccadelenin simgesi oldu\u011funu ifade eden Ba\u015fkan Y\u0131ld\u0131z, t\u00fcm emek\u00e7ilere \u00e7a\u011fr\u0131da bulunarak \u015funlar\u0131 s\u00f6yledi:<\/p>\n\n\n\n<p>&#8220;Bu anlaml\u0131 g\u00fcnde t\u00fcm i\u015f\u00e7i karde\u015flerimi miting alan\u0131nda birlikte olmaya davet ediyorum. 1 May\u0131s Cuma g\u00fcn\u00fc saat 13.00&#8217;te eski Tevfik S\u0131rr\u0131 G\u00fcr Stad\u0131&#8217;n\u0131n bulundu\u011fu miting toplanma alan\u0131nda bir araya gelece\u011fiz. Ben de orada olaca\u011f\u0131m ve emek\u00e7i karde\u015flerimizle birlikte bu anlaml\u0131 g\u00fcn\u00fc omuz omuza kutlayaca\u011f\u0131z. Hepinizi davet ediyorum.&#8221;<\/p>\n\n\n\n<p><strong>S\u00d6Z VERD\u0130, YER\u0130NE GET\u0130R\u0130YOR: 1 MAYIS \u0130KRAM\u0130YES\u0130<\/strong><\/p>\n\n\n\n<p>Toroslar Belediye Ba\u015fkan\u0131 Abdurrahman Y\u0131ld\u0131z, g\u00f6reve geldi\u011fi g\u00fcnden bu yana \u00e7al\u0131\u015fanlar\u0131n haklar\u0131n\u0131 g\u00f6zeten uygulamalar\u0131yla dikkat \u00e7ekerken, verdi\u011fi bir s\u00f6z\u00fc daha yerine getiriyor.<\/p>\n\n\n\n<p>Ge\u00e7ti\u011fimiz Temmuz ay\u0131nda imzalanan toplu i\u015f s\u00f6zle\u015fmesiyle \u00e7al\u0131\u015fanlar\u0131n sosyal haklar\u0131n\u0131 ve ikramiyelerini art\u0131ran Ba\u015fkan Y\u0131ld\u0131z, eme\u011fe verdi\u011fi de\u011feri somut ad\u0131mlarla da ortaya koyuyor. Bu kapsamda belediye b\u00fcnyesinde \u00e7al\u0131\u015fan t\u00fcm i\u015f\u00e7i personele 3 bin TL tutar\u0131nda 1 May\u0131s ikramiyesi \u00f6denecek. \u0130kramiyelerin, ay\u0131n 15&#8217;inde \u00e7al\u0131\u015fanlar\u0131n hesaplar\u0131na yat\u0131r\u0131laca\u011f\u0131 bildirildi.<\/p>\n","protected":false},"excerpt":{"rendered":"<p>Toroslar Belediye Ba\u015fkan\u0131 Abdurrahman Y\u0131ld\u0131z, 1 May\u0131s Birlik, Dayan\u0131\u015fma ve M\u00fccadele G\u00fcn\u00fc dolay\u0131s\u0131yla yay\u0131mlad\u0131\u011f\u0131 mesajla hem t\u00fcm emek\u00e7ilerin bayram\u0131n\u0131 kutlad\u0131 hem de birlik ve dayan\u0131\u015fma vurgusu yapt\u0131. Ba\u015fkan Y\u0131ld\u0131z, yapt\u0131\u011f\u0131 a\u00e7\u0131klamada eme\u011fin toplumsal hayat\u0131n en temel unsuru oldu\u011funa dikkat \u00e7ekerek, t\u00fcm i\u015f\u00e7ileri 1 May\u0131s&#8217;ta d\u00fczenlenecek y\u00fcr\u00fcy\u00fc\u015f ve etkinliklere davet etti. Ba\u015fkan Y\u0131ld\u0131z, &#8220;\u0130\u015f\u00e7i s\u0131n\u0131f\u0131n\u0131n Birlik, [&hellip;]<\/p>\n","protected":false},"author":2,"featured_media":52497,"comment_status":"closed","ping_status":"closed","sticky":false,"template":"","format":"standard","meta":{"footnotes":""},"categories":[3],"tags":[],"class_list":["post-52496","post","type-post","status-publish","format-standard","has-post-thumbnail","hentry","category-manset"],"views":1,"_links":{"self":[{"href":"https:\/\/mersinkadingazetesi.com\/index.php?rest_route=\/wp\/v2\/posts\/52496"}],"collection":[{"href":"https:\/\/mersinkadingazetesi.com\/index.php?rest_route=\/wp\/v2\/posts"}],"about":[{"href":"https:\/\/mersinkadingazetesi.com\/index.php?rest_route=\/wp\/v2\/types\/post"}],"author":[{"embeddable":true,"href":"https:\/\/mersinkadingazetesi.com\/index.php?rest_route=\/wp\/v2\/users\/2"}],"replies":[{"embeddable":true,"href":"https:\/\/mersinkadingazetesi.com\/index.php?rest_route=%2Fwp%2Fv2%2Fcomments&post=52496"}],"version-history":[{"count":1,"href":"https:\/\/mersinkadingazetesi.com\/index.php?rest_route=\/wp\/v2\/posts\/52496\/revisions"}],"predecessor-version":[{"id":52498,"href":"https:\/\/mersinkadingazetesi.com\/index.php?rest_route=\/wp\/v2\/posts\/52496\/revisions\/52498"}],"wp:featuredmedia":[{"embeddable":true,"href":"https:\/\/mersinkadingazetesi.com\/index.php?rest_route=\/wp\/v2\/media\/52497"}],"wp:attachment":[{"href":"https:\/\/mersinkadingazetesi.com\/index.php?rest_route=%2Fwp%2Fv2%2Fmedia&parent=52496"}],"wp:term":[{"taxonomy":"category","embeddable":true,"href":"https:\/\/mersinkadingazetesi.com\/index.php?rest_route=%2Fwp%2Fv2%2Fcategories&post=52496"},{"taxonomy":"post_tag","embeddable":true,"href":"https:\/\/mersinkadingazetesi.com\/index.php?rest_route=%2Fwp%2Fv2%2Ftags&post=52496"}],"curies":[{"name":"wp","href":"https:\/\/api.w.org\/{rel}","templated":true}]}}