{"id":52510,"date":"2026-04-30T09:24:34","date_gmt":"2026-04-30T06:24:34","guid":{"rendered":"https:\/\/mersinkadingazetesi.com\/?p=52510"},"modified":"2026-04-30T09:24:35","modified_gmt":"2026-04-30T06:24:35","slug":"buyuksehir-silifke-ashanesi-hem-ihtiyac-sahiplerine-hem-ogrencilere-ulasiyor","status":"publish","type":"post","link":"https:\/\/mersinkadingazetesi.com\/?p=52510","title":{"rendered":"B\u00dcY\u00dcK\u015eEH\u0130R S\u0130L\u0130FKE A\u015eHANES\u0130 HEM \u0130HT\u0130YA\u00c7 SAH\u0130PLER\u0130NE HEM \u00d6\u011eRENC\u0130LERE ULA\u015eIYOR"},"content":{"rendered":"\n<p>Mersin B\u00fcy\u00fck\u015fehir Belediyesi taraf\u0131ndan Silifke&#8217;de hizmete a\u00e7\u0131lan a\u015fhane, hafta i\u00e7i her g\u00fcn y\u00fczlerce ki\u015fiye s\u0131cak yemek ula\u015ft\u0131r\u0131yor. A\u015fhanede haz\u0131rlanan yemekler yaln\u0131zca ihtiya\u00e7 sahibi vatanda\u015flara de\u011fil, B\u00fcy\u00fck\u015fehir&#8217;in Silifke Kurs Merkezi&#8217;nde e\u011fitim g\u00f6ren \u00f6\u011frencilere de \u00f6\u011fle yeme\u011fi olarak ikram ediliyor.<\/p>\n\n\n\n<p>Mersin B\u00fcy\u00fck\u015fehir Belediyesi&#8217;nin Silifke&#8217;de hizmete a\u00e7t\u0131\u011f\u0131 a\u015fhane, sosyal belediyecilik anlay\u0131\u015f\u0131yla hem ihtiya\u00e7 sahibi vatanda\u015flara hem de \u00f6\u011frencilere destek oluyor. Sosyal Hizmetler Dairesi Ba\u015fkanl\u0131\u011f\u0131 b\u00fcnyesinde hizmet veren a\u015fhanede haz\u0131rlanan yemekler; ya\u015fl\u0131, hasta ve engelli vatanda\u015flar\u0131n yan\u0131 s\u0131ra, B\u00fcy\u00fck\u015fehir Belediyesi Kurs Merkezi&#8217;nde e\u011fitim g\u00f6ren \u00f6\u011frencilere de \u00fccretsiz olarak ula\u015ft\u0131r\u0131l\u0131yor.<\/p>\n\n\n\n<p><strong>K\u0131ca: &#8220;A\u015fhanemizde g\u00fcnl\u00fck ortalama 500 ki\u015filik yemek haz\u0131rlan\u0131yor&#8221;<\/strong><\/p>\n\n\n\n<p>Mersin B\u00fcy\u00fck\u015fehir Belediyesi Silifke A\u015fhanesi Sorumlu A\u015f\u00e7\u0131s\u0131 \u0130knur K\u0131ca, a\u015fhanenin Aral\u0131k 2025&#8217;te hizmet vermeye ba\u015flad\u0131\u011f\u0131n\u0131 belirterek, bir\u00e7ok farkl\u0131 kesime yemek deste\u011fi sa\u011fland\u0131\u011f\u0131n\u0131 s\u00f6yledi. A\u015fhane&#8217;de haz\u0131rlanan yemeklerin, ihtiya\u00e7 sahibi vatanda\u015flar\u0131n yan\u0131 s\u0131ra, kurs merkezindeki \u00f6\u011frencilere de ula\u015ft\u0131r\u0131ld\u0131\u011f\u0131n\u0131 ifade eden K\u0131ca,&nbsp;<strong>&#8220;A\u015fhanemizde g\u00fcnl\u00fck 500 ki\u015filik yemek \u00e7\u0131k\u0131yor. Haz\u0131rlad\u0131\u011f\u0131m\u0131z yemekleri; evinde yeme\u011fini pi\u015firemeyen ya\u015fl\u0131, hasta ve engelli ihtiya\u00e7 sahiplerine, kurs merkezinde bulunan \u00f6\u011frencilerimize ve taziyesi olan vatanda\u015flar\u0131m\u0131za ilk g\u00fcn destek yeme\u011fi olarak ikram ediyoruz&#8221;&nbsp;<\/strong>dedi.<\/p>\n\n\n\n<p>Mahalle Mutfa\u011f\u0131&#8217;nda sat\u0131\u015fa sunulan yemeklerin de A\u015fhane&#8217;de pi\u015firildi\u011fini s\u00f6zlerine ekleyen K\u0131ca,&nbsp;<strong>&#8220;\u00d6\u011fleden sonralar\u0131, Camiikebir Mahallesi&#8217;nde bulunan Mahalle Mutfa\u011f\u0131m\u0131zda, a\u015fhanemizde haz\u0131rlam\u0131\u015f oldu\u011fumuz 3 \u00e7e\u015fitten olu\u015fan yeme\u011fin sat\u0131\u015f\u0131n\u0131 yap\u0131yoruz. Ayr\u0131ca k\u0131\u015f aylar\u0131nda, sabah\u0131n erken saatlerinde haz\u0131rlad\u0131\u011f\u0131m\u0131z 500 ki\u015filik &#8216;1 Ekmek 1 \u00c7orba&#8217; hizmetini de veriyoruz. 2026 y\u0131l\u0131 Ramazan ay\u0131nda ise ilk kez Silifke A\u015fhanemizde haz\u0131rlad\u0131\u011f\u0131m\u0131z 5 bin ki\u015filik iftar yeme\u011fini, farkl\u0131 noktalarda vatanda\u015flar\u0131m\u0131za ula\u015ft\u0131rd\u0131k&#8221;<\/strong>&nbsp;ifadelerini kulland\u0131.<\/p>\n\n\n\n<p><strong>Silifke A\u015fhanesi&#8217;nden Kurs Merkezi \u00f6\u011frencilerine s\u0131cak \u00f6\u011fle yeme\u011fi ikram\u0131<\/strong><\/p>\n\n\n\n<p>B\u00fcy\u00fck\u015fehir Belediyesi&#8217;nin Silifke&#8217;deki Kurs Merkezi&#8217;nde e\u011fitim g\u00f6ren \u00f6\u011frenciler, a\u015fhanede haz\u0131rlanan yemeklerin hem lezzetli hem de doyurucu oldu\u011funu dile getirerek, hizmetten \u00e7ok memnun olduklar\u0131n\u0131 ifade ettiler.<\/p>\n\n\n\n<p>B\u00fcy\u00fck\u015fehir&#8217;in Silifke Kurs Merkezi&#8217;nde e\u011fitim alan 6. s\u0131n\u0131f \u00f6\u011frencisi Asya \u00c7oban, verilen yemeklerin \u00f6\u011frenciler i\u00e7in olduk\u00e7a iyi oldu\u011funu belirterek,&nbsp;<strong>&#8220;Bu hizmeti iyi buluyorum. \u00d6\u011frenciler i\u00e7in bu yemekler bence ideal ve lezzetli. Bug\u00fcn men\u00fcm\u00fczde kuru fasulye, pilav ve yo\u011furt vard\u0131. Bence \u00e7ok g\u00fczel&#8221;<\/strong>&nbsp;dedi.<\/p>\n\n\n\n<p>Kurs Merkezi&#8217;ne yeni ba\u015flayan Emirhan Efe Y\u0131ld\u0131z, verilen hizmetlerden memnun oldu\u011funu ifade ederek,&nbsp;<strong>&#8220;Kurs Merkezi&#8217;ni \u00e7ok g\u00fczel buldum. Dersler ve anlat\u0131m \u00e7ok iyi. Yemekler de taze ve s\u0131cac\u0131k oluyor. \u00c7ok memnunum&#8221;<\/strong>&nbsp;diye konu\u015ftu.<\/p>\n\n\n\n<p>Kurs Merkezi&#8217;nden uzun s\u00fcredir yararlanan Ali \u0130hsan Uzun da derslerin verimli ge\u00e7ti\u011fini belirterek,&nbsp;<strong>&#8220;Dersleri seviyorum. Yemekler de s\u0131cak ve g\u00fczel oluyor. Yan\u0131nda ekmeklerimiz de taze geliyor&#8221;<\/strong>&nbsp;ifadelerini kulland\u0131.<\/p>\n","protected":false},"excerpt":{"rendered":"<p>Mersin B\u00fcy\u00fck\u015fehir Belediyesi taraf\u0131ndan Silifke&#8217;de hizmete a\u00e7\u0131lan a\u015fhane, hafta i\u00e7i her g\u00fcn y\u00fczlerce ki\u015fiye s\u0131cak yemek ula\u015ft\u0131r\u0131yor. A\u015fhanede haz\u0131rlanan yemekler yaln\u0131zca ihtiya\u00e7 sahibi vatanda\u015flara de\u011fil, B\u00fcy\u00fck\u015fehir&#8217;in Silifke Kurs Merkezi&#8217;nde e\u011fitim g\u00f6ren \u00f6\u011frencilere de \u00f6\u011fle yeme\u011fi olarak ikram ediliyor. Mersin B\u00fcy\u00fck\u015fehir Belediyesi&#8217;nin Silifke&#8217;de hizmete a\u00e7t\u0131\u011f\u0131 a\u015fhane, sosyal belediyecilik anlay\u0131\u015f\u0131yla hem ihtiya\u00e7 sahibi vatanda\u015flara hem de \u00f6\u011frencilere [&hellip;]<\/p>\n","protected":false},"author":2,"featured_media":52511,"comment_status":"closed","ping_status":"closed","sticky":false,"template":"","format":"standard","meta":{"footnotes":""},"categories":[3],"tags":[],"class_list":["post-52510","post","type-post","status-publish","format-standard","has-post-thumbnail","hentry","category-manset"],"views":6,"_links":{"self":[{"href":"https:\/\/mersinkadingazetesi.com\/index.php?rest_route=\/wp\/v2\/posts\/52510"}],"collection":[{"href":"https:\/\/mersinkadingazetesi.com\/index.php?rest_route=\/wp\/v2\/posts"}],"about":[{"href":"https:\/\/mersinkadingazetesi.com\/index.php?rest_route=\/wp\/v2\/types\/post"}],"author":[{"embeddable":true,"href":"https:\/\/mersinkadingazetesi.com\/index.php?rest_route=\/wp\/v2\/users\/2"}],"replies":[{"embeddable":true,"href":"https:\/\/mersinkadingazetesi.com\/index.php?rest_route=%2Fwp%2Fv2%2Fcomments&post=52510"}],"version-history":[{"count":1,"href":"https:\/\/mersinkadingazetesi.com\/index.php?rest_route=\/wp\/v2\/posts\/52510\/revisions"}],"predecessor-version":[{"id":52512,"href":"https:\/\/mersinkadingazetesi.com\/index.php?rest_route=\/wp\/v2\/posts\/52510\/revisions\/52512"}],"wp:featuredmedia":[{"embeddable":true,"href":"https:\/\/mersinkadingazetesi.com\/index.php?rest_route=\/wp\/v2\/media\/52511"}],"wp:attachment":[{"href":"https:\/\/mersinkadingazetesi.com\/index.php?rest_route=%2Fwp%2Fv2%2Fmedia&parent=52510"}],"wp:term":[{"taxonomy":"category","embeddable":true,"href":"https:\/\/mersinkadingazetesi.com\/index.php?rest_route=%2Fwp%2Fv2%2Fcategories&post=52510"},{"taxonomy":"post_tag","embeddable":true,"href":"https:\/\/mersinkadingazetesi.com\/index.php?rest_route=%2Fwp%2Fv2%2Ftags&post=52510"}],"curies":[{"name":"wp","href":"https:\/\/api.w.org\/{rel}","templated":true}]}}