{"id":52513,"date":"2026-04-30T09:26:28","date_gmt":"2026-04-30T06:26:28","guid":{"rendered":"https:\/\/mersinkadingazetesi.com\/?p=52513"},"modified":"2026-04-30T09:26:29","modified_gmt":"2026-04-30T06:26:29","slug":"baskan-secerden-1-mayis-emek-ve-dayanisma-gunu-mesaji-3","status":"publish","type":"post","link":"https:\/\/mersinkadingazetesi.com\/?p=52513","title":{"rendered":"BA\u015eKAN SE\u00c7ER&#8217;DEN &#8216;1 MAYIS EMEK VE DAYANI\u015eMA G\u00dcN\u00dc&#8217; MESAJI"},"content":{"rendered":"\n<p>T\u00fcrkiye Belediyeler Birli\u011fi (TBB) Ba\u015fkan Vekili ve Mersin B\u00fcy\u00fck\u015fehir Belediye Ba\u015fkan\u0131 Vahap Se\u00e7er,&nbsp;<strong>&#8216;1 May\u0131s Emek ve Dayan\u0131\u015fma G\u00fcn\u00fc&#8217;<\/strong>&nbsp;dolay\u0131s\u0131yla bir mesaj yay\u0131mlad\u0131. Ba\u015fkan Se\u00e7er, mesaj\u0131nda \u015fu ifadelere yer verdi:<\/p>\n\n\n\n<p><strong>&#8221; &#8216;1 May\u0131s Emek ve Dayan\u0131\u015fma G\u00fcn\u00fc&#8217;, al\u0131n terinin ve dayan\u0131\u015fman\u0131n hayat buldu\u011fu, emek\u00e7inin haklar\u0131n\u0131n kararl\u0131l\u0131kla savunuldu\u011fu ve onurlu bir ya\u015fam m\u00fccadelesi i\u00e7in ortak iradenin ortaya konuldu\u011fu bir g\u00fcnd\u00fcr.<\/strong><\/p>\n\n\n\n<p><strong>Bug\u00fcn T\u00fcrkiye&#8217;de milyonlarca emek\u00e7i; hayat pahal\u0131l\u0131\u011f\u0131, g\u00fcvencesiz \u00e7al\u0131\u015fma ko\u015fullar\u0131 ve gelir adaletsizli\u011fi ile m\u00fccadele ederken eme\u011fin kar\u015f\u0131l\u0131\u011f\u0131n\u0131 almak her ge\u00e7en g\u00fcn daha da zorla\u015f\u0131yor. Oysa eme\u011fin de\u011fersizle\u015fti\u011fi toplumlarda adalet de refah da kal\u0131c\u0131 olamaz. Bu nedenle emek\u00e7inin hakk\u0131n\u0131 korumak, yaln\u0131zca bir sosyal politika de\u011fil; g\u00fc\u00e7l\u00fc bir ekonomi ve adil bir toplumun temel \u015fart\u0131d\u0131r.<\/strong><\/p>\n\n\n\n<p><strong>Mersin B\u00fcy\u00fck\u015fehir Belediyesi olarak g\u00f6reve geldi\u011fimiz g\u00fcnden bu yana eme\u011fi \u00f6nceleyen bir y\u00f6netim \u00e7izgisini kararl\u0131l\u0131kla s\u00fcrd\u00fcr\u00fcyoruz. \u00c7al\u0131\u015fma arkada\u015flar\u0131m\u0131z\u0131n haklar\u0131n\u0131 koruyan, i\u015f g\u00fcvenli\u011fini esas alan, e\u015fitlik\u00e7i ve adil bir \u00e7al\u0131\u015fma ortam\u0131 i\u00e7in somut ad\u0131mlar at\u0131yoruz. Bu anlay\u0131\u015fla, tar\u0131mda, sanayide, hizmet sekt\u00f6r\u00fcnde, bu kentin her k\u00f6\u015fesinde emek veren t\u00fcm hem\u015fehrilerimizin yan\u0131nda olmaya; hayata ge\u00e7irdi\u011fimiz hizmet ve yat\u0131r\u0131mlarla yerel ve b\u00f6lgesel kalk\u0131nmay\u0131 g\u00fc\u00e7lendiren politikalar \u00fcretmeye devam edece\u011fiz.<\/strong><\/p>\n\n\n\n<p><strong>Bu duygu ve d\u00fc\u015f\u00fcncelerle \u00fclkemizin ve kentimizin geli\u015fmesi i\u00e7in al\u0131n teri d\u00f6ken t\u00fcm i\u015f\u00e7i ve emek\u00e7ilerimizin &#8216;1 May\u0131s Emek ve Dayan\u0131\u015fma G\u00fcn\u00fc&#8217;n\u00fc kutluyorum.&#8221;<\/strong><\/p>\n","protected":false},"excerpt":{"rendered":"<p>T\u00fcrkiye Belediyeler Birli\u011fi (TBB) Ba\u015fkan Vekili ve Mersin B\u00fcy\u00fck\u015fehir Belediye Ba\u015fkan\u0131 Vahap Se\u00e7er,&nbsp;&#8216;1 May\u0131s Emek ve Dayan\u0131\u015fma G\u00fcn\u00fc&#8217;&nbsp;dolay\u0131s\u0131yla bir mesaj yay\u0131mlad\u0131. Ba\u015fkan Se\u00e7er, mesaj\u0131nda \u015fu ifadelere yer verdi: &#8221; &#8216;1 May\u0131s Emek ve Dayan\u0131\u015fma G\u00fcn\u00fc&#8217;, al\u0131n terinin ve dayan\u0131\u015fman\u0131n hayat buldu\u011fu, emek\u00e7inin haklar\u0131n\u0131n kararl\u0131l\u0131kla savunuldu\u011fu ve onurlu bir ya\u015fam m\u00fccadelesi i\u00e7in ortak iradenin ortaya konuldu\u011fu [&hellip;]<\/p>\n","protected":false},"author":2,"featured_media":52514,"comment_status":"closed","ping_status":"closed","sticky":false,"template":"","format":"standard","meta":{"footnotes":""},"categories":[3],"tags":[],"class_list":["post-52513","post","type-post","status-publish","format-standard","has-post-thumbnail","hentry","category-manset"],"views":6,"_links":{"self":[{"href":"https:\/\/mersinkadingazetesi.com\/index.php?rest_route=\/wp\/v2\/posts\/52513"}],"collection":[{"href":"https:\/\/mersinkadingazetesi.com\/index.php?rest_route=\/wp\/v2\/posts"}],"about":[{"href":"https:\/\/mersinkadingazetesi.com\/index.php?rest_route=\/wp\/v2\/types\/post"}],"author":[{"embeddable":true,"href":"https:\/\/mersinkadingazetesi.com\/index.php?rest_route=\/wp\/v2\/users\/2"}],"replies":[{"embeddable":true,"href":"https:\/\/mersinkadingazetesi.com\/index.php?rest_route=%2Fwp%2Fv2%2Fcomments&post=52513"}],"version-history":[{"count":1,"href":"https:\/\/mersinkadingazetesi.com\/index.php?rest_route=\/wp\/v2\/posts\/52513\/revisions"}],"predecessor-version":[{"id":52515,"href":"https:\/\/mersinkadingazetesi.com\/index.php?rest_route=\/wp\/v2\/posts\/52513\/revisions\/52515"}],"wp:featuredmedia":[{"embeddable":true,"href":"https:\/\/mersinkadingazetesi.com\/index.php?rest_route=\/wp\/v2\/media\/52514"}],"wp:attachment":[{"href":"https:\/\/mersinkadingazetesi.com\/index.php?rest_route=%2Fwp%2Fv2%2Fmedia&parent=52513"}],"wp:term":[{"taxonomy":"category","embeddable":true,"href":"https:\/\/mersinkadingazetesi.com\/index.php?rest_route=%2Fwp%2Fv2%2Fcategories&post=52513"},{"taxonomy":"post_tag","embeddable":true,"href":"https:\/\/mersinkadingazetesi.com\/index.php?rest_route=%2Fwp%2Fv2%2Ftags&post=52513"}],"curies":[{"name":"wp","href":"https:\/\/api.w.org\/{rel}","templated":true}]}}