{"id":52527,"date":"2026-04-30T11:28:18","date_gmt":"2026-04-30T08:28:18","guid":{"rendered":"https:\/\/mersinkadingazetesi.com\/?p=52527"},"modified":"2026-04-30T11:28:19","modified_gmt":"2026-04-30T08:28:19","slug":"baskan-ahmet-serkan-tuncer-emekcilerimizin-yanindayiz-omuz-omuzayiz","status":"publish","type":"post","link":"https:\/\/mersinkadingazetesi.com\/?p=52527","title":{"rendered":"BA\u015eKAN AHMET SERKAN TUNCER: &#8220;EMEK\u00c7\u0130LER\u0130M\u0130Z\u0130N YANINDAYIZ, OMUZ OMUZAYIZ&#8221;"},"content":{"rendered":"\n<p>Do\u011fu Akdeniz Belediyeler Birli\u011fi (DABB) Ba\u015fkan\u0131 ve Mezitli Belediye Ba\u015fkan\u0131 Ahmet Serkan Tuncer, 1 May\u0131s Emek ve Dayan\u0131\u015fma G\u00fcn\u00fc dolay\u0131s\u0131yla bir mesaj yay\u0131mlayarak t\u00fcm emek\u00e7ilerin bayram\u0131n\u0131 kutlad\u0131.<\/p>\n\n\n\n<p><strong>Eme\u011fin De\u011feri ve Dayan\u0131\u015fman\u0131n G\u00fcc\u00fc<\/strong><\/p>\n\n\n\n<p>Ba\u015fkan Tuncer mesaj\u0131nda, eme\u011fin ve al\u0131n terinin toplumun en temel de\u011feri oldu\u011funu vurgulayarak,<\/p>\n\n\n\n<p><strong>&#8220;\u00dcreten, \u00e7al\u0131\u015fan ve kentimizin geli\u015fimine katk\u0131 sunan t\u00fcm i\u015f\u00e7i karde\u015flerimizin her zaman yan\u0131nda olmaya devam edece\u011fiz. Onlar\u0131n hak etti\u011fi ya\u015fam ko\u015fullar\u0131na ula\u015fmas\u0131 i\u00e7in omuz omuza m\u00fccadele ediyoruz&#8221;<\/strong>&nbsp;ifadelerini kulland\u0131.<\/p>\n\n\n\n<p><strong>Kentimizin G\u00fcc\u00fc Emek\u00e7ilerimizin Al\u0131n Teridir<\/strong><\/p>\n\n\n\n<p>Emek\u00e7ilerin fedak\u00e2rl\u0131\u011f\u0131 sayesinde kentlerin b\u00fcy\u00fcd\u00fc\u011f\u00fcn\u00fc ve g\u00fc\u00e7lendi\u011fini belirten Tuncer, a\u00e7\u0131klamas\u0131nda \u015fu de\u011ferlendirmelere yer verdi:&nbsp;<strong>&#8220;Her bir emek\u00e7imizin ortaya koydu\u011fu al\u0131n teri, kentimizin yar\u0131nlar\u0131n\u0131 \u015fekillendiriyor. Daha ya\u015fanabilir, daha g\u00fc\u00e7l\u00fc bir Mezitli i\u00e7in verilen her eme\u011fin fark\u0131nday\u0131z ve bu eme\u011fi korumak en \u00f6nemli sorumluluklar\u0131m\u0131zdan biridir.&#8221;<\/strong><\/p>\n\n\n\n<p><strong>Eme\u011fe Sayg\u0131, \u0130\u015f\u00e7iye De\u011fer<\/strong><\/p>\n\n\n\n<p>1 May\u0131s&#8217;\u0131n yaln\u0131zca bir kutlama g\u00fcn\u00fc olmad\u0131\u011f\u0131n\u0131, ayn\u0131 zamanda eme\u011fe verilen de\u011ferin g\u00fc\u00e7l\u00fc bir \u015fekilde ifade edildi\u011fi \u00f6zel bir g\u00fcn oldu\u011funu belirten Ba\u015fkan Tuncer,&nbsp;<strong>&#8220;1 May\u0131s; dayan\u0131\u015fman\u0131n, birlikteli\u011fin ve eme\u011fe verilen de\u011ferin en g\u00fc\u00e7l\u00fc \u015fekilde hissedildi\u011fi g\u00fcnd\u00fcr. Mezitli Belediyesi olarak i\u015f\u00e7ilerimizin haklar\u0131n\u0131 koruyan, onlar\u0131n eme\u011fini y\u00fccelten bir anlay\u0131\u015fla \u00e7al\u0131\u015fmalar\u0131m\u0131z\u0131 kararl\u0131l\u0131kla s\u00fcrd\u00fcr\u00fcyoruz&#8221;&nbsp;<\/strong>dedi.<\/p>\n\n\n\n<p><strong>Her Zaman Emek\u00e7ilerimizin Yan\u0131nda Olaca\u011f\u0131z<\/strong><\/p>\n\n\n\n<p>Ba\u015fkan Tuncer mesaj\u0131n\u0131n sonunda t\u00fcm emek\u00e7ilerin 1 May\u0131s \u0130\u015f\u00e7i Bayram\u0131&#8217;n\u0131 kutlayarak \u015fu ifadelerle s\u00f6zlerini tamamlad\u0131:&#8221;<strong>T\u00fcm emek\u00e7i karde\u015flerimizin 1 May\u0131s Emek ve Dayan\u0131\u015fma G\u00fcn\u00fc&#8217;n\u00fc kutluyor; sa\u011fl\u0131k, huzur ve ba\u015far\u0131 dolu bir gelecek diliyorum. Her zaman emek\u00e7ilerimizin yan\u0131nda olmaya, onlar\u0131n sesi olmaya devam edece\u011fiz.&#8221;<\/strong><\/p>\n","protected":false},"excerpt":{"rendered":"<p>Do\u011fu Akdeniz Belediyeler Birli\u011fi (DABB) Ba\u015fkan\u0131 ve Mezitli Belediye Ba\u015fkan\u0131 Ahmet Serkan Tuncer, 1 May\u0131s Emek ve Dayan\u0131\u015fma G\u00fcn\u00fc dolay\u0131s\u0131yla bir mesaj yay\u0131mlayarak t\u00fcm emek\u00e7ilerin bayram\u0131n\u0131 kutlad\u0131. Eme\u011fin De\u011feri ve Dayan\u0131\u015fman\u0131n G\u00fcc\u00fc Ba\u015fkan Tuncer mesaj\u0131nda, eme\u011fin ve al\u0131n terinin toplumun en temel de\u011feri oldu\u011funu vurgulayarak, &#8220;\u00dcreten, \u00e7al\u0131\u015fan ve kentimizin geli\u015fimine katk\u0131 sunan t\u00fcm i\u015f\u00e7i karde\u015flerimizin [&hellip;]<\/p>\n","protected":false},"author":2,"featured_media":52528,"comment_status":"closed","ping_status":"closed","sticky":false,"template":"","format":"standard","meta":{"footnotes":""},"categories":[3],"tags":[],"class_list":["post-52527","post","type-post","status-publish","format-standard","has-post-thumbnail","hentry","category-manset"],"views":0,"_links":{"self":[{"href":"https:\/\/mersinkadingazetesi.com\/index.php?rest_route=\/wp\/v2\/posts\/52527"}],"collection":[{"href":"https:\/\/mersinkadingazetesi.com\/index.php?rest_route=\/wp\/v2\/posts"}],"about":[{"href":"https:\/\/mersinkadingazetesi.com\/index.php?rest_route=\/wp\/v2\/types\/post"}],"author":[{"embeddable":true,"href":"https:\/\/mersinkadingazetesi.com\/index.php?rest_route=\/wp\/v2\/users\/2"}],"replies":[{"embeddable":true,"href":"https:\/\/mersinkadingazetesi.com\/index.php?rest_route=%2Fwp%2Fv2%2Fcomments&post=52527"}],"version-history":[{"count":1,"href":"https:\/\/mersinkadingazetesi.com\/index.php?rest_route=\/wp\/v2\/posts\/52527\/revisions"}],"predecessor-version":[{"id":52529,"href":"https:\/\/mersinkadingazetesi.com\/index.php?rest_route=\/wp\/v2\/posts\/52527\/revisions\/52529"}],"wp:featuredmedia":[{"embeddable":true,"href":"https:\/\/mersinkadingazetesi.com\/index.php?rest_route=\/wp\/v2\/media\/52528"}],"wp:attachment":[{"href":"https:\/\/mersinkadingazetesi.com\/index.php?rest_route=%2Fwp%2Fv2%2Fmedia&parent=52527"}],"wp:term":[{"taxonomy":"category","embeddable":true,"href":"https:\/\/mersinkadingazetesi.com\/index.php?rest_route=%2Fwp%2Fv2%2Fcategories&post=52527"},{"taxonomy":"post_tag","embeddable":true,"href":"https:\/\/mersinkadingazetesi.com\/index.php?rest_route=%2Fwp%2Fv2%2Ftags&post=52527"}],"curies":[{"name":"wp","href":"https:\/\/api.w.org\/{rel}","templated":true}]}}