{"id":52530,"date":"2026-04-30T12:45:52","date_gmt":"2026-04-30T09:45:52","guid":{"rendered":"https:\/\/mersinkadingazetesi.com\/?p=52530"},"modified":"2026-04-30T12:45:53","modified_gmt":"2026-04-30T09:45:53","slug":"mersin-uluslararasi-limaninda-gorev-degisimi-yeni-genel-mudur-gabu-selleaya","status":"publish","type":"post","link":"https:\/\/mersinkadingazetesi.com\/?p=52530","title":{"rendered":"Mersin Uluslararas\u0131 Liman\u0131\u2019nda G\u00f6rev De\u011fi\u015fimi YEN\u0130 GENEL M\u00dcD\u00dcR GABU SELLEAYA"},"content":{"rendered":"\n<p>Mersin i\u015f d\u00fcnyas\u0131n\u0131n \u00f6nemli bulu\u015fmalar\u0131ndan birinde, Mersin Uluslararas\u0131 Liman\u0131 (MIP) y\u00f6netiminde ya\u015fanan g\u00f6rev de\u011fi\u015fimi g\u00fcndeme geldi. MIP Genel M\u00fcd\u00fcrl\u00fc\u011f\u00fc g\u00f6revini devreden Ajay Kumar Singh ile g\u00f6revi devralan Gobu Selliaya, kentte faaliyet g\u00f6steren i\u015f d\u00fcnyas\u0131 temsilcileriyle bir araya geldi.<\/p>\n\n\n\n<p>Ger\u00e7ekle\u015fen ziyarette, liman\u0131n hem Mersin ekonomisi hem de T\u00fcrkiye\u2019nin d\u0131\u015f ticareti a\u00e7\u0131s\u0131ndan ta\u015f\u0131d\u0131\u011f\u0131 stratejik \u00f6nem vurguland\u0131. G\u00f6rev s\u00fcresi boyunca liman\u0131n geli\u015fimine katk\u0131 sunan Singh\u2019e te\u015fekk\u00fcr edilirken, yeni Genel M\u00fcd\u00fcr Selliaya\u2019ya ba\u015far\u0131 dilekleri iletildi.<\/p>\n\n\n\n<p>Mersin i\u015f d\u00fcnyas\u0131 temsilcileri, liman\u0131n kapasitesinin art\u0131r\u0131lmas\u0131 ve kentin k\u00fcresel rekabet g\u00fcc\u00fcn\u00fcn y\u00fckseltilmesi hedefi do\u011frultusunda i\u015f birli\u011finin s\u00fcrece\u011fini belirtti.<\/p>\n","protected":false},"excerpt":{"rendered":"<p>Mersin i\u015f d\u00fcnyas\u0131n\u0131n \u00f6nemli bulu\u015fmalar\u0131ndan birinde, Mersin Uluslararas\u0131 Liman\u0131 (MIP) y\u00f6netiminde ya\u015fanan g\u00f6rev de\u011fi\u015fimi g\u00fcndeme geldi. MIP Genel M\u00fcd\u00fcrl\u00fc\u011f\u00fc g\u00f6revini devreden Ajay Kumar Singh ile g\u00f6revi devralan Gobu Selliaya, kentte faaliyet g\u00f6steren i\u015f d\u00fcnyas\u0131 temsilcileriyle bir araya geldi. Ger\u00e7ekle\u015fen ziyarette, liman\u0131n hem Mersin ekonomisi hem de T\u00fcrkiye\u2019nin d\u0131\u015f ticareti a\u00e7\u0131s\u0131ndan ta\u015f\u0131d\u0131\u011f\u0131 stratejik \u00f6nem vurguland\u0131. G\u00f6rev [&hellip;]<\/p>\n","protected":false},"author":2,"featured_media":52531,"comment_status":"closed","ping_status":"closed","sticky":false,"template":"","format":"standard","meta":{"footnotes":""},"categories":[3],"tags":[],"class_list":["post-52530","post","type-post","status-publish","format-standard","has-post-thumbnail","hentry","category-manset"],"views":0,"_links":{"self":[{"href":"https:\/\/mersinkadingazetesi.com\/index.php?rest_route=\/wp\/v2\/posts\/52530"}],"collection":[{"href":"https:\/\/mersinkadingazetesi.com\/index.php?rest_route=\/wp\/v2\/posts"}],"about":[{"href":"https:\/\/mersinkadingazetesi.com\/index.php?rest_route=\/wp\/v2\/types\/post"}],"author":[{"embeddable":true,"href":"https:\/\/mersinkadingazetesi.com\/index.php?rest_route=\/wp\/v2\/users\/2"}],"replies":[{"embeddable":true,"href":"https:\/\/mersinkadingazetesi.com\/index.php?rest_route=%2Fwp%2Fv2%2Fcomments&post=52530"}],"version-history":[{"count":1,"href":"https:\/\/mersinkadingazetesi.com\/index.php?rest_route=\/wp\/v2\/posts\/52530\/revisions"}],"predecessor-version":[{"id":52532,"href":"https:\/\/mersinkadingazetesi.com\/index.php?rest_route=\/wp\/v2\/posts\/52530\/revisions\/52532"}],"wp:featuredmedia":[{"embeddable":true,"href":"https:\/\/mersinkadingazetesi.com\/index.php?rest_route=\/wp\/v2\/media\/52531"}],"wp:attachment":[{"href":"https:\/\/mersinkadingazetesi.com\/index.php?rest_route=%2Fwp%2Fv2%2Fmedia&parent=52530"}],"wp:term":[{"taxonomy":"category","embeddable":true,"href":"https:\/\/mersinkadingazetesi.com\/index.php?rest_route=%2Fwp%2Fv2%2Fcategories&post=52530"},{"taxonomy":"post_tag","embeddable":true,"href":"https:\/\/mersinkadingazetesi.com\/index.php?rest_route=%2Fwp%2Fv2%2Ftags&post=52530"}],"curies":[{"name":"wp","href":"https:\/\/api.w.org\/{rel}","templated":true}]}}