{"id":52536,"date":"2026-04-30T18:18:31","date_gmt":"2026-04-30T15:18:31","guid":{"rendered":"https:\/\/mersinkadingazetesi.com\/?p=52536"},"modified":"2026-04-30T18:18:32","modified_gmt":"2026-04-30T15:18:32","slug":"manisa-il-emniyet-muduru-fahri-aktas-mersine-atandi","status":"publish","type":"post","link":"https:\/\/mersinkadingazetesi.com\/?p=52536","title":{"rendered":"Manisa \u0130l Emniyet M\u00fcd\u00fcr\u00fc Fahri Akta\u015f Mersin\u2019e atand\u0131"},"content":{"rendered":"\n<p>Cumhurba\u015fkan\u0131 Recep Tayyip Erdo\u011fan\u2019\u0131n imzas\u0131yla Resmi Gazete\u2019de yay\u0131mlanan atama kararlar\u0131na g\u00f6re, Emniyet te\u015fkilat\u0131nda geni\u015f kapsaml\u0131 atamalar yap\u0131ld\u0131.<\/p>\n\n\n\n<p>Karar kapsam\u0131nda Mersin \u0130l Emniyet M\u00fcd\u00fcr\u00fc \u0130dris Y\u0131lmaz merkeze al\u0131n\u0131rken, Manisa \u0130l Emniyet M\u00fcd\u00fcr\u00fc Fahri Akta\u015f Mersin\u2019e atand\u0131.<\/p>\n\n\n\n<p>Yap\u0131lan d\u00fczenlemelerle birlikte T\u00fcrkiye genelinde bir\u00e7ok ilde emniyet m\u00fcd\u00fcrl\u00fcklerinde g\u00f6rev de\u011fi\u015fiklikleri ya\u015fan\u0131rken, Emniyet Genel M\u00fcd\u00fcrl\u00fc\u011f\u00fc ve baz\u0131 valiliklerde de \u00f6nemli kadro de\u011fi\u015fimleri ger\u00e7ekle\u015ftirildi.<\/p>\n\n\n\n<p>Kararlar Resmi Gazete\u2019de yay\u0131mlanarak y\u00fcr\u00fcrl\u00fc\u011fe girdi.<\/p>\n\n\n\n<h3 class=\"wp-block-heading\"><\/h3>\n","protected":false},"excerpt":{"rendered":"<p>Cumhurba\u015fkan\u0131 Recep Tayyip Erdo\u011fan\u2019\u0131n imzas\u0131yla Resmi Gazete\u2019de yay\u0131mlanan atama kararlar\u0131na g\u00f6re, Emniyet te\u015fkilat\u0131nda geni\u015f kapsaml\u0131 atamalar yap\u0131ld\u0131. Karar kapsam\u0131nda Mersin \u0130l Emniyet M\u00fcd\u00fcr\u00fc \u0130dris Y\u0131lmaz merkeze al\u0131n\u0131rken, Manisa \u0130l Emniyet M\u00fcd\u00fcr\u00fc Fahri Akta\u015f Mersin\u2019e atand\u0131. Yap\u0131lan d\u00fczenlemelerle birlikte T\u00fcrkiye genelinde bir\u00e7ok ilde emniyet m\u00fcd\u00fcrl\u00fcklerinde g\u00f6rev de\u011fi\u015fiklikleri ya\u015fan\u0131rken, Emniyet Genel M\u00fcd\u00fcrl\u00fc\u011f\u00fc ve baz\u0131 valiliklerde de \u00f6nemli [&hellip;]<\/p>\n","protected":false},"author":2,"featured_media":52537,"comment_status":"closed","ping_status":"closed","sticky":false,"template":"","format":"standard","meta":{"footnotes":""},"categories":[3],"tags":[],"class_list":["post-52536","post","type-post","status-publish","format-standard","has-post-thumbnail","hentry","category-manset"],"views":1,"_links":{"self":[{"href":"https:\/\/mersinkadingazetesi.com\/index.php?rest_route=\/wp\/v2\/posts\/52536"}],"collection":[{"href":"https:\/\/mersinkadingazetesi.com\/index.php?rest_route=\/wp\/v2\/posts"}],"about":[{"href":"https:\/\/mersinkadingazetesi.com\/index.php?rest_route=\/wp\/v2\/types\/post"}],"author":[{"embeddable":true,"href":"https:\/\/mersinkadingazetesi.com\/index.php?rest_route=\/wp\/v2\/users\/2"}],"replies":[{"embeddable":true,"href":"https:\/\/mersinkadingazetesi.com\/index.php?rest_route=%2Fwp%2Fv2%2Fcomments&post=52536"}],"version-history":[{"count":1,"href":"https:\/\/mersinkadingazetesi.com\/index.php?rest_route=\/wp\/v2\/posts\/52536\/revisions"}],"predecessor-version":[{"id":52538,"href":"https:\/\/mersinkadingazetesi.com\/index.php?rest_route=\/wp\/v2\/posts\/52536\/revisions\/52538"}],"wp:featuredmedia":[{"embeddable":true,"href":"https:\/\/mersinkadingazetesi.com\/index.php?rest_route=\/wp\/v2\/media\/52537"}],"wp:attachment":[{"href":"https:\/\/mersinkadingazetesi.com\/index.php?rest_route=%2Fwp%2Fv2%2Fmedia&parent=52536"}],"wp:term":[{"taxonomy":"category","embeddable":true,"href":"https:\/\/mersinkadingazetesi.com\/index.php?rest_route=%2Fwp%2Fv2%2Fcategories&post=52536"},{"taxonomy":"post_tag","embeddable":true,"href":"https:\/\/mersinkadingazetesi.com\/index.php?rest_route=%2Fwp%2Fv2%2Ftags&post=52536"}],"curies":[{"name":"wp","href":"https:\/\/api.w.org\/{rel}","templated":true}]}}