{"id":52561,"date":"2026-05-03T09:42:45","date_gmt":"2026-05-03T06:42:45","guid":{"rendered":"https:\/\/mersinkadingazetesi.com\/?p=52561"},"modified":"2026-05-03T09:42:46","modified_gmt":"2026-05-03T06:42:46","slug":"secer-her-sey-sehirlerimiz-ve-guzel-turkiyemiz-icin","status":"publish","type":"post","link":"https:\/\/mersinkadingazetesi.com\/?p=52561","title":{"rendered":"SE\u00c7ER: &#8220;HER \u015eEY \u015eEH\u0130RLER\u0130M\u0130Z VE G\u00dcZEL T\u00dcRK\u0130YE&#8217;M\u0130Z \u0130\u00c7\u0130N&#8221;"},"content":{"rendered":"\n<p>T\u00fcrkiye Belediyeler Birli\u011fi (TBB) Ba\u015fkan Vekilli\u011fi g\u00f6revini y\u00fcr\u00fcten Mersin B\u00fcy\u00fck\u015fehir Belediye Ba\u015fkan\u0131 Vahap Se\u00e7er, se\u00e7im g\u00fcndemiyle ger\u00e7ekle\u015ftirilen TBB May\u0131s Ay\u0131 Ola\u011fan Meclis Toplant\u0131s\u0131&#8217;nda yap\u0131lan oylamada geni\u015f bir destek alarak T\u00fcrkiye Belediyeler Birli\u011fi&#8217;nin yeni ba\u015fkan\u0131 olarak se\u00e7ildi.<\/p>\n\n\n\n<p>\u0130stanbul B\u00fcy\u00fck\u015fehir Belediye Ba\u015fkan\u0131 Ekrem \u0130mamo\u011flu ve Adana B\u00fcy\u00fck\u015fehir Belediye Ba\u015fkan\u0131 Zeydan Karalar&#8217;\u0131n tutuklanmas\u0131n\u0131n ard\u0131ndan TBB Ba\u015fkan Vekili olarak se\u00e7ilen Se\u00e7er&#8217;in g\u00f6rev s\u00fcresinin tamamlanmas\u0131yla se\u00e7im s\u00fcreci ba\u015flad\u0131. Ola\u011fan \u00fcst d\u00fczey y\u00f6netim de\u011fi\u015fiklikleri dolay\u0131s\u0131yla ger\u00e7ekle\u015ftirilen toplant\u0131da; Divan Ba\u015fkanl\u0131\u011f\u0131&#8217;n\u0131 Denizli B\u00fcy\u00fck\u015fehir Belediye Ba\u015fkan\u0131 B\u00fclent Nuri \u00c7avu\u015fo\u011flu \u00fcstlenirken, Divan Katip \u00dcyeliklerini ise Bodrum Belediye Ba\u015fkan\u0131 Tamer Mandalinci ve Korkuteli Belediye Ba\u015fkan\u0131 Saniye Caran y\u00fcr\u00fctt\u00fc. G\u00fcndem maddelerinin oylanmas\u0131n\u0131n ard\u0131ndan adaylar divana sunuldu ve ba\u015fkanl\u0131k se\u00e7imi i\u015flemlerine ge\u00e7ildi.<\/p>\n\n\n\n<p><strong>Se\u00e7er, TBB&#8217;nin yeni ba\u015fkan\u0131 oldu<\/strong><\/p>\n\n\n\n<p>Mersin B\u00fcy\u00fck\u015fehir Belediye Ba\u015fkan\u0131 Vahap Se\u00e7er ve Kahramanmara\u015f B\u00fcy\u00fck\u015fehir Belediye Ba\u015fkan\u0131 F\u0131rat G\u00f6rgel&#8217;in aday g\u00f6sterildi\u011fi se\u00e7imde; Se\u00e7er 446 oy al\u0131rken, G\u00f6rgel ise 311 oyda kald\u0131. Salt \u00e7o\u011funlu\u011fu sa\u011flayan Se\u00e7er, T\u00fcrkiye Belediyeler Birli\u011fi&#8217;nin yeni ba\u015fkan\u0131 olarak se\u00e7ildi.<\/p>\n\n\n\n<p><strong>Ba\u015fkan Se\u00e7er: &#8220;Parti fark\u0131 g\u00f6zetmeksizin belediyelerimizin hizmet etmelerine katk\u0131 sunmaya devam edece\u011fiz&#8221;<\/strong><\/p>\n\n\n\n<p>Sonu\u00e7lar\u0131n a\u00e7\u0131klanmas\u0131n\u0131n ard\u0131ndan yo\u011fun alk\u0131\u015flar ve&nbsp;<strong><em>&#8216;Hak, Hukuk, Adalet&#8217;<\/em><\/strong>&nbsp;sloganlar\u0131yla salonda kar\u015f\u0131lanan Ba\u015fkan Se\u00e7er, ger\u00e7ekle\u015ftirdi\u011fi konu\u015fmas\u0131nda;&nbsp;<strong>&#8220;Ald\u0131\u011f\u0131m\u0131z kararlar, se\u00e7imlerde elde etti\u011fimiz sonu\u00e7lar birli\u011fimize, \u00fclkemize hay\u0131rl\u0131, u\u011furlu olsun. TBB May\u0131s Ay\u0131 Ola\u011fan Meclis Toplant\u0131s\u0131&#8217;n\u0131 tamamlam\u0131\u015f oluyoruz. Birli\u011fimizin enc\u00fcmen \u00fcyeleri, ba\u015fkanl\u0131k divan\u0131 gibi organlar\u0131n\u0131 te\u015fkil ettik. Baz\u0131 kararlar almam\u0131z gerekiyordu, o kararlar\u0131 da sizlerin deste\u011fiyle alm\u0131\u015f olduk&#8221;<\/strong>&nbsp;dedi.<\/p>\n\n\n\n<p>Son TBB se\u00e7imlerinin yap\u0131ld\u0131\u011f\u0131 2024 y\u0131l\u0131ndan bu yana adalet duygusunu \u00f6n planda tutarak herkese e\u015fit hizmet vermeye gayret ettiklerini vurgulayan Se\u00e7er,&nbsp;<strong>&#8220;Hakkaniyet ve yard\u0131mla\u015fma duygusunu parti fark\u0131 g\u00f6zetmeksizin \u00f6ne alarak belediyelerimizin beldelerine hizmet etmelerine katk\u0131 sunmaya devam edece\u011fiz. Elbette ki, ge\u00e7ti\u011fimiz 2 y\u0131ll\u0131k s\u00fcre\u00e7te Say\u0131n Ekrem \u0130mamo\u011flu&#8217;yla ba\u015flayan, Say\u0131n Zeydan Karalar&#8217;la devam eden ve benimle nihayetlenen s\u00fcre\u00e7te de\u011ferli ve g\u00fczel i\u015fler oldu. Eksi\u011fimiz varsa da onlar\u0131 elbette ki g\u00f6rece\u011fiz ve bu eksiklerimizi de arkada\u015flar\u0131m\u0131zla beraber tamamlayaca\u011f\u0131z&#8221;<\/strong>&nbsp;diyerek, destek veren herkese te\u015fekk\u00fcr etti.<\/p>\n\n\n\n<p><strong>&#8220;Her \u015fey \u015fehirlerimiz ve g\u00fczel T\u00fcrkiye&#8217;miz i\u00e7in&#8221;<\/strong><\/p>\n\n\n\n<p>T\u00fcm belediye ba\u015fkanlar\u0131n\u0131n hem\u015ferilerine selamlar\u0131n\u0131 ileten Se\u00e7er,&nbsp;<strong>&#8220;Sizlerden beldelerinize, \u015fehirlerinize, vatanda\u015flar\u0131m\u0131za selamlar\u0131m\u0131z\u0131 iletmenizi isteyece\u011fim. Merak etmesinler; TBB 1405 belediye ba\u015fkan\u0131m\u0131z\u0131n her zaman yan\u0131 ba\u015f\u0131nda ve onlar\u0131n destek\u00e7isi olacak. Her \u015fey \u015fehirlerimiz ve g\u00fczel T\u00fcrkiye&#8217;miz i\u00e7in&#8221;<\/strong>&nbsp;ifadelerine yer verdi.<\/p>\n\n\n\n<p>Toplant\u0131n\u0131n dilek ve temenniler b\u00f6l\u00fcm\u00fcnde \u0130stanbul B\u00fcy\u00fck\u015fehir Belediye Ba\u015fkan\u0131 Ekrem \u0130mamo\u011flu&#8217;nun g\u00f6nderdi\u011fi destek mektubu okundu. Se\u00e7er&#8217;in te\u015fekk\u00fcr konu\u015fmas\u0131 ve toplu foto\u011fraf \u00e7ekiminin ard\u0131ndan ise yeni d\u00f6nemin ilk Enc\u00fcmen Toplant\u0131s\u0131 ger\u00e7ekle\u015ftirildi.<\/p>\n","protected":false},"excerpt":{"rendered":"<p>T\u00fcrkiye Belediyeler Birli\u011fi (TBB) Ba\u015fkan Vekilli\u011fi g\u00f6revini y\u00fcr\u00fcten Mersin B\u00fcy\u00fck\u015fehir Belediye Ba\u015fkan\u0131 Vahap Se\u00e7er, se\u00e7im g\u00fcndemiyle ger\u00e7ekle\u015ftirilen TBB May\u0131s Ay\u0131 Ola\u011fan Meclis Toplant\u0131s\u0131&#8217;nda yap\u0131lan oylamada geni\u015f bir destek alarak T\u00fcrkiye Belediyeler Birli\u011fi&#8217;nin yeni ba\u015fkan\u0131 olarak se\u00e7ildi. \u0130stanbul B\u00fcy\u00fck\u015fehir Belediye Ba\u015fkan\u0131 Ekrem \u0130mamo\u011flu ve Adana B\u00fcy\u00fck\u015fehir Belediye Ba\u015fkan\u0131 Zeydan Karalar&#8217;\u0131n tutuklanmas\u0131n\u0131n ard\u0131ndan TBB Ba\u015fkan Vekili olarak [&hellip;]<\/p>\n","protected":false},"author":2,"featured_media":52562,"comment_status":"closed","ping_status":"closed","sticky":false,"template":"","format":"standard","meta":{"footnotes":""},"categories":[3],"tags":[],"class_list":["post-52561","post","type-post","status-publish","format-standard","has-post-thumbnail","hentry","category-manset"],"views":5,"_links":{"self":[{"href":"https:\/\/mersinkadingazetesi.com\/index.php?rest_route=\/wp\/v2\/posts\/52561"}],"collection":[{"href":"https:\/\/mersinkadingazetesi.com\/index.php?rest_route=\/wp\/v2\/posts"}],"about":[{"href":"https:\/\/mersinkadingazetesi.com\/index.php?rest_route=\/wp\/v2\/types\/post"}],"author":[{"embeddable":true,"href":"https:\/\/mersinkadingazetesi.com\/index.php?rest_route=\/wp\/v2\/users\/2"}],"replies":[{"embeddable":true,"href":"https:\/\/mersinkadingazetesi.com\/index.php?rest_route=%2Fwp%2Fv2%2Fcomments&post=52561"}],"version-history":[{"count":1,"href":"https:\/\/mersinkadingazetesi.com\/index.php?rest_route=\/wp\/v2\/posts\/52561\/revisions"}],"predecessor-version":[{"id":52563,"href":"https:\/\/mersinkadingazetesi.com\/index.php?rest_route=\/wp\/v2\/posts\/52561\/revisions\/52563"}],"wp:featuredmedia":[{"embeddable":true,"href":"https:\/\/mersinkadingazetesi.com\/index.php?rest_route=\/wp\/v2\/media\/52562"}],"wp:attachment":[{"href":"https:\/\/mersinkadingazetesi.com\/index.php?rest_route=%2Fwp%2Fv2%2Fmedia&parent=52561"}],"wp:term":[{"taxonomy":"category","embeddable":true,"href":"https:\/\/mersinkadingazetesi.com\/index.php?rest_route=%2Fwp%2Fv2%2Fcategories&post=52561"},{"taxonomy":"post_tag","embeddable":true,"href":"https:\/\/mersinkadingazetesi.com\/index.php?rest_route=%2Fwp%2Fv2%2Ftags&post=52561"}],"curies":[{"name":"wp","href":"https:\/\/api.w.org\/{rel}","templated":true}]}}