{"id":55068,"date":"2026-08-31T09:16:10","date_gmt":"2026-08-31T06:16:10","guid":{"rendered":"https:\/\/mersinkadingazetesi.com\/?p=55068"},"modified":"2026-08-31T09:16:10","modified_gmt":"2026-08-31T06:16:10","slug":"nisanin-gelecek-hayallerinin-destegi-buyuksehir-ogretmenleri","status":"publish","type":"post","link":"https:\/\/mersinkadingazetesi.com\/?p=55068","title":{"rendered":"N\u0130SA&#8217;NIN GELECEK HAYALLER\u0130N\u0130N DESTE\u011e\u0130 B\u00dcY\u00dcK\u015eEH\u0130R \u00d6\u011eRETMENLER\u0130"},"content":{"rendered":"\n<p>E\u011fitimde f\u0131rsat e\u015fitli\u011fini kentin her noktas\u0131nda sunan Mersin B\u00fcy\u00fck\u015fehir Belediyesi, engelli \u00f6\u011frencilerin de gelecek hayallerinde yanlar\u0131nda oluyor. Sosyal Hizmetler Dairesi Ba\u015fkanl\u0131\u011f\u0131 b\u00fcnyesinde \u00fccretsiz hizmet veren E\u011fitim ve \u00d6\u011fretimi Destekleme Kurs Merkezleri; \u00f6\u011frencilerin gelece\u011fine \u0131\u015f\u0131k tutarken aile b\u00fct\u00e7esine de katk\u0131 sa\u011fl\u0131yor. T\u00fcrkiye Belediyeler Birli\u011fi (TBB) ve Mersin B\u00fcy\u00fck\u015fehir Belediye Ba\u015fkan\u0131 Vahap Se\u00e7er&#8217;in her zaman vurgulad\u0131\u011f\u0131&nbsp;<strong><em>&#8216;E\u011fitimde f\u0131rsat e\u015fitli\u011fi&#8217;<\/em><\/strong>&nbsp;ilkesi kapsam\u0131nda \u00e7al\u0131\u015fan B\u00fcy\u00fck\u015fehir Kurs Merkezleri, g\u00f6rme engelli Adile Nisa Bak\u0131r&#8217;\u0131n da hayallerinin ger\u00e7ekle\u015fmesinde rol oynad\u0131.<\/p>\n\n\n\n<p><strong>B\u00fcy\u00fck\u015fehir&#8217;in uzman kadrosunun emekleri ile Nisa \u00fcniversite yolcusu<\/strong><\/p>\n\n\n\n<p>G\u00f6rme engeline ra\u011fmen en b\u00fcy\u00fck tutkusu okumak olan Adile Nisa, ba\u015far\u0131l\u0131 ge\u00e7en lise hayat\u0131n\u0131n sonunda B\u00fcy\u00fck\u015fehir&#8217;in kurs merkezleri ile tan\u0131\u015ft\u0131. Merkezdeki \u00f6\u011fretmenlerinin y\u00f6nlendirmesi ile a\u00e7\u0131k \u00f6\u011fretime ge\u00e7en ve s\u0131nava yaln\u0131zca B\u00fcy\u00fck\u015fehir ile haz\u0131rlanan Nisa, hayallerine giden yolda \u00f6zel dershanelere ba\u015fvurdu ama birebir ders vermenin m\u00fcmk\u00fcn olmamas\u0131ndan dolay\u0131 reddedildi.<\/p>\n\n\n\n<p>Destek noktas\u0131nda ara\u015ft\u0131rmalar yaparken \u00f6\u011fretmenlerinin y\u00f6nlendirmesiyle yeni bir kap\u0131 aralayan Adile Nisa, kendisi gibi g\u00f6rme engelli olan ve daha \u00f6nce Mersin B\u00fcy\u00fck\u015fehir Belediyesi Kurs Merkezi&#8217;nden faydalanarak \u00fcniversiteyi kazanan Nazalin&#8217;in hik\u00e2yesinden ilham ald\u0131. Mersin B\u00fcy\u00fck\u015fehir Belediyesi&#8217;nin Silifke&#8217;de bulunan \u00fccretsiz kurs merkezine ba\u015fvuran Adile Nisa, ilk g\u00fcnden itibaren derslere d\u00e2hil edildi. Muaf olmad\u0131\u011f\u0131 t\u00fcm derslerden birebir e\u011fitim deste\u011fi alan Adile Nisa, e\u011fitim yolculu\u011funda B\u00fcy\u00fck\u015fehir&#8217;in uzman \u00f6\u011fretmen kadrosunun deste\u011fini ald\u0131. Ald\u0131\u011f\u0131 destekleri bo\u015fa \u00e7\u0131karmayan Nisa y\u0131l boyu verdi\u011fi eme\u011fin sonucunda Bolu Abant \u0130zzet Baysal \u00dcniversitesi Psikolojik Dan\u0131\u015fmanl\u0131k ve Rehberlik B\u00f6l\u00fcm\u00fc&#8217;n\u00fc kazand\u0131.<\/p>\n\n\n\n<p><strong>Yal\u00e7\u0131n: &#8220;B\u00fct\u00fcn g\u00f6rme engelli \u00f6\u011frencileri kurs merkezlerine bekliyoruz&#8221;<\/strong><\/p>\n\n\n\n<p>Nisa&#8217;n\u0131n umut verici s\u00fcrecini anlatan Mersin B\u00fcy\u00fck\u015fehir Belediyesi Silifke Kurs Merkezi Sorumlusu Avni Yal\u00e7\u0131n,&nbsp;<strong>&#8220;2025-2026 e\u011fitim-\u00f6\u011fretim y\u0131l\u0131nda 170 YKS \u00f6\u011frencimizle beraber bu s\u00fcreci tamamlad\u0131k. Gen\u00e7lerin ba\u015far\u0131ya ula\u015fmas\u0131 yolunda emekler verdik. Ge\u00e7ti\u011fimiz y\u0131l Nazalin isimli engelli \u00f6\u011frencimiz vard\u0131. Onu Ankara \u00dcniversitesi Radyo-Televizyon B\u00f6l\u00fcm\u00fc&#8217;ne yolcu ettik. Onun haberini duyan Adile Nisa da sene ba\u015f\u0131nda buraya geldi. Silifke&#8217;deki di\u011fer \u00f6zel kurumlar kendisini kabul etmemi\u015f, g\u00f6rme engelli oldu\u011fu i\u00e7in. Vahap Ba\u015fkan\u0131m\u0131z\u0131n e\u011fitimde f\u0131rsat e\u015fitli\u011fi ilkesi do\u011frultusunda b\u00fct\u00fcn \u00f6\u011frencilere bu hizmeti sundu\u011fumuz gibi Adile Nisa&#8217;ya da biz bu e\u011fitimi verdik. Adile Nisa buraya geldi\u011finde hem okuluna devam ediyordu, hem bizim dershanemize geldi. Burada birebir ders alarak, deneme s\u0131navlar\u0131n\u0131 birebir \u00e7\u00f6zerek y\u0131l boyunca e\u011fitimini tamamlad\u0131&#8221;<\/strong>&nbsp;diye konu\u015ftu. E\u011fitim hayat\u0131nda dezavantajl\u0131 olan g\u00f6rme engelliler i\u00e7in her noktada destek olmaya haz\u0131r olduklar\u0131n\u0131 s\u00f6yleyen Yal\u00e7\u0131n,&nbsp;<strong>&#8220;Bundan sonraki s\u00fcre\u00e7te de Mersin genelinde b\u00fct\u00fcn g\u00f6rme engelli \u00f6\u011frencilerimizi kurumlar\u0131m\u0131za bekliyoruz&#8221;<\/strong>&nbsp;\u00e7a\u011fr\u0131s\u0131 yapt\u0131.<\/p>\n\n\n\n<p><strong>Nisa: &#8220;B\u00fcy\u00fck\u015fehir sayesinde yapabilece\u011fimden \u00e7ok daha iyi bir ba\u015far\u0131ya imza att\u0131m&#8221;<\/strong><\/p>\n\n\n\n<p>Arkada\u015f\u0131 Nazalin arac\u0131l\u0131\u011f\u0131yla B\u00fcy\u00fck\u015fehir&#8217;in kurs merkezine geldi\u011fini s\u00f6yleyen Adile Nisa Bak\u0131r,&nbsp;<strong>&#8220;Buraya gelmemle birlikte direkt derslere ba\u015fland\u0131m. Ard\u0131ndan hocalar\u0131m benimle \u00f6zellikle birebir bir \u015fekilde ilgilendiler. \u0130kinci d\u00f6nem ev ziyaretleri oldu. &nbsp;S\u00f6z verdikleri gibi birebir dersler ve daha fazlas\u0131n\u0131 buradan ald\u0131m. Di\u011fer \u00f6\u011frenciler gelene kadar bireysel hocalar\u0131mla ayr\u0131 ayr\u0131 dersler g\u00f6rd\u00fcm&#8221;<\/strong>&nbsp;diyerek, B\u00fcy\u00fck\u015fehir&#8217;in Kurs Merkezi&#8217;nin \u00e7ok faydas\u0131n\u0131 g\u00f6rd\u00fc\u011f\u00fcn\u00fc s\u00f6yleyen Bak\u0131r,&nbsp;<strong>&#8220;Hocalar\u0131m\u0131n bireysel e\u011fitimi, denemeleri okumalar\u0131yla birlikte yapabildiklerinden \u00e7ok daha iyi bir ba\u015far\u0131ya imza att\u0131m&#8221;<\/strong>&nbsp;s\u00f6zlerine yer verdi.<\/p>\n\n\n\n<p>G\u00f6rme engelli \u00f6\u011frencilere seslenen Bak\u0131r, B\u00fcy\u00fck\u015fehir&#8217;in Kurs Merkezi&#8217;ni tavsiye ederek,&nbsp;<strong>&#8220;Ben bizzat deneyimlemi\u015f biri olarak buray\u0131 kesinlikle tavsiye ederim. \u00c7\u00fcnk\u00fc burada aile s\u0131cakl\u0131\u011f\u0131n\u0131, samimiyeti \u00e7ok rahatl\u0131kla g\u00f6rebiliyorum. Bizim, gidece\u011fimiz ortamda istenip istenmeme gibi bir s\u0131k\u0131nt\u0131m\u0131z da oluyor ama burada kesinlikle b\u00f6yle bir olayla kar\u015f\u0131la\u015fmad\u0131m. T\u00fcm hocalar\u0131n ilgi alakalar\u0131na bizzat \u015fahit oldum&#8221;<\/strong>&nbsp;dedi. Ba\u015fkan Se\u00e7er&#8217;e \u00f6zellikle te\u015fekk\u00fcr eden Bak\u0131r, kendine emek veren \u00f6\u011fretmenlerine de ayr\u0131ca te\u015fekk\u00fcr etti.<\/p>\n\n\n\n<p><strong>Anne Bak\u0131r: &#8220;Ba\u015fka kurumlara da gittik bizi almad\u0131lar ama B\u00fcy\u00fck\u015fehir birebir ilgilendi&#8221;<\/strong><\/p>\n\n\n\n<p>Nisa&#8217;n\u0131n annesi Sevim Bak\u0131r, e\u011fitim hayat\u0131nda s\u0131k\u0131nt\u0131lar ya\u015fasalar da Kurs Merkezi&#8217;nde \u00e7ok keyifli bir y\u0131l ge\u00e7irdiklerini s\u00f6yledi. Nisa g\u00f6rme engelli oldu\u011fu i\u00e7in bir\u00e7ok yerden reddedildiklerini s\u00f6yleyen Bak\u0131r,&nbsp;<strong>&#8220;Buraya geldik, hocalar \u00e7ok g\u00fczel ilgilendi. Nazalin bize tavsiye etti, tavsiyesi \u00fczerine buraya geldik. Sanki abi, abla, bir aile gibiydi. Yani \u00e7ok g\u00fczel bir s\u00fcrecimiz ge\u00e7ti. Zorlu oldu ama \u00e7ok g\u00fczel bir s\u00fcre\u00e7 oldu. \u00c7\u00fcnk\u00fc \u00f6\u011fretmenlerimiz \u00e7ok g\u00fczel ilgilendiler&#8221;<\/strong>&nbsp;dedi. Bak\u0131r,&nbsp;<strong>&#8220;Biz daha \u00f6nce farkl\u0131 kurumlara da gittik, bizi alamayacaklar\u0131n\u0131 s\u00f6ylediler. Ama burada&nbsp;<em>&#8216;Biz size yard\u0131mc\u0131 oluruz&#8217;<\/em>&nbsp;dediler. Onlar olmasayd\u0131 \u00e7ocu\u011fum i\u00e7in \u00fcniversite hayaldi ama \u00f6\u011fretmenlerimiz destek \u00e7\u0131kt\u0131. Her \u015fey onlar\u0131n sayesinde oldu&#8221;<\/strong>&nbsp;s\u00f6zlerine yer verdi. Emek veren herkese te\u015fekk\u00fcr eden Bak\u0131r, Ba\u015fkan Se\u00e7er&#8217;e sundu\u011fu imk\u00e2nlar i\u00e7in ayr\u0131ca te\u015fekk\u00fcr etti.<\/p>\n","protected":false},"excerpt":{"rendered":"<p>E\u011fitimde f\u0131rsat e\u015fitli\u011fini kentin her noktas\u0131nda sunan Mersin B\u00fcy\u00fck\u015fehir Belediyesi, engelli \u00f6\u011frencilerin de gelecek hayallerinde yanlar\u0131nda oluyor. Sosyal Hizmetler Dairesi Ba\u015fkanl\u0131\u011f\u0131 b\u00fcnyesinde \u00fccretsiz hizmet veren E\u011fitim ve \u00d6\u011fretimi Destekleme Kurs Merkezleri; \u00f6\u011frencilerin gelece\u011fine \u0131\u015f\u0131k tutarken aile b\u00fct\u00e7esine de katk\u0131 sa\u011fl\u0131yor. T\u00fcrkiye Belediyeler Birli\u011fi (TBB) ve Mersin B\u00fcy\u00fck\u015fehir Belediye Ba\u015fkan\u0131 Vahap Se\u00e7er&#8217;in her zaman vurgulad\u0131\u011f\u0131&nbsp;&#8216;E\u011fitimde f\u0131rsat [&hellip;]<\/p>\n","protected":false},"author":2,"featured_media":55069,"comment_status":"closed","ping_status":"closed","sticky":false,"template":"","format":"standard","meta":{"footnotes":""},"categories":[3],"tags":[],"class_list":["post-55068","post","type-post","status-publish","format-standard","has-post-thumbnail","hentry","category-manset"],"views":2,"_links":{"self":[{"href":"https:\/\/mersinkadingazetesi.com\/index.php?rest_route=\/wp\/v2\/posts\/55068"}],"collection":[{"href":"https:\/\/mersinkadingazetesi.com\/index.php?rest_route=\/wp\/v2\/posts"}],"about":[{"href":"https:\/\/mersinkadingazetesi.com\/index.php?rest_route=\/wp\/v2\/types\/post"}],"author":[{"embeddable":true,"href":"https:\/\/mersinkadingazetesi.com\/index.php?rest_route=\/wp\/v2\/users\/2"}],"replies":[{"embeddable":true,"href":"https:\/\/mersinkadingazetesi.com\/index.php?rest_route=%2Fwp%2Fv2%2Fcomments&post=55068"}],"version-history":[{"count":1,"href":"https:\/\/mersinkadingazetesi.com\/index.php?rest_route=\/wp\/v2\/posts\/55068\/revisions"}],"predecessor-version":[{"id":55070,"href":"https:\/\/mersinkadingazetesi.com\/index.php?rest_route=\/wp\/v2\/posts\/55068\/revisions\/55070"}],"wp:featuredmedia":[{"embeddable":true,"href":"https:\/\/mersinkadingazetesi.com\/index.php?rest_route=\/wp\/v2\/media\/55069"}],"wp:attachment":[{"href":"https:\/\/mersinkadingazetesi.com\/index.php?rest_route=%2Fwp%2Fv2%2Fmedia&parent=55068"}],"wp:term":[{"taxonomy":"category","embeddable":true,"href":"https:\/\/mersinkadingazetesi.com\/index.php?rest_route=%2Fwp%2Fv2%2Fcategories&post=55068"},{"taxonomy":"post_tag","embeddable":true,"href":"https:\/\/mersinkadingazetesi.com\/index.php?rest_route=%2Fwp%2Fv2%2Ftags&post=55068"}],"curies":[{"name":"wp","href":"https:\/\/api.w.org\/{rel}","templated":true}]}}