{"id":55071,"date":"2026-08-31T09:17:21","date_gmt":"2026-08-31T06:17:21","guid":{"rendered":"https:\/\/mersinkadingazetesi.com\/?p=55071"},"modified":"2026-08-31T09:17:25","modified_gmt":"2026-08-31T06:17:25","slug":"genc-peyzaj-mimari-adaylari-muftu-deresi-icin-gelecegi-tasarladi","status":"publish","type":"post","link":"https:\/\/mersinkadingazetesi.com\/?p=55071","title":{"rendered":"GEN\u00c7 PEYZAJ M\u0130MARI ADAYLARI M\u00dcFT\u00dc DERES\u0130 \u0130\u00c7\u0130N GELECE\u011e\u0130 TASARLADI"},"content":{"rendered":"\n<p>Mersin B\u00fcy\u00fck\u015fehir Belediyesi&#8217;nin ev sahipli\u011finde ger\u00e7ekle\u015ftirilen Peyzaj Mimarlar\u0131 Odas\u0131&nbsp;<strong><em>16. &#8216;PMOGen\u00e7 Yaz Kamp\u0131<\/em><\/strong><em>&#8216;<\/em>, gen\u00e7lerin haz\u0131rlad\u0131klar\u0131 projelerin tamamlanmas\u0131yla sona erdi. T\u00fcrkiye&#8217;nin farkl\u0131 \u00fcniversitelerinden kente gelen peyzaj mimarl\u0131\u011f\u0131 \u00f6\u011frencileri; M\u00fcft\u00fc Deresi Ya\u015fam Vadisi Projesi ile ilgili iklim krizine kar\u015f\u0131 diren\u00e7li, suyun verimli kullan\u0131m\u0131n\u0131 \u00f6nceleyen ve do\u011fa temelli \u00e7\u00f6z\u00fcmler i\u00e7eren fikirler geli\u015ftirdi.<\/p>\n\n\n\n<p>Kamp boyunca alan gezileri ger\u00e7ekle\u015ftiren \u00f6\u011frenciler, M\u00fcft\u00fc Deresi&#8217;ne ili\u015fkin g\u00f6zlem ve analizlerinin ard\u0131ndan ekipler h\u00e2linde tasar\u0131m s\u00fcrecine ge\u00e7ti. Farkl\u0131 s\u0131n\u0131f d\u00fczeylerinden \u00f6\u011frencilerin bilgi ve deneyimlerini bir araya getirdi\u011fi \u00e7al\u0131\u015fmalarda; \u00e7ocuk k\u00f6yleri, ekolojik at\u00f6lyeler, hobi bah\u00e7eleri, yerel \u00fcreticilere y\u00f6nelik sat\u0131\u015f alanlar\u0131 ve suyun do\u011fal d\u00f6ng\u00fcs\u00fcn\u00fc destekleyen uygulamalar tasarland\u0131. Gen\u00e7ler, 10 g\u00fcnl\u00fck yo\u011fun \u00e7al\u0131\u015fma s\u00fcrecinde hem mesleki becerilerini geli\u015ftirdi hem de farkl\u0131 \u00fcniversitelerden gelen arkada\u015flar\u0131yla ortak \u00fcretim deneyimi ya\u015fad\u0131.<\/p>\n\n\n\n<p><strong>Ate\u015f: &#8220;Gen\u00e7lerin yeni vizyonlar\u0131yla \u00e7ok g\u00fczel fikirler ortaya \u00e7\u0131kt\u0131&#8221;<\/strong><\/p>\n\n\n\n<p>Mersin B\u00fcy\u00fck\u015fehir Belediyesi Park ve Bah\u00e7eler Dairesi Ba\u015fkanl\u0131\u011f\u0131 Proje Birim \u015eefi ve Peyzaj Mimarlar\u0131 Odas\u0131 Mersin \u0130l Temsilcisi \u015eeniz \u0130\u015fcan Ate\u015f, kamp arac\u0131l\u0131\u011f\u0131yla Mersin&#8217;i gen\u00e7lere tan\u0131tmay\u0131 ve gen\u00e7lerin tasar\u0131m odakl\u0131 \u00e7al\u0131\u015fmalar\u0131yla kente de\u011fer katmay\u0131 ama\u00e7lad\u0131klar\u0131n\u0131 kaydetti. Ate\u015f,&nbsp;<strong>&#8220;Mersin bizim \u00f6zelimiz, \u00f6nem verdi\u011fimiz ve en de\u011ferlimiz. Gen\u00e7lerin hem Mersin&#8217;e de\u011fer katacaklar\u0131n\u0131 hem de geldikleri illerde kentimizi tan\u0131tacaklar\u0131n\u0131 d\u00fc\u015f\u00fcnd\u00fc\u011f\u00fcm\u00fcz i\u00e7in onlar\u0131 bu y\u0131l Mersin&#8217;de a\u011f\u0131rlamak istedik&#8221;<\/strong>&nbsp;dedi.<\/p>\n\n\n\n<p>M\u00fcft\u00fc Deresi Ya\u015fam Vadisi&#8217;nin Mersin a\u00e7\u0131s\u0131ndan son derece de\u011ferli oldu\u011funa dikkat \u00e7eken Ate\u015f, B\u00fcy\u00fck\u015fehir Belediyesi taraf\u0131ndan uygulama \u00e7al\u0131\u015fmalar\u0131na ba\u015flanan projenin kente \u00f6nemli bir ye\u015fil alan kazand\u0131raca\u011f\u0131n\u0131 ifade etti. Kamp \u00e7al\u0131\u015fmalar\u0131n\u0131 M\u00fcft\u00fc Deresi Ya\u015fam Vadisi Projesi ile b\u00fct\u00fcnle\u015ftirmek istediklerini anlatan Ate\u015f,&nbsp;<strong>&#8220;Bizler i\u015fin i\u00e7inde olan profesyoneller olarak g\u00f6remedi\u011fimiz noktalar\u0131, gen\u00e7lerin yeni vizyonlar\u0131 ve fikirleriyle daha g\u00fczel yakalayabileceklerini d\u00fc\u015f\u00fcnd\u00fck. \u00c7ok k\u0131sa s\u00fcrede \u00e7ok g\u00fczel fikirler ve \u00e7al\u0131\u015fmalar ortaya \u00e7\u0131kard\u0131lar&#8221;&nbsp;<\/strong>diye konu\u015ftu.<\/p>\n\n\n\n<p><strong>Gen\u00e7lerin tasar\u0131mlar\u0131nda suyun do\u011fal d\u00f6ng\u00fcs\u00fc \u00f6n plana \u00e7\u0131kt\u0131<\/strong><\/p>\n\n\n\n<p>Atat\u00fcrk \u00dcniversitesi&#8217;nden kampa kat\u0131lan Nadir K\u00fc\u00e7\u00fck\u00e7all\u0131, M\u00fcft\u00fc Deresi&#8217;nde yapt\u0131klar\u0131 g\u00f6zlem ve alan analizlerinin ard\u0131ndan ekip arkada\u015flar\u0131 ve akademisyenlerle birlikte proje a\u015famas\u0131na ge\u00e7tiklerini s\u00f6yledi. \u00c7al\u0131\u015fmalar\u0131nda kurak\u00e7\u0131l peyzaj uygulamalar\u0131n\u0131 \u00f6nceliklendirdiklerini belirten K\u00fc\u00e7\u00fck\u00e7all\u0131,&nbsp;<strong>&#8220;Deremiz, ya\u011f\u0131\u015flarla birlikte doluyor.&nbsp;Bu ya\u011f\u0131\u015flar\u0131n etkisiyle beraber kentle\u015fmenin su alt\u0131nda kalmamas\u0131 amac\u0131yla&nbsp;burada biz kurak\u00e7\u0131l peyzaj \u00f6ncelikli tasar\u0131mlar ger\u00e7ekle\u015ftirdik.&nbsp;Bu dereden akan suyu da alan i\u00e7erisinde yava\u015flatarak ve kentin su i\u00e7erisinde kalmas\u0131n\u0131 \u00f6nleyerek&nbsp;ana kayaya eri\u015febilirli\u011fini art\u0131rd\u0131k&#8221;&nbsp;<\/strong>dedi.<\/p>\n\n\n\n<p>Kamp\u0131n farkl\u0131 \u00fcniversitelerden gelen \u00f6\u011frencileri bir araya getirmesinin kendilerine \u00f6nemli katk\u0131lar sundu\u011funu dile getiren K\u00fc\u00e7\u00fck\u00e7all\u0131,&nbsp;<strong>&#8220;Birden fazla \u00fcniversiteden ve farkl\u0131 s\u0131n\u0131f d\u00fczeylerinden \u00f6\u011frenciler vard\u0131. Hepimiz bilgi ve deneyimlerimizi birbirimize aktard\u0131k. Eksiklerimizi g\u00f6r\u00fcp birlikte tamamlad\u0131k. Farkl\u0131 bak\u0131\u015f a\u00e7\u0131lar\u0131yla kapsaml\u0131 d\u00fc\u015f\u00fcnmek, kamp\u0131n en g\u00fczel ve keyifli k\u0131sm\u0131yd\u0131&#8221;<\/strong>&nbsp;dedi.<\/p>\n\n\n\n<p><strong>Gen\u00e7 mimarlardan M\u00fcft\u00fc Deresi&#8217;ne do\u011fa ve \u00e7ocuk temelli&nbsp;<em>&#8216;Novalis&#8217;<\/em>&nbsp;projesi<\/strong><\/p>\n\n\n\n<p>Sakarya Uygulamal\u0131 Bilimler \u00dcniversitesi 4. s\u0131n\u0131f \u00f6\u011frencisi Melih Can Polat Cural, 10 g\u00fcnl\u00fck kamp s\u00fcrecinde farkl\u0131 deneyimlere sahip ekip arkada\u015flar\u0131yla birlikte g\u00fczel bir proje ortaya koyduklar\u0131n\u0131 belirtti. M\u00fcft\u00fc Deresi&#8217;nde kurak\u00e7\u0131l peyzaj ve do\u011fa temelli \u00e7\u00f6z\u00fcmler do\u011frultusunda bir \u00e7ocuk k\u00f6y\u00fc tasarlad\u0131klar\u0131n\u0131 aktaran Cural, projelerine&nbsp;<strong><em>&#8216;yeni ke\u015ffedilmi\u015f ve i\u015flenmeye elveri\u015fli topraklar&#8217;<\/em><\/strong>&nbsp;anlam\u0131na gelen&nbsp;<strong><em>&#8216;Novalis&#8217;<\/em><\/strong>&nbsp;ad\u0131n\u0131 verdiklerini s\u00f6yledi.<\/p>\n\n\n\n<p>B\u00fcy\u00fck\u015fehir Belediyesi&#8217;nin kamp s\u00fcresince kendilerini eksiksiz a\u011f\u0131rlad\u0131\u011f\u0131n\u0131 s\u00f6yleyen Cural,&nbsp;<strong>&#8220;Ula\u015f\u0131m ve konaklama ba\u015fta olmak \u00fczere b\u00fct\u00fcn ihtiya\u00e7lar\u0131m\u0131z kar\u015f\u0131land\u0131. A\u00e7\u0131l\u0131\u015f seminerlerinde de bu \u00e7al\u0131\u015fmalar\u0131n profesyonel alanda nas\u0131l y\u00fcr\u00fct\u00fcld\u00fc\u011f\u00fcne ili\u015fkin \u00e7ok g\u00fczel bilgiler edindik. Bizi meslek hayat\u0131na biraz daha yakla\u015ft\u0131rd\u0131lar. Katk\u0131 sunan herkese \u00e7ok te\u015fekk\u00fcr ediyoruz&#8221;<\/strong>&nbsp;s\u00f6zlerini kaydetti.<\/p>\n\n\n\n<p><strong><em>&#8216;Ya\u015fayan ve \u00f6\u011freten do\u011fa&#8217;<\/em>&nbsp;vizyonuyla \u00e7ocuk odakl\u0131 tasar\u0131m dikkat \u00e7ekti<\/strong><\/p>\n\n\n\n<p>Ankara \u00dcniversitesi 3. s\u0131n\u0131f \u00f6\u011frencisi Ali Erdem Vural ise&nbsp;<strong><em>&#8216;ya\u015fayan ve \u00f6\u011freten do\u011fa&#8217;&nbsp;<\/em><\/strong>vizyonuyla \u00e7ocuk odakl\u0131 bir proje tasarlad\u0131klar\u0131n\u0131 belirtti. \u00c7ocuklar\u0131n farkl\u0131 a\u015famalarda e\u011flenebilecekleri, vakit ge\u00e7irebilecekleri ve hobi bah\u00e7elerinde ekip bi\u00e7me deneyimi ya\u015fayabilecekleri alanlar olu\u015fturduklar\u0131n\u0131 anlatan Vural,&nbsp;<strong>&#8220;Farkl\u0131 \u00fcniversitelerin \u00f6\u011fretim bi\u00e7imleri de bak\u0131\u015f a\u00e7\u0131lar\u0131 da birbirinden farkl\u0131. Kamp, herkesin birbirine bir \u015feyler katt\u0131\u011f\u0131, gerekti\u011finde yoruldu\u011fu ve birbirine destek oldu\u011fu olduk\u00e7a \u00f6\u011fretici bir s\u00fcre\u00e7ti&#8221;<\/strong>&nbsp;dedi.<\/p>\n\n\n\n<p><strong>M\u00fcft\u00fc Deresi&#8217;nin tarihinden ilham alan &#8216;Ar\u015fimet&#8217; projesi<\/strong><\/p>\n\n\n\n<p>Tekirda\u011f Nam\u0131k Kemal \u00dcniversitesi 2. s\u0131n\u0131f \u00f6\u011frencisi Evin Bilgi\u00e7 de M\u00fcft\u00fc Deresi Ya\u015fam Vadisi&#8217;nin 8. etab\u0131 i\u00e7in bir \u00e7ocuk k\u00f6y\u00fc tasarlad\u0131klar\u0131n\u0131 s\u00f6yledi. M\u00fcft\u00fc Deresi&#8217;nde ge\u00e7mi\u015fte kurulan su ar\u0131tma tesisinden ve Ar\u015fimet vidalar\u0131ndan ilham ald\u0131klar\u0131n\u0131 belirten Bilgi\u00e7,&nbsp;<strong>&#8220;1938 y\u0131l\u0131nda M\u00fcft\u00fc Deresi&#8217;nde ilk defa su ar\u0131tma tesisi kurulmu\u015f. Yani ilk defa orada su ar\u0131t\u0131lm\u0131\u015f T\u00fcrkiye&#8217;de.&nbsp;Bizim ana temam\u0131z da bu oldu.&nbsp;\u00c7ocuklar i\u00e7in e\u011fitici alanlar tasarlad\u0131k ve&nbsp;<em>&#8216;Ar\u015fimet vidalar\u0131&#8217;<\/em>&nbsp;koyduk.&nbsp;Projemizin son ad\u0131 da&nbsp;<em>&#8216;Archi Med&#8217;&nbsp;<\/em>oldu&#8221;<\/strong>&nbsp;diye belirtti.<\/p>\n","protected":false},"excerpt":{"rendered":"<p>Mersin B\u00fcy\u00fck\u015fehir Belediyesi&#8217;nin ev sahipli\u011finde ger\u00e7ekle\u015ftirilen Peyzaj Mimarlar\u0131 Odas\u0131&nbsp;16. &#8216;PMOGen\u00e7 Yaz Kamp\u0131&#8216;, gen\u00e7lerin haz\u0131rlad\u0131klar\u0131 projelerin tamamlanmas\u0131yla sona erdi. T\u00fcrkiye&#8217;nin farkl\u0131 \u00fcniversitelerinden kente gelen peyzaj mimarl\u0131\u011f\u0131 \u00f6\u011frencileri; M\u00fcft\u00fc Deresi Ya\u015fam Vadisi Projesi ile ilgili iklim krizine kar\u015f\u0131 diren\u00e7li, suyun verimli kullan\u0131m\u0131n\u0131 \u00f6nceleyen ve do\u011fa temelli \u00e7\u00f6z\u00fcmler i\u00e7eren fikirler geli\u015ftirdi. Kamp boyunca alan gezileri ger\u00e7ekle\u015ftiren \u00f6\u011frenciler, M\u00fcft\u00fc [&hellip;]<\/p>\n","protected":false},"author":2,"featured_media":55072,"comment_status":"closed","ping_status":"closed","sticky":false,"template":"","format":"standard","meta":{"footnotes":""},"categories":[3],"tags":[],"class_list":["post-55071","post","type-post","status-publish","format-standard","has-post-thumbnail","hentry","category-manset"],"views":0,"_links":{"self":[{"href":"https:\/\/mersinkadingazetesi.com\/index.php?rest_route=\/wp\/v2\/posts\/55071"}],"collection":[{"href":"https:\/\/mersinkadingazetesi.com\/index.php?rest_route=\/wp\/v2\/posts"}],"about":[{"href":"https:\/\/mersinkadingazetesi.com\/index.php?rest_route=\/wp\/v2\/types\/post"}],"author":[{"embeddable":true,"href":"https:\/\/mersinkadingazetesi.com\/index.php?rest_route=\/wp\/v2\/users\/2"}],"replies":[{"embeddable":true,"href":"https:\/\/mersinkadingazetesi.com\/index.php?rest_route=%2Fwp%2Fv2%2Fcomments&post=55071"}],"version-history":[{"count":1,"href":"https:\/\/mersinkadingazetesi.com\/index.php?rest_route=\/wp\/v2\/posts\/55071\/revisions"}],"predecessor-version":[{"id":55073,"href":"https:\/\/mersinkadingazetesi.com\/index.php?rest_route=\/wp\/v2\/posts\/55071\/revisions\/55073"}],"wp:featuredmedia":[{"embeddable":true,"href":"https:\/\/mersinkadingazetesi.com\/index.php?rest_route=\/wp\/v2\/media\/55072"}],"wp:attachment":[{"href":"https:\/\/mersinkadingazetesi.com\/index.php?rest_route=%2Fwp%2Fv2%2Fmedia&parent=55071"}],"wp:term":[{"taxonomy":"category","embeddable":true,"href":"https:\/\/mersinkadingazetesi.com\/index.php?rest_route=%2Fwp%2Fv2%2Fcategories&post=55071"},{"taxonomy":"post_tag","embeddable":true,"href":"https:\/\/mersinkadingazetesi.com\/index.php?rest_route=%2Fwp%2Fv2%2Ftags&post=55071"}],"curies":[{"name":"wp","href":"https:\/\/api.w.org\/{rel}","templated":true}]}}