{"id":55074,"date":"2026-08-31T11:45:18","date_gmt":"2026-08-31T08:45:18","guid":{"rendered":"https:\/\/mersinkadingazetesi.com\/?p=55074"},"modified":"2026-08-31T11:45:18","modified_gmt":"2026-08-31T08:45:18","slug":"toroslarin-kadin-voleybol-takimi-yeni-sezona-hazir","status":"publish","type":"post","link":"https:\/\/mersinkadingazetesi.com\/?p=55074","title":{"rendered":"TOROSLAR&#8217;IN KADIN VOLEYBOL TAKIMI YEN\u0130 SEZONA HAZIR"},"content":{"rendered":"\n<p>Toroslar Belediyesi Spor Kul\u00fcb\u00fc Kad\u0131n Voleybol Tak\u0131m\u0131, 2026-2027 sezonu i\u00e7in haz\u0131rl\u0131klar\u0131n\u0131 tamaml\u0131yor. T\u00fcrkiye Kad\u0131nlar Voleybol 2. Ligi 13. Grup&#8217;ta m\u00fccadele edecek olan Mersin temsilcisi, yeni sezonda daha g\u00fc\u00e7l\u00fc bir m\u00fccadele ortaya koymak ve \u00f6nemli ba\u015far\u0131lara imza atmak i\u00e7in sahaya \u00e7\u0131kacak.<\/p>\n\n\n\n<p>Kadrosunu yeni sezon \u00f6ncesinde \u015fekillendiren Toroslar Belediyesi Spor Kul\u00fcb\u00fc, deneyimli oyuncular\u0131n yan\u0131 s\u0131ra gen\u00e7 ve gelecek vadeden sporcular\u0131 da tak\u0131m b\u00fcnyesinde bulu\u015fturdu. Tak\u0131m, anla\u015fmaya vard\u0131\u011f\u0131 sporcularla resmi s\u00f6zle\u015fmeleri imzalad\u0131. Yeni transferler ve ge\u00e7ti\u011fimiz sezon tak\u0131mda yer alan sporcularla birlikte olu\u015fan kadro, sezon boyunca ba\u015far\u0131 i\u00e7in ter d\u00f6kecek.<\/p>\n\n\n\n<p>Haz\u0131rl\u0131k antrenmanlar\u0131na ba\u015flayacak olan Toroslar&#8217;\u0131n kad\u0131n voleybol tak\u0131m\u0131, sezonun ilk ma\u00e7lar\u0131na ise Ekim ay\u0131nda \u00e7\u0131kacak. Yeni sezon haz\u0131rl\u0131klar\u0131n\u0131 disiplinli bir \u00e7al\u0131\u015fma program\u0131yla s\u00fcrd\u00fcrecek olan tak\u0131m, lig boyunca ortaya koyaca\u011f\u0131 m\u00fccadeleyle hem Toroslar&#8217;\u0131 hem de Mersin&#8217;i en iyi \u015fekilde temsil etmeyi hedefliyor.<\/p>\n\n\n\n<p><strong>TECR\u00dcBE VE GEN\u00c7L\u0130K AYNI KADRODA<\/strong><\/p>\n\n\n\n<p>Tak\u0131m\u0131n yeni sezon kadrosunda yer alan sporcular \u015f\u00f6yle:<\/p>\n\n\n\n<p>Ezgi B\u00f6ke G\u00f6\u00e7er: 1999 do\u011fumlu deneyimli sporcu, yeni sezonda sma\u00e7\u00f6r olarak tak\u0131m\u0131n ba\u015far\u0131s\u0131 i\u00e7in m\u00fccadele edecek.<\/p>\n\n\n\n<p>\u0130rem B\u00f6ke: Ge\u00e7ti\u011fimiz sezon ba\u015far\u0131l\u0131 bir performans sergileyen \u0130rem B\u00f6ke, yeni sezonda da Toroslar Belediyesi formas\u0131n\u0131 giyecek.<\/p>\n\n\n\n<p>G\u00fczide Kurt: 2008 do\u011fumlu gen\u00e7 oyuncu, yeni sezonda da tak\u0131m kadrosunda yer alacak.<\/p>\n\n\n\n<p>Merve Nur Yast\u0131: 1996 do\u011fumlu deneyimli oyuncu, yeni sezonda sma\u00e7\u00f6r pozisyonunda g\u00f6rev yapacak.<\/p>\n\n\n\n<p>Ekin Su Kiraz: 2008 do\u011fumlu gen\u00e7 sporcu, yeni sezonda tak\u0131m\u0131n sma\u00e7\u00f6rlerinden biri olarak kadroya dahil oldu.<\/p>\n\n\n\n<p>Sezen Ery\u0131lmaz: 1994 do\u011fumlu deneyimli oyuncu, tecr\u00fcbesi ve m\u00fccadele g\u00fcc\u00fcyle yeni sezonda da tak\u0131ma katk\u0131 sunacak.<\/p>\n\n\n\n<p>Zeynepnaz Op\u00e7in: 2006 do\u011fumlu ba\u015far\u0131l\u0131 sporcu, yeni sezonda pas\u00f6r olarak g\u00f6rev yapacak.<\/p>\n\n\n\n<p>Burcu G\u00fcndo\u011fdu: 1988 do\u011fumlu deneyimli oyuncu, bu sezon Toroslar Belediyesi kadrosuna dahil olarak tak\u0131m\u0131n hedeflerine katk\u0131 sa\u011flayacak.<\/p>\n\n\n\n<p><strong>BOYACI: &#8220;HEDEF\u0130M\u0130Z B\u00dcY\u00dcK&#8221;<\/strong><\/p>\n\n\n\n<p>Tak\u0131m antren\u00f6r\u00fc Alev Boyac\u0131, yeni sezon \u00f6ncesinde iddial\u0131 mesajlar verdi. Uzun y\u0131llar oyuncu olarak liglerde m\u00fccadele eden, ard\u0131ndan antren\u00f6rl\u00fck kariyerine devam eden Boyac\u0131, yeni sezonda tak\u0131m\u0131n ba\u015f\u0131nda olmaktan duydu\u011fu memnuniyeti dile getirerek, b\u00fcy\u00fck hedeflerle dolu bir sezon beklediklerini s\u00f6yledi.<\/p>\n\n\n\n<p><strong>\u00c7OBAN: &#8220;G\u00dc\u00c7L\u00dc B\u0130R KADRO OLU\u015eTURDUK&#8221;&#8221;<\/strong><\/p>\n\n\n\n<p>Toroslar Belediyesi Spor Kul\u00fcb\u00fc Ba\u015fkan\u0131 Mevl\u00fct \u00c7oban ise yeni sezon \u00f6ncesinde g\u00fc\u00e7l\u00fc ve dengeli bir kadro olu\u015fturduklar\u0131n\u0131 belirterek, tak\u0131m\u0131n hedeflerine ula\u015faca\u011f\u0131na inand\u0131klar\u0131n\u0131 s\u00f6yledi.<\/p>\n\n\n\n<p>\u00c7oban, &#8220;\u0130yi bir kadro olu\u015fturdu\u011fumuza inan\u0131yoruz. Tecr\u00fcbeli isimleri kadromuza dahil ederken gen\u00e7 sporcular\u0131m\u0131z\u0131n da \u00f6n\u00fcn\u00fc a\u00e7may\u0131 hedefledik. K\u0131sa s\u00fcrede birka\u00e7 oyuncu daha ekibe dahil edip kadroyu tamamlayaca\u011f\u0131z. Yeni sezonda kad\u0131n voleybol tak\u0131m\u0131m\u0131z\u0131n Mersin&#8217;i ba\u015far\u0131yla temsil edece\u011fine inan\u0131yoruz. Sezon boyunca hep birlikte m\u00fccadele edece\u011fiz, hep birlikte ba\u015faraca\u011f\u0131z. Taraftarlar\u0131m\u0131z\u0131n deste\u011fi bizim i\u00e7in \u00e7ok de\u011ferli. Onlar\u0131 bu sezon da tak\u0131m\u0131m\u0131z\u0131n yan\u0131nda, trib\u00fcnlerde g\u00f6rmek istiyoruz.&#8221; ifadelerini kulland\u0131.<\/p>\n\n\n\n<p><strong>BA\u015eKAN YILDIZ: &#8220;TAKIMIMIZA \u0130NANIYORUZ VE G\u00dcVEN\u0130YORUZ&#8221;<\/strong><\/p>\n\n\n\n<p>Toroslar Belediye Ba\u015fkan\u0131 Abdurrahman Y\u0131ld\u0131z da kad\u0131n voleybol tak\u0131m\u0131n\u0131n yeni sezon hedeflerine ili\u015fkin de\u011ferlendirmelerde bulundu. Toroslar&#8217;da sporun her ge\u00e7en g\u00fcn daha geni\u015f kitlelere ula\u015ft\u0131\u011f\u0131n\u0131 belirten Ba\u015fkan Y\u0131ld\u0131z, \u00f6zellikle gen\u00e7lerin ve kad\u0131n sporcular\u0131n desteklenmesinin \u00f6nemine dikkat \u00e7ekti.<\/p>\n\n\n\n<p>Ba\u015fkan Y\u0131ld\u0131z, &#8220;Toroslar&#8217;da sporun g\u00fcc\u00fc her ge\u00e7en g\u00fcn b\u00fcy\u00fcyor. Gen\u00e7lerimize ve kad\u0131n sporcular\u0131m\u0131za deste\u011fimizi kararl\u0131l\u0131kla s\u00fcrd\u00fcrmeye devam edece\u011fiz. Ge\u00e7ti\u011fimiz sezon boyunca ortaya koyduklar\u0131 m\u00fccadele ruhu, \u00f6zveri ve emek i\u00e7in t\u00fcm sporcular\u0131m\u0131za, teknik ekibimize ve kul\u00fcp y\u00f6neticilerimize te\u015fekk\u00fcr ediyorum.Yeni sezonda da tak\u0131m\u0131m\u0131z\u0131n sahada disiplinli, m\u00fccadeleci ve \u00f6zg\u00fcvenli bir oyun ortaya koyaca\u011f\u0131na inan\u0131yorum. Toroslar Belediyesi olarak spora ve sporcuya deste\u011fimizi kararl\u0131l\u0131kla s\u00fcrd\u00fcrece\u011fiz. Kad\u0131n voleybol tak\u0131m\u0131m\u0131za yeni sezonda ba\u015far\u0131larla dolu bir yolculuk diliyorum. Tak\u0131m\u0131m\u0131za inan\u0131yor ve g\u00fcveniyoruz.&#8221; diye konu\u015ftu.<\/p>\n","protected":false},"excerpt":{"rendered":"<p>Toroslar Belediyesi Spor Kul\u00fcb\u00fc Kad\u0131n Voleybol Tak\u0131m\u0131, 2026-2027 sezonu i\u00e7in haz\u0131rl\u0131klar\u0131n\u0131 tamaml\u0131yor. T\u00fcrkiye Kad\u0131nlar Voleybol 2. Ligi 13. Grup&#8217;ta m\u00fccadele edecek olan Mersin temsilcisi, yeni sezonda daha g\u00fc\u00e7l\u00fc bir m\u00fccadele ortaya koymak ve \u00f6nemli ba\u015far\u0131lara imza atmak i\u00e7in sahaya \u00e7\u0131kacak. Kadrosunu yeni sezon \u00f6ncesinde \u015fekillendiren Toroslar Belediyesi Spor Kul\u00fcb\u00fc, deneyimli oyuncular\u0131n yan\u0131 s\u0131ra gen\u00e7 ve [&hellip;]<\/p>\n","protected":false},"author":2,"featured_media":55075,"comment_status":"closed","ping_status":"closed","sticky":false,"template":"","format":"standard","meta":{"footnotes":""},"categories":[3,10],"tags":[],"class_list":["post-55074","post","type-post","status-publish","format-standard","has-post-thumbnail","hentry","category-manset","category-spor"],"views":0,"_links":{"self":[{"href":"https:\/\/mersinkadingazetesi.com\/index.php?rest_route=\/wp\/v2\/posts\/55074"}],"collection":[{"href":"https:\/\/mersinkadingazetesi.com\/index.php?rest_route=\/wp\/v2\/posts"}],"about":[{"href":"https:\/\/mersinkadingazetesi.com\/index.php?rest_route=\/wp\/v2\/types\/post"}],"author":[{"embeddable":true,"href":"https:\/\/mersinkadingazetesi.com\/index.php?rest_route=\/wp\/v2\/users\/2"}],"replies":[{"embeddable":true,"href":"https:\/\/mersinkadingazetesi.com\/index.php?rest_route=%2Fwp%2Fv2%2Fcomments&post=55074"}],"version-history":[{"count":1,"href":"https:\/\/mersinkadingazetesi.com\/index.php?rest_route=\/wp\/v2\/posts\/55074\/revisions"}],"predecessor-version":[{"id":55076,"href":"https:\/\/mersinkadingazetesi.com\/index.php?rest_route=\/wp\/v2\/posts\/55074\/revisions\/55076"}],"wp:featuredmedia":[{"embeddable":true,"href":"https:\/\/mersinkadingazetesi.com\/index.php?rest_route=\/wp\/v2\/media\/55075"}],"wp:attachment":[{"href":"https:\/\/mersinkadingazetesi.com\/index.php?rest_route=%2Fwp%2Fv2%2Fmedia&parent=55074"}],"wp:term":[{"taxonomy":"category","embeddable":true,"href":"https:\/\/mersinkadingazetesi.com\/index.php?rest_route=%2Fwp%2Fv2%2Fcategories&post=55074"},{"taxonomy":"post_tag","embeddable":true,"href":"https:\/\/mersinkadingazetesi.com\/index.php?rest_route=%2Fwp%2Fv2%2Ftags&post=55074"}],"curies":[{"name":"wp","href":"https:\/\/api.w.org\/{rel}","templated":true}]}}