{"id":55080,"date":"2026-08-31T11:52:11","date_gmt":"2026-08-31T08:52:11","guid":{"rendered":"https:\/\/mersinkadingazetesi.com\/?p=55080"},"modified":"2026-08-31T11:52:11","modified_gmt":"2026-08-31T08:52:11","slug":"mersin-merkezli-firmalarin-ithalati-yuzde-1576-artti","status":"publish","type":"post","link":"https:\/\/mersinkadingazetesi.com\/?p=55080","title":{"rendered":"&#8221;Mersin merkezli firmalar\u0131n ithalat\u0131 y\u00fczde 15,76 artt\u0131&#8221;"},"content":{"rendered":"\n<p>Mersin Ticaret Borsas\u0131 Ba\u015fkan\u0131 \u00d6. Abdullah \u00d6zdemir&#8217;in &#8220;Mersinin ihracat performans\u0131n\u0131n tek bir veriyle de\u011ferlendirilmemesi gerekti\u011fine&#8221; dair a\u00e7\u0131klamalarda bulundu.<\/p>\n\n\n\n<p>\u0130l bazl\u0131 d\u0131\u015f ticaret istatistiklerinin iki farkl\u0131 y\u00f6ntemle yay\u0131mland\u0131\u011f\u0131n\u0131 s\u00f6yleyen \u00d6zdemir, &#8221;Birincisi, ihracat i\u015fleminin fiilen ger\u00e7ekle\u015fti\u011fi, yani g\u00fcmr\u00fck \u00e7\u0131k\u0131\u015f\u0131n\u0131n yap\u0131ld\u0131\u011f\u0131 ili esas alan&nbsp;<strong>\u201cfaaliyet ili\u201d<\/strong>&nbsp;verileridir. \u0130kincisi ise ihracat\u0131 yapan firman\u0131n kay\u0131tl\u0131 merkezinin bulundu\u011fu ili esas alan&nbsp;<strong>\u201cgiri\u015fim merkezi\u201d<\/strong>&nbsp;verileridir.&nbsp;Mersin\u2019in Temmuz 2026 ihracat\u0131na ili\u015fkin yap\u0131lan de\u011ferlendirmelerde, faaliyet illeri baz\u0131ndaki veriler esas al\u0131narak ihracat\u0131n ge\u00e7en y\u0131l\u0131n ayn\u0131 ay\u0131na g\u00f6re 194 milyon dolar artt\u0131\u011f\u0131 ve Mersin\u2019in T\u00fcrkiye\u2019de ihracat\u0131n\u0131 en fazla art\u0131ran il oldu\u011fu vurgulanmaktad\u0131r.&nbsp;Ancak Mersin\u2019in d\u0131\u015f ticaret performans\u0131n\u0131 de\u011ferlendirmek i\u00e7in yaln\u0131zca bu g\u00f6stergeye bakmak, kentin d\u0131\u015f ticaret tablosunun tamam\u0131n\u0131 yans\u0131tmayan bir sonu\u00e7 ortaya \u00e7\u0131karmaktad\u0131r.&nbsp;Giri\u015fim merkezi baz\u0131ndaki veriler, 2026 y\u0131l\u0131n\u0131n ilk yedi ay\u0131nda Mersin ihracat\u0131n\u0131n artt\u0131\u011f\u0131n\u0131 de\u011fil, aksine geriledi\u011fini g\u00f6stermektedir.&nbsp;Buna g\u00f6re Mersin merkezli firmalar\u0131n Ocak-Temmuz d\u00f6nemi ihracat\u0131, 2025 y\u0131l\u0131nda 4,72 milyar dolardan 2026 y\u0131l\u0131nda 4,14 milyar dolara gerilemi\u015ftir. \u0130hracattaki d\u00fc\u015f\u00fc\u015f 580 milyon dolar, yani y\u00fczde 12,29 seviyesindedir. \u00dcstelik 2026 y\u0131l\u0131n\u0131n Ocak-Temmuz d\u00f6neminde ilk 10 s\u0131rada yer alan 8 il ihracat\u0131n\u0131 art\u0131r\u0131rken, Mersin ihracat\u0131 en fazla gerileyen il olmu\u015ftur.&#8221; dedi.<\/p>\n\n\n\n<p>&#8221;Mersin merkezli firmalar\u0131n ithalat\u0131 4,75 milyar dolardan 5,50 milyar dolara y\u00fckselerek y\u00fczde 15,76 artt\u0131&#8221;<\/p>\n\n\n\n<p>\u00d6zdemir \u015f\u00f6yle devam etti;<\/p>\n\n\n\n<p>&#8221;Ayn\u0131 d\u00f6nemde Mersin merkezli firmalar\u0131n ithalat\u0131 ise 4,75 milyar dolardan 5,50 milyar dolara y\u00fckselerek y\u00fczde 15,76 artm\u0131\u015ft\u0131r. Bunun sonucunda ihracat\u0131n ithalat\u0131 kar\u015f\u0131lama oran\u0131 y\u00fczde 99,46\u2019dan y\u00fczde 75,36\u2019ya gerilemi\u015ftir.&nbsp;Ba\u015fka bir ifadeyle Mersin\u2019in d\u0131\u015f ticaretinde ayn\u0131 d\u00f6nemde ihracat azal\u0131rken ithalat artm\u0131\u015f, ihracat\u0131n ithalat\u0131 kar\u015f\u0131lama g\u00fcc\u00fc ise yakla\u015f\u0131k 24 puan d\u00fc\u015fm\u00fc\u015ft\u00fcr.&nbsp;Bu tablo ortadayken, yaln\u0131zca faaliyet illeri baz\u0131ndaki Temmuz ay\u0131 verisinden hareketle Mersin\u2019in ihracatta&nbsp;<strong>\u201czirveye yerle\u015fti\u011fini\u201d<\/strong>&nbsp;s\u00f6ylemek, kentin d\u0131\u015f ticaret performans\u0131n\u0131n b\u00fct\u00fcn\u00fcn\u00fc yans\u0131tmamaktad\u0131r.&nbsp;Elbette Mersin\u2019in ihracat\u0131n\u0131 art\u0131rmas\u0131 hepimizin ortak arzusudur. Mersin, sahip oldu\u011fu \u00fcretim altyap\u0131s\u0131, lojistik avantajlar\u0131, liman\u0131, tar\u0131m ve sanayi kapasitesiyle y\u00fcksek bir ihracat potansiyeline sahiptir. Ancak bu potansiyelin ger\u00e7ek bir ba\u015far\u0131ya d\u00f6n\u00fc\u015fmesi, tek bir ayda ortaya \u00e7\u0131kan art\u0131\u015ftan \u00e7ok, uzun vadeli ve s\u00fcrd\u00fcr\u00fclebilir bir ihracat performans\u0131yla \u00f6l\u00e7\u00fclmelidir.&nbsp;Sa\u011fl\u0131kl\u0131 bir de\u011ferlendirme i\u00e7in yaln\u0131zca ihracat rakam\u0131na de\u011fil;&nbsp;<strong>ithalat\u0131n seyrine, ihracat\u0131n ithalat\u0131 kar\u015f\u0131lama oran\u0131na, d\u0131\u015f ticaret dengesine, ihracat\u0131n katma de\u011ferine, \u00fcr\u00fcn ve pazar \u00e7e\u015fitlili\u011fine<\/strong>de birlikte bak\u0131lmas\u0131 gerekmektedir.&#8221;<\/p>\n\n\n\n<p>&#8221;As\u0131l ba\u015far\u0131, y\u0131llar boyunca s\u00fcrd\u00fcr\u00fclebilen bir ihracat art\u0131\u015f\u0131ndan anla\u015f\u0131l\u0131r&#8221;<\/p>\n\n\n\n<p>&#8221;As\u0131l ba\u015far\u0131, bir ayda elde edilen s\u0131ralama de\u011fi\u015fikli\u011finden de\u011fil, y\u0131llar boyunca s\u00fcrd\u00fcr\u00fclebilen bir ihracat art\u0131\u015f\u0131ndan anla\u015f\u0131l\u0131r. Mersin\u2019in hedefi, yaln\u0131zca daha fazla ihracat yapan bir kent olmak de\u011fil;&nbsp;<strong>ithalat\u0131n\u0131 daha etkin y\u00f6neten, d\u0131\u015f ticaret a\u00e7\u0131\u011f\u0131n\u0131 azaltan, y\u00fcksek katma de\u011fer \u00fcreten ve k\u00fcresel pazarlardaki konumunu kal\u0131c\u0131 bi\u00e7imde g\u00fc\u00e7lendiren bir \u00fcretim ve ihracat merkezi haline gelmek<\/strong>&nbsp;olmal\u0131d\u0131r.&nbsp;Bu nedenle Mersin\u2019in d\u0131\u015f ticaret performans\u0131n\u0131 de\u011ferlendirirken tek bir rakama veya tek bir aya odaklanmak yerine, b\u00fct\u00fcn g\u00f6stergeleri birlikte ele almak gerekir.&nbsp;<strong>Ger\u00e7ek ihracat ba\u015far\u0131s\u0131, rakamlar\u0131n tamam\u0131na bak\u0131ld\u0131\u011f\u0131nda g\u00f6r\u00fclen; istikrarl\u0131, s\u00fcrd\u00fcr\u00fclebilir ve dengeli bir d\u0131\u015f ticaret performans\u0131d\u0131r. Mersin bunu ba\u015farabilecek potansiyele sahiptir. Bu potansiyeli tam kapasite ile hayata ge\u00e7irmek i\u00e7in hep birlikte \u00e7al\u0131\u015fmal\u0131y\u0131z.&#8221;<\/strong><\/p>\n","protected":false},"excerpt":{"rendered":"<p>Mersin Ticaret Borsas\u0131 Ba\u015fkan\u0131 \u00d6. Abdullah \u00d6zdemir&#8217;in &#8220;Mersinin ihracat performans\u0131n\u0131n tek bir veriyle de\u011ferlendirilmemesi gerekti\u011fine&#8221; dair a\u00e7\u0131klamalarda bulundu. \u0130l bazl\u0131 d\u0131\u015f ticaret istatistiklerinin iki farkl\u0131 y\u00f6ntemle yay\u0131mland\u0131\u011f\u0131n\u0131 s\u00f6yleyen \u00d6zdemir, &#8221;Birincisi, ihracat i\u015fleminin fiilen ger\u00e7ekle\u015fti\u011fi, yani g\u00fcmr\u00fck \u00e7\u0131k\u0131\u015f\u0131n\u0131n yap\u0131ld\u0131\u011f\u0131 ili esas alan&nbsp;\u201cfaaliyet ili\u201d&nbsp;verileridir. \u0130kincisi ise ihracat\u0131 yapan firman\u0131n kay\u0131tl\u0131 merkezinin bulundu\u011fu ili esas alan&nbsp;\u201cgiri\u015fim merkezi\u201d&nbsp;verileridir.&nbsp;Mersin\u2019in Temmuz [&hellip;]<\/p>\n","protected":false},"author":2,"featured_media":16008,"comment_status":"closed","ping_status":"closed","sticky":false,"template":"","format":"standard","meta":{"footnotes":""},"categories":[3],"tags":[],"class_list":["post-55080","post","type-post","status-publish","format-standard","has-post-thumbnail","hentry","category-manset"],"views":0,"_links":{"self":[{"href":"https:\/\/mersinkadingazetesi.com\/index.php?rest_route=\/wp\/v2\/posts\/55080"}],"collection":[{"href":"https:\/\/mersinkadingazetesi.com\/index.php?rest_route=\/wp\/v2\/posts"}],"about":[{"href":"https:\/\/mersinkadingazetesi.com\/index.php?rest_route=\/wp\/v2\/types\/post"}],"author":[{"embeddable":true,"href":"https:\/\/mersinkadingazetesi.com\/index.php?rest_route=\/wp\/v2\/users\/2"}],"replies":[{"embeddable":true,"href":"https:\/\/mersinkadingazetesi.com\/index.php?rest_route=%2Fwp%2Fv2%2Fcomments&post=55080"}],"version-history":[{"count":1,"href":"https:\/\/mersinkadingazetesi.com\/index.php?rest_route=\/wp\/v2\/posts\/55080\/revisions"}],"predecessor-version":[{"id":55081,"href":"https:\/\/mersinkadingazetesi.com\/index.php?rest_route=\/wp\/v2\/posts\/55080\/revisions\/55081"}],"wp:featuredmedia":[{"embeddable":true,"href":"https:\/\/mersinkadingazetesi.com\/index.php?rest_route=\/wp\/v2\/media\/16008"}],"wp:attachment":[{"href":"https:\/\/mersinkadingazetesi.com\/index.php?rest_route=%2Fwp%2Fv2%2Fmedia&parent=55080"}],"wp:term":[{"taxonomy":"category","embeddable":true,"href":"https:\/\/mersinkadingazetesi.com\/index.php?rest_route=%2Fwp%2Fv2%2Fcategories&post=55080"},{"taxonomy":"post_tag","embeddable":true,"href":"https:\/\/mersinkadingazetesi.com\/index.php?rest_route=%2Fwp%2Fv2%2Ftags&post=55080"}],"curies":[{"name":"wp","href":"https:\/\/api.w.org\/{rel}","templated":true}]}}