{"id":55085,"date":"2026-08-31T16:13:47","date_gmt":"2026-08-31T13:13:47","guid":{"rendered":"https:\/\/mersinkadingazetesi.com\/?p=55085"},"modified":"2026-08-31T16:13:47","modified_gmt":"2026-08-31T13:13:47","slug":"mezitlide-vatandasin-talebi-hizmete-donusuyor-akdeniz-mahallesine-ikinci-pazar-yeri","status":"publish","type":"post","link":"https:\/\/mersinkadingazetesi.com\/?p=55085","title":{"rendered":"MEZ\u0130TL\u0130&#8217;DE VATANDA\u015eIN TALEB\u0130 H\u0130ZMETE D\u00d6N\u00dc\u015e\u00dcYOR: AKDEN\u0130Z MAHALLES\u0130&#8217;NE \u0130K\u0130NC\u0130 PAZAR YER\u0130"},"content":{"rendered":"\n<p>Mezitli Belediyesi, Akdeniz Mahallesi&#8217;nde vatanda\u015flardan gelen yo\u011fun talep \u00fczerine ikinci pazar yerini hayata ge\u00e7iriyor. Sathi kaplama, ayd\u0131nlatma, WC ve mescit gibi donat\u0131lar\u0131n yer alaca\u011f\u0131 yeni pazar alan\u0131n\u0131n, mahalle sakinlerine daha d\u00fczenli ve kullan\u0131\u015fl\u0131 bir al\u0131\u015fveri\u015f ortam\u0131 sunmas\u0131 hedefleniyor.<\/p>\n\n\n\n<p>Mezitli Belediyesi, mahallelerin ihtiya\u00e7lar\u0131n\u0131 vatanda\u015flarla birlikte belirleyerek hizmete d\u00f6n\u00fc\u015ft\u00fcrmeye devam ediyor. Akdeniz Mahallesi&#8217;nde ya\u015fayan vatanda\u015flardan gelen ikinci pazar yeri talebi \u00fczerine harekete ge\u00e7en belediye, yeni pazar alan\u0131n\u0131n haz\u0131rlanmas\u0131 i\u00e7in \u00e7al\u0131\u015fmalara ba\u015flad\u0131.<\/p>\n\n\n\n<p>Mahalle sakinlerinin pazara daha kolay ula\u015fabilmesi ve mevcut alandaki yo\u011funlu\u011fun azalt\u0131lmas\u0131 amac\u0131yla planlanan ikinci pazar yerinde, vatanda\u015flar\u0131n ihtiya\u00e7lar\u0131 da g\u00f6z \u00f6n\u00fcnde bulunduruluyor. Bu kapsamda alanda sathi kaplama ve ayd\u0131nlatma \u00e7al\u0131\u015fmalar\u0131 ger\u00e7ekle\u015ftirilecek, WC ve mescit de vatanda\u015flar\u0131n kullan\u0131m\u0131na sunulacak.<\/p>\n\n\n\n<p><strong>BA\u015eKAN TUNCER: &#8220;VATANDA\u015eIMIZIN TALEB\u0130N\u0130 YER\u0130NDE D\u0130NL\u0130YOR, \u00c7\u00d6Z\u00dcME D\u00d6N\u00dc\u015eT\u00dcR\u00dcYORUZ&#8221;<\/strong><\/p>\n\n\n\n<p>Mezitli Belediye Ba\u015fkan\u0131 Ahmet Serkan Tuncer, hizmetlerin vatanda\u015flar\u0131n ihtiya\u00e7lar\u0131 do\u011frultusunda \u015fekillendi\u011fini belirterek<strong>, &#8220;Akdeniz Mahallemizde vatanda\u015flar\u0131m\u0131zdan ikinci bir pazar yeri konusunda yo\u011fun bir talep ald\u0131k. Biz de bu talebi dikkate alarak gerekli \u00e7al\u0131\u015fmalar\u0131m\u0131z\u0131 ba\u015flatt\u0131k. Amac\u0131m\u0131z, hem b\u00f6lgedeki yo\u011funlu\u011fu azaltmak hem de hem\u015fehrilerimizin daha rahat ve d\u00fczenli bir ortamda al\u0131\u015fveri\u015f yapabilmesini sa\u011flamak.&#8221;&nbsp;<\/strong>dedi.<\/p>\n\n\n\n<p>Yeni pazar alan\u0131n\u0131n t\u00fcm ihtiya\u00e7lar d\u00fc\u015f\u00fcn\u00fclerek haz\u0131rlanaca\u011f\u0131n\u0131 ifade eden Ba\u015fkan Tuncer<strong>, &#8220;Sathi kaplamas\u0131ndan ayd\u0131nlatmas\u0131na, WC&#8217;sinden mescidine kadar vatanda\u015flar\u0131m\u0131z\u0131n ihtiya\u00e7 duydu\u011fu unsurlar\u0131 bu alanda bir araya getirece\u011fiz.Bizler vatanda\u015f\u0131m\u0131z\u0131 dinleyen, sahada ihtiya\u00e7lar\u0131 g\u00f6ren ve bu talepleri hizmete d\u00f6n\u00fc\u015ft\u00fcren bir belediyecilik anlay\u0131\u015f\u0131yla \u00e7al\u0131\u015f\u0131yoruz.&#8221;&nbsp;<\/strong>ifadelerini kulland\u0131.<\/p>\n\n\n\n<p><strong>AKDEN\u0130Z MAHALLES\u0130&#8217;NDE PAZAR ALI\u015eVER\u0130\u015e\u0130 DAHA KOLAY HALE GELECEK<\/strong><\/p>\n\n\n\n<p>Hayata ge\u00e7irilecek ikinci pazar yeriyle birlikte Akdeniz Mahallesi&#8217;nde pazar al\u0131\u015fveri\u015finin daha eri\u015filebilir ve d\u00fczenli hale gelmesi hedefleniyor. Yeni alan\u0131n tamamlanmas\u0131yla hem esnaf\u0131n hem de vatanda\u015flar\u0131n daha elveri\u015fli ko\u015fullarda hizmet almas\u0131 ve hizmet vermesi sa\u011flanacak.<\/p>\n\n\n\n<p>Mezitli Belediyesi, vatanda\u015flardan gelen talepleri do\u011frudan hizmete d\u00f6n\u00fc\u015ft\u00fcrerek mahallelerin ihtiya\u00e7lar\u0131na y\u00f6nelik \u00e7al\u0131\u015fmalar\u0131n\u0131 s\u00fcrd\u00fcrmeye devam edecek.<\/p>\n","protected":false},"excerpt":{"rendered":"<p>Mezitli Belediyesi, Akdeniz Mahallesi&#8217;nde vatanda\u015flardan gelen yo\u011fun talep \u00fczerine ikinci pazar yerini hayata ge\u00e7iriyor. Sathi kaplama, ayd\u0131nlatma, WC ve mescit gibi donat\u0131lar\u0131n yer alaca\u011f\u0131 yeni pazar alan\u0131n\u0131n, mahalle sakinlerine daha d\u00fczenli ve kullan\u0131\u015fl\u0131 bir al\u0131\u015fveri\u015f ortam\u0131 sunmas\u0131 hedefleniyor. Mezitli Belediyesi, mahallelerin ihtiya\u00e7lar\u0131n\u0131 vatanda\u015flarla birlikte belirleyerek hizmete d\u00f6n\u00fc\u015ft\u00fcrmeye devam ediyor. Akdeniz Mahallesi&#8217;nde ya\u015fayan vatanda\u015flardan gelen ikinci [&hellip;]<\/p>\n","protected":false},"author":2,"featured_media":55086,"comment_status":"closed","ping_status":"closed","sticky":false,"template":"","format":"standard","meta":{"footnotes":""},"categories":[3],"tags":[],"class_list":["post-55085","post","type-post","status-publish","format-standard","has-post-thumbnail","hentry","category-manset"],"views":1,"_links":{"self":[{"href":"https:\/\/mersinkadingazetesi.com\/index.php?rest_route=\/wp\/v2\/posts\/55085"}],"collection":[{"href":"https:\/\/mersinkadingazetesi.com\/index.php?rest_route=\/wp\/v2\/posts"}],"about":[{"href":"https:\/\/mersinkadingazetesi.com\/index.php?rest_route=\/wp\/v2\/types\/post"}],"author":[{"embeddable":true,"href":"https:\/\/mersinkadingazetesi.com\/index.php?rest_route=\/wp\/v2\/users\/2"}],"replies":[{"embeddable":true,"href":"https:\/\/mersinkadingazetesi.com\/index.php?rest_route=%2Fwp%2Fv2%2Fcomments&post=55085"}],"version-history":[{"count":1,"href":"https:\/\/mersinkadingazetesi.com\/index.php?rest_route=\/wp\/v2\/posts\/55085\/revisions"}],"predecessor-version":[{"id":55087,"href":"https:\/\/mersinkadingazetesi.com\/index.php?rest_route=\/wp\/v2\/posts\/55085\/revisions\/55087"}],"wp:featuredmedia":[{"embeddable":true,"href":"https:\/\/mersinkadingazetesi.com\/index.php?rest_route=\/wp\/v2\/media\/55086"}],"wp:attachment":[{"href":"https:\/\/mersinkadingazetesi.com\/index.php?rest_route=%2Fwp%2Fv2%2Fmedia&parent=55085"}],"wp:term":[{"taxonomy":"category","embeddable":true,"href":"https:\/\/mersinkadingazetesi.com\/index.php?rest_route=%2Fwp%2Fv2%2Fcategories&post=55085"},{"taxonomy":"post_tag","embeddable":true,"href":"https:\/\/mersinkadingazetesi.com\/index.php?rest_route=%2Fwp%2Fv2%2Ftags&post=55085"}],"curies":[{"name":"wp","href":"https:\/\/api.w.org\/{rel}","templated":true}]}}