{"id":55091,"date":"2026-08-31T18:07:56","date_gmt":"2026-08-31T15:07:56","guid":{"rendered":"https:\/\/mersinkadingazetesi.com\/?p=55091"},"modified":"2026-08-31T18:07:56","modified_gmt":"2026-08-31T15:07:56","slug":"milletvekili-uysala-turk-fizik-derneginden-ozel-onur-odulu","status":"publish","type":"post","link":"https:\/\/mersinkadingazetesi.com\/?p=55091","title":{"rendered":"M\u0130LLETVEK\u0130L\u0130 UYSAL\u2019A T\u00dcRK F\u0130Z\u0130K DERNE\u011e\u0130\u2019NDEN \u00d6ZEL ONUR \u00d6D\u00dcL\u00dc"},"content":{"rendered":"\n<p>T\u00fcrk Fizik Derne\u011fi taraf\u0131ndan Mu\u011fla\u2019n\u0131n Bodrum il\u00e7esinde d\u00fczenlenen&nbsp;<strong>42. Uluslararas\u0131 Fizik Kongresi<\/strong>, T\u00fcrkiye\u2019nin ve d\u00fcnyan\u0131n farkl\u0131 b\u00f6lgelerinden de\u011ferli bilim insanlar\u0131n\u0131 bir araya getirdi. Kongre kapsam\u0131nda, Milliyet\u00e7i Hareket Partisi Mersin Milletvekili ve MYK \u00dcyesi Dr. Levent Uysal\u2019a,&nbsp;<strong>\u201c2026 Y\u0131l\u0131 T\u00fcrk Fizik Derne\u011fi Sanayici ve \u0130\u015f \u0130nsan\u0131 \u00d6zel Onur \u00d6d\u00fcl\u00fc\u201d<\/strong>&nbsp;takdim edildi. Milletvekili Uysal <strong>\u201cHayat\u0131m boyunca e\u011fitime, bilime ve gen\u00e7lerimize yap\u0131lan yat\u0131r\u0131m\u0131n, T\u00fcrkiye\u2019nin gelece\u011fine yap\u0131lan en \u00f6nemli yat\u0131r\u0131mlardan biri oldu\u011funa inand\u0131m. \u00c7\u00fcnk\u00fc T\u00fcrkiye\u2019nin yar\u0131nlar\u0131n\u0131; bilgiyi \u00fcreten, teknolojiyi de\u011fere d\u00f6n\u00fc\u015ft\u00fcren ve d\u00fcnyayla rekabet edebilen nesiller \u015fekillendirecek.\u201d<\/strong> \u015feklinde konu\u015ftu.<br><br>T\u00fcrk Fizik Derne\u011fi\u2019nin d\u00fczenledi\u011fi 42. Uluslararas\u0131 Fizik Kongresi\u2019nde, e\u011fitime, bilime ve gen\u00e7lere y\u00f6nelik \u00e7al\u0131\u015fmalar\u0131yla \u00f6ne \u00e7\u0131kan MHP Mersin Milletvekili ve MYK \u00dcyesi Dr. Levent Uysal\u2019a \u00f6zel onur \u00f6d\u00fcl\u00fc verildi. Uysal, \u00f6d\u00fcl\u00fcn kendisi i\u00e7in b\u00fcy\u00fck bir gurur oldu\u011funu belirterek, T\u00fcrkiye\u2019nin gelece\u011finin bilim, teknoloji ve \u00fcretim odakl\u0131 nesiller taraf\u0131ndan \u015fekillendirilece\u011fini vurgulad\u0131.<\/p>\n\n\n\n<p>\u00d6d\u00fcl\u00fcn\u00fc bilim insanlar\u0131 ve kongre kat\u0131l\u0131mc\u0131lar\u0131n\u0131n huzurunda alan MHP\u2019li Uysal, kendisine lay\u0131k g\u00f6r\u00fclen \u00f6d\u00fcl\u00fcn b\u00fcy\u00fck bir gurur oldu\u011funu belirterek, e\u011fitime, bilime ve gen\u00e7lere yap\u0131lan yat\u0131r\u0131mlar\u0131n T\u00fcrkiye\u2019nin gelece\u011fine y\u00f6nelik en \u00f6nemli yat\u0131r\u0131mlardan biri oldu\u011funa inand\u0131\u011f\u0131n\u0131 ifade etti.<\/p>\n\n\n\n<p>Milletvekili Uysal, konu\u015fmas\u0131nda hayat\u0131 boyunca e\u011fitim, bilim ve gen\u00e7lere y\u00f6nelik \u00e7al\u0131\u015fmalar\u0131 \u00f6nemsedi\u011fini vurgulayarak, en b\u00fcy\u00fck hedeflerinin gen\u00e7lerin bilim, teknoloji ve \u00fcretimle daha g\u00fc\u00e7l\u00fc ba\u011f kurmas\u0131na katk\u0131 sunmak oldu\u011funu s\u00f6yledi.<\/p>\n\n\n\n<p>T\u00fcrkiye\u2019nin ve d\u00fcnyan\u0131n de\u011ferli bilim insanlar\u0131yla gen\u00e7leri ayn\u0131 \u00e7at\u0131 alt\u0131nda bulu\u015fturan 42. Uluslararas\u0131 Fizik Kongresi\u2019nde yer alman\u0131n kendisi a\u00e7\u0131s\u0131ndan b\u00fcy\u00fck anlam ta\u015f\u0131d\u0131\u011f\u0131n\u0131 dile getiren MHP Mersin Milletvekili ve MYK \u00dcyesi Dr. Levent Uysal, ald\u0131\u011f\u0131 \u00f6d\u00fcl\u00fc yaln\u0131zca bir takdir de\u011fil, ayn\u0131 zamanda e\u011fitime, bilime ve gen\u00e7lerin gelece\u011fine daha fazla katk\u0131 sunma sorumlulu\u011fu olarak g\u00f6rd\u00fc\u011f\u00fcn\u00fc kaydetti.<\/p>\n\n\n\n<p>Mersin Milletvekili Uysal, T\u00fcrkiye\u2019nin gelece\u011fini bilgi \u00fcreten, teknolojiyi geli\u015ftiren ve d\u00fcnya ile rekabet edebilen nesillerin \u015fekillendirece\u011fine dikkat \u00e7ekerek, gen\u00e7lerin bilim ve teknolojiyle bulu\u015fmas\u0131n\u0131n \u00fclkenin gelece\u011fi a\u00e7\u0131s\u0131ndan kritik \u00f6nem ta\u015f\u0131d\u0131\u011f\u0131n\u0131 ifade etti.<\/p>\n\n\n\n<p>\u00d6d\u00fcl dolay\u0131s\u0131yla T\u00fcrk Fizik Derne\u011fi\u2019ne, dernek ba\u015fkan\u0131na ve bilim d\u00fcnyas\u0131n\u0131n de\u011ferli mensuplar\u0131na te\u015fekk\u00fcr eden Uysal, konu\u015fmas\u0131n\u0131,&nbsp;<strong>\u201cBilimin ve teknolojinin g\u00fcc\u00fcyle \u00fcreten bir T\u00fcrkiye i\u00e7in hep birlikte \u00e7al\u0131\u015fmaya devam edece\u011fiz\u201d<\/strong>&nbsp;s\u00f6zleriyle tamamlad\u0131.<\/p>\n","protected":false},"excerpt":{"rendered":"<p>T\u00fcrk Fizik Derne\u011fi taraf\u0131ndan Mu\u011fla\u2019n\u0131n Bodrum il\u00e7esinde d\u00fczenlenen&nbsp;42. Uluslararas\u0131 Fizik Kongresi, T\u00fcrkiye\u2019nin ve d\u00fcnyan\u0131n farkl\u0131 b\u00f6lgelerinden de\u011ferli bilim insanlar\u0131n\u0131 bir araya getirdi. Kongre kapsam\u0131nda, Milliyet\u00e7i Hareket Partisi Mersin Milletvekili ve MYK \u00dcyesi Dr. Levent Uysal\u2019a,&nbsp;\u201c2026 Y\u0131l\u0131 T\u00fcrk Fizik Derne\u011fi Sanayici ve \u0130\u015f \u0130nsan\u0131 \u00d6zel Onur \u00d6d\u00fcl\u00fc\u201d&nbsp;takdim edildi. Milletvekili Uysal \u201cHayat\u0131m boyunca e\u011fitime, bilime ve gen\u00e7lerimize [&hellip;]<\/p>\n","protected":false},"author":2,"featured_media":55092,"comment_status":"closed","ping_status":"closed","sticky":false,"template":"","format":"standard","meta":{"footnotes":""},"categories":[3],"tags":[],"class_list":["post-55091","post","type-post","status-publish","format-standard","has-post-thumbnail","hentry","category-manset"],"views":3,"_links":{"self":[{"href":"https:\/\/mersinkadingazetesi.com\/index.php?rest_route=\/wp\/v2\/posts\/55091"}],"collection":[{"href":"https:\/\/mersinkadingazetesi.com\/index.php?rest_route=\/wp\/v2\/posts"}],"about":[{"href":"https:\/\/mersinkadingazetesi.com\/index.php?rest_route=\/wp\/v2\/types\/post"}],"author":[{"embeddable":true,"href":"https:\/\/mersinkadingazetesi.com\/index.php?rest_route=\/wp\/v2\/users\/2"}],"replies":[{"embeddable":true,"href":"https:\/\/mersinkadingazetesi.com\/index.php?rest_route=%2Fwp%2Fv2%2Fcomments&post=55091"}],"version-history":[{"count":1,"href":"https:\/\/mersinkadingazetesi.com\/index.php?rest_route=\/wp\/v2\/posts\/55091\/revisions"}],"predecessor-version":[{"id":55093,"href":"https:\/\/mersinkadingazetesi.com\/index.php?rest_route=\/wp\/v2\/posts\/55091\/revisions\/55093"}],"wp:featuredmedia":[{"embeddable":true,"href":"https:\/\/mersinkadingazetesi.com\/index.php?rest_route=\/wp\/v2\/media\/55092"}],"wp:attachment":[{"href":"https:\/\/mersinkadingazetesi.com\/index.php?rest_route=%2Fwp%2Fv2%2Fmedia&parent=55091"}],"wp:term":[{"taxonomy":"category","embeddable":true,"href":"https:\/\/mersinkadingazetesi.com\/index.php?rest_route=%2Fwp%2Fv2%2Fcategories&post=55091"},{"taxonomy":"post_tag","embeddable":true,"href":"https:\/\/mersinkadingazetesi.com\/index.php?rest_route=%2Fwp%2Fv2%2Ftags&post=55091"}],"curies":[{"name":"wp","href":"https:\/\/api.w.org\/{rel}","templated":true}]}}