{"id":55094,"date":"2026-09-01T09:47:54","date_gmt":"2026-09-01T06:47:54","guid":{"rendered":"https:\/\/mersinkadingazetesi.com\/?p=55094"},"modified":"2026-09-01T09:47:54","modified_gmt":"2026-09-01T06:47:54","slug":"okul-bahce-personeli-alimi-komisyon-toplantisi-gerceklestirildi","status":"publish","type":"post","link":"https:\/\/mersinkadingazetesi.com\/?p=55094","title":{"rendered":"OKUL BAH\u00c7E PERSONEL\u0130 ALIMI KOM\u0130SYON TOPLANTISI GER\u00c7EKLE\u015eT\u0130R\u0130LD\u0130\u00a0"},"content":{"rendered":"\n<p>\u0130l Mill\u00ee E\u011fitim M\u00fcd\u00fcr\u00fc Muhammed \u00d6zdemirci ba\u015fkanl\u0131\u011f\u0131nda, il genelindeki okullarda g\u00f6revlendirilecek okul bah\u00e7e g\u00f6revlilerinin al\u0131m s\u00fcrecine y\u00f6nelik il komisyon toplant\u0131s\u0131 d\u00fczenlendi.<\/p>\n\n\n\n<p>Toplant\u0131da, okullardaki g\u00fcvenlik, d\u00fczen ve temizlik standartlar\u0131n\u0131n art\u0131r\u0131lmas\u0131na y\u00f6nelik planlamalar ele al\u0131nd\u0131. S\u00fcrecin etkin ve koordineli bir \u015fekilde y\u00fcr\u00fct\u00fclmesi amac\u0131yla \u0130l Mill\u00ee E\u011fitim M\u00fcd\u00fcrl\u00fc\u011f\u00fc, \u0130l Emniyet M\u00fcd\u00fcrl\u00fc\u011f\u00fc, \u0130l Jandarma Komutanl\u0131\u011f\u0131 ve \u0130\u015eKUR temsilcilerinin kat\u0131l\u0131m\u0131yla kurumlar aras\u0131 i\u015f birli\u011fi ad\u0131mlar\u0131 de\u011ferlendirildi.<\/p>\n\n\n\n<p>Toplant\u0131da; \u00f6\u011frencilerin daha g\u00fcvenli ve sa\u011fl\u0131kl\u0131 e\u011fitim ortamlar\u0131nda bulunmas\u0131 i\u00e7in okul bah\u00e7elerinde istihdam edilecek personellerin g\u00f6rev tan\u0131mlar\u0131, al\u0131m kriterleri ve kurumlar aras\u0131 koordinasyon esaslar\u0131 karara ba\u011fland\u0131.<\/p>\n","protected":false},"excerpt":{"rendered":"<p>\u0130l Mill\u00ee E\u011fitim M\u00fcd\u00fcr\u00fc Muhammed \u00d6zdemirci ba\u015fkanl\u0131\u011f\u0131nda, il genelindeki okullarda g\u00f6revlendirilecek okul bah\u00e7e g\u00f6revlilerinin al\u0131m s\u00fcrecine y\u00f6nelik il komisyon toplant\u0131s\u0131 d\u00fczenlendi. Toplant\u0131da, okullardaki g\u00fcvenlik, d\u00fczen ve temizlik standartlar\u0131n\u0131n art\u0131r\u0131lmas\u0131na y\u00f6nelik planlamalar ele al\u0131nd\u0131. S\u00fcrecin etkin ve koordineli bir \u015fekilde y\u00fcr\u00fct\u00fclmesi amac\u0131yla \u0130l Mill\u00ee E\u011fitim M\u00fcd\u00fcrl\u00fc\u011f\u00fc, \u0130l Emniyet M\u00fcd\u00fcrl\u00fc\u011f\u00fc, \u0130l Jandarma Komutanl\u0131\u011f\u0131 ve \u0130\u015eKUR temsilcilerinin kat\u0131l\u0131m\u0131yla [&hellip;]<\/p>\n","protected":false},"author":2,"featured_media":55095,"comment_status":"closed","ping_status":"closed","sticky":false,"template":"","format":"standard","meta":{"footnotes":""},"categories":[3],"tags":[],"class_list":["post-55094","post","type-post","status-publish","format-standard","has-post-thumbnail","hentry","category-manset"],"views":0,"_links":{"self":[{"href":"https:\/\/mersinkadingazetesi.com\/index.php?rest_route=\/wp\/v2\/posts\/55094"}],"collection":[{"href":"https:\/\/mersinkadingazetesi.com\/index.php?rest_route=\/wp\/v2\/posts"}],"about":[{"href":"https:\/\/mersinkadingazetesi.com\/index.php?rest_route=\/wp\/v2\/types\/post"}],"author":[{"embeddable":true,"href":"https:\/\/mersinkadingazetesi.com\/index.php?rest_route=\/wp\/v2\/users\/2"}],"replies":[{"embeddable":true,"href":"https:\/\/mersinkadingazetesi.com\/index.php?rest_route=%2Fwp%2Fv2%2Fcomments&post=55094"}],"version-history":[{"count":1,"href":"https:\/\/mersinkadingazetesi.com\/index.php?rest_route=\/wp\/v2\/posts\/55094\/revisions"}],"predecessor-version":[{"id":55096,"href":"https:\/\/mersinkadingazetesi.com\/index.php?rest_route=\/wp\/v2\/posts\/55094\/revisions\/55096"}],"wp:featuredmedia":[{"embeddable":true,"href":"https:\/\/mersinkadingazetesi.com\/index.php?rest_route=\/wp\/v2\/media\/55095"}],"wp:attachment":[{"href":"https:\/\/mersinkadingazetesi.com\/index.php?rest_route=%2Fwp%2Fv2%2Fmedia&parent=55094"}],"wp:term":[{"taxonomy":"category","embeddable":true,"href":"https:\/\/mersinkadingazetesi.com\/index.php?rest_route=%2Fwp%2Fv2%2Fcategories&post=55094"},{"taxonomy":"post_tag","embeddable":true,"href":"https:\/\/mersinkadingazetesi.com\/index.php?rest_route=%2Fwp%2Fv2%2Ftags&post=55094"}],"curies":[{"name":"wp","href":"https:\/\/api.w.org\/{rel}","templated":true}]}}