{"id":55097,"date":"2026-09-01T09:49:05","date_gmt":"2026-09-01T06:49:05","guid":{"rendered":"https:\/\/mersinkadingazetesi.com\/?p=55097"},"modified":"2026-09-01T09:49:05","modified_gmt":"2026-09-01T06:49:05","slug":"ozdemirciden-okul-ziyaretleri","status":"publish","type":"post","link":"https:\/\/mersinkadingazetesi.com\/?p=55097","title":{"rendered":"\u00d6ZDEM\u0130RC\u0130&#8217;DEN OKUL Z\u0130YARETLER\u0130"},"content":{"rendered":"\n<p>\u0130l Mill\u00ee E\u011fitim M\u00fcd\u00fcr\u00fc Muhammed \u00d6zdemirci, Akdeniz il\u00e7emizde bulunan Zeytinlibah\u00e7e Ticaret Mesleki ve Teknik Anadolu Lisesi ile okul b\u00fcnyesinde yer alan Zeytinlibah\u00e7e Meslek Ortaokulunu ziyaret etti.<\/p>\n\n\n\n<p>Ger\u00e7ekle\u015ftirilen ziyarette okulun fiziki durumu, e\u011fitim ortamlar\u0131 ve yeni e\u011fitim-\u00f6\u011fretim d\u00f6nemine y\u00f6nelik haz\u0131rl\u0131klar yerinde incelendi. \u00d6zdemirci, okul y\u00f6neticilerinden y\u00fcr\u00fct\u00fclen \u00e7al\u0131\u015fmalar hakk\u0131nda bilgi ald\u0131.<\/p>\n\n\n\n<p>\u0130l Mill\u00ee E\u011fitim M\u00fcd\u00fcr\u00fc Muhammed \u00d6zdemirci, \u00f6zellikle mesleki e\u011fitime erken ya\u015fta y\u00f6nlendirme ve \u00f6\u011frencilerin ilgi, yetenek ve becerileri do\u011frultusunda mesleki fark\u0131ndal\u0131k kazanmalar\u0131n\u0131 ama\u00e7layan Meslek Ortaokulunun e\u011fitim altyap\u0131s\u0131 ve haz\u0131rl\u0131k s\u00fcre\u00e7lerini de\u011ferlendirdi.<\/p>\n\n\n\n<p>Mesleki e\u011fitimin g\u00fc\u00e7lendirilmesi ve \u00f6\u011frencilerin gelece\u011fe donan\u0131ml\u0131 \u015fekilde haz\u0131rlanmas\u0131na y\u00f6nelik \u00e7al\u0131\u015fmalar\u0131n de\u011ferlendirildi\u011fi ziyarette, e\u011fitim s\u00fcre\u00e7lerinin niteli\u011finin art\u0131r\u0131lmas\u0131 konusunda g\u00f6r\u00fc\u015flerini dile getiren \u00d6zdemirci, okul y\u00f6neticileri ve \u00f6\u011fretmenlere te\u015fekk\u00fcr ederek \u00e7al\u0131\u015fmalar\u0131nda ba\u015far\u0131lar diledi.<\/p>\n","protected":false},"excerpt":{"rendered":"<p>\u0130l Mill\u00ee E\u011fitim M\u00fcd\u00fcr\u00fc Muhammed \u00d6zdemirci, Akdeniz il\u00e7emizde bulunan Zeytinlibah\u00e7e Ticaret Mesleki ve Teknik Anadolu Lisesi ile okul b\u00fcnyesinde yer alan Zeytinlibah\u00e7e Meslek Ortaokulunu ziyaret etti. Ger\u00e7ekle\u015ftirilen ziyarette okulun fiziki durumu, e\u011fitim ortamlar\u0131 ve yeni e\u011fitim-\u00f6\u011fretim d\u00f6nemine y\u00f6nelik haz\u0131rl\u0131klar yerinde incelendi. \u00d6zdemirci, okul y\u00f6neticilerinden y\u00fcr\u00fct\u00fclen \u00e7al\u0131\u015fmalar hakk\u0131nda bilgi ald\u0131. \u0130l Mill\u00ee E\u011fitim M\u00fcd\u00fcr\u00fc Muhammed \u00d6zdemirci, [&hellip;]<\/p>\n","protected":false},"author":2,"featured_media":55098,"comment_status":"closed","ping_status":"closed","sticky":false,"template":"","format":"standard","meta":{"footnotes":""},"categories":[3],"tags":[],"class_list":["post-55097","post","type-post","status-publish","format-standard","has-post-thumbnail","hentry","category-manset"],"views":0,"_links":{"self":[{"href":"https:\/\/mersinkadingazetesi.com\/index.php?rest_route=\/wp\/v2\/posts\/55097"}],"collection":[{"href":"https:\/\/mersinkadingazetesi.com\/index.php?rest_route=\/wp\/v2\/posts"}],"about":[{"href":"https:\/\/mersinkadingazetesi.com\/index.php?rest_route=\/wp\/v2\/types\/post"}],"author":[{"embeddable":true,"href":"https:\/\/mersinkadingazetesi.com\/index.php?rest_route=\/wp\/v2\/users\/2"}],"replies":[{"embeddable":true,"href":"https:\/\/mersinkadingazetesi.com\/index.php?rest_route=%2Fwp%2Fv2%2Fcomments&post=55097"}],"version-history":[{"count":1,"href":"https:\/\/mersinkadingazetesi.com\/index.php?rest_route=\/wp\/v2\/posts\/55097\/revisions"}],"predecessor-version":[{"id":55099,"href":"https:\/\/mersinkadingazetesi.com\/index.php?rest_route=\/wp\/v2\/posts\/55097\/revisions\/55099"}],"wp:featuredmedia":[{"embeddable":true,"href":"https:\/\/mersinkadingazetesi.com\/index.php?rest_route=\/wp\/v2\/media\/55098"}],"wp:attachment":[{"href":"https:\/\/mersinkadingazetesi.com\/index.php?rest_route=%2Fwp%2Fv2%2Fmedia&parent=55097"}],"wp:term":[{"taxonomy":"category","embeddable":true,"href":"https:\/\/mersinkadingazetesi.com\/index.php?rest_route=%2Fwp%2Fv2%2Fcategories&post=55097"},{"taxonomy":"post_tag","embeddable":true,"href":"https:\/\/mersinkadingazetesi.com\/index.php?rest_route=%2Fwp%2Fv2%2Ftags&post=55097"}],"curies":[{"name":"wp","href":"https:\/\/api.w.org\/{rel}","templated":true}]}}