{"id":55100,"date":"2026-09-01T09:49:40","date_gmt":"2026-09-01T06:49:40","guid":{"rendered":"https:\/\/mersinkadingazetesi.com\/?p=55100"},"modified":"2026-09-01T09:49:41","modified_gmt":"2026-09-01T06:49:41","slug":"msk-gazetecilerle-bulustu","status":"publish","type":"post","link":"https:\/\/mersinkadingazetesi.com\/?p=55100","title":{"rendered":"MSK, GAZETEC\u0130LERLE BULU\u015eTU"},"content":{"rendered":"\n<p>2026-2027 sezonunda T\u00fcrkiye Sigorta Basketbol Ligi&#8217;nde m\u00fccadele edecek olan Mersin Spor Kul\u00fcb\u00fc (MSK) Ba\u015fkan\u0131 Mustafa \u00d6z\u00fcnl\u00fc, Y\u00f6netim Kurulu \u00fcyeleri Erol Dibo ve Mehmet Deniz \u00d6rener, Genel Menajer Nam\u0131k Yazlar, Ba\u015fantren\u00f6r Burak G\u00f6ren ve tak\u0131m kaptan\u0131 Orhan Ayd\u0131n Hac\u0131yeva, Mersin Gazeteciler Cemiyeti&#8217;nde (MGC) bas\u0131n mensuplar\u0131yla bir araya geldi.<\/p>\n\n\n\n<p><strong>MGC Ba\u015fkan\u0131 Tepe: &#8220;Biz kentimizin ba\u015far\u0131lar\u0131n\u0131 yazmak isteriz&#8221;<\/strong><\/p>\n\n\n\n<p>Toplant\u0131n\u0131n a\u00e7\u0131l\u0131\u015f konu\u015fmas\u0131n\u0131 ger\u00e7ekle\u015ftiren MGC Ba\u015fkan\u0131 Kaya Tepe, MSK&#8217;nin Mersin i\u00e7in \u00f6nemine dikkat \u00e7ekerek, kentin gazetecileri olarak her zaman tak\u0131m\u0131n yan\u0131nda olacaklar\u0131n\u0131 s\u00f6yledi. Kuzey K\u0131br\u0131s T\u00fcrk Cumhuriyeti&#8217;nde (KKTC) ya\u015fanan feribot kazas\u0131nda hayat\u0131n\u0131 kaybedenleri de anan Tepe,&nbsp;<strong>&#8220;Spor Mersin ve insanl\u0131k i\u00e7in \u00e7ok \u00f6nemli. Sporun oldu\u011fu yerde bar\u0131\u015f, dostluk, geli\u015fmi\u015flik ve huzur olur. Bunu iyi alg\u0131lamam\u0131z laz\u0131m. Biz kentimizin ba\u015far\u0131lar\u0131n\u0131 yazmak isteriz. Bu anlamda da tak\u0131mlar\u0131m\u0131za kentin gazetecileri olarak sahip \u00e7\u0131kaca\u011f\u0131z. Olumlu y\u00f6nde ele\u015ftirilerimizi tabii ki yapaca\u011f\u0131z ve geli\u015fmesi i\u00e7in \u00fczerimize ne d\u00fc\u015f\u00fcyorsa biz de yerine getirece\u011fiz&#8221;<\/strong>&nbsp;dedi.<\/p>\n\n\n\n<p><strong>MSK Ba\u015fkan\u0131 \u00d6z\u00fcnl\u00fc: &#8220;MSK S\u00fcper Lig&#8217;e d\u00f6necek&#8221;<\/strong><\/p>\n\n\n\n<p>Sonras\u0131nda s\u00f6z alan MSK Y\u00f6netim Kurulu Ba\u015fkan\u0131 Mustafa \u00d6z\u00fcnl\u00fc de s\u00f6zlerine KKTC&#8217;de ya\u015fanan feribot kazas\u0131nda hayat\u0131n\u0131 kaybedenlere rahmet, yaral\u0131lara \u015fifalar dileyerek ba\u015flad\u0131.<\/p>\n\n\n\n<p>MSK&#8217;n\u0131n ge\u00e7ti\u011fimiz sezon ya\u015fanan talihsizlik sonucu 2026-2027 T\u00fcrkiye Sigorta Basketbol Ligi&#8217;nde m\u00fccadele edece\u011fini hat\u0131rlatan Ba\u015fkan \u00d6z\u00fcnl\u00fc, hayat\u0131n i\u00e7inde bu t\u00fcr ini\u015f-\u00e7\u0131k\u0131\u015flar\u0131n oldu\u011funu belirterek&nbsp;<strong>&#8220;Hayat hi\u00e7bir zaman tek bir ivmeyle yukar\u0131ya veya a\u015fa\u011f\u0131 gitmez. Mutlaka ini\u015fler ve \u00e7\u0131k\u0131\u015flar olacakt\u0131r. As\u0131l olan bu ini\u015f ve \u00e7\u0131k\u0131\u015flarda kurumsal yap\u0131y\u0131 koruyabilmek ve aya\u011fa kalk\u0131p yola devam etmektir. Mersin Spor Kul\u00fcb\u00fc ge\u00e7ici olarak kurulan de\u011fil, gelecekte de var olacak bir kul\u00fcpt\u00fcr. Dolay\u0131s\u0131yla Mersin Spor Kul\u00fcb\u00fc aya\u011fa kalkmas\u0131n\u0131 bilecek, bildi de ve \u00f6n\u00fcm\u00fczdeki sezonda gerekli ba\u015far\u0131y\u0131 g\u00f6sterip, 2027-2028 sezonunda ait oldu\u011fu yere, S\u00fcper Lig&#8217;e d\u00f6necek&#8221;<\/strong>&nbsp;diye konu\u015ftu.<\/p>\n\n\n\n<p><strong>&#8220;Emin ad\u0131mlarla yolumuza devam ediyoruz&#8221;<\/strong><\/p>\n\n\n\n<p>Belirledikleri hedef do\u011frultusunda yeni bir teknik kadro ve teknik heyetin raporu do\u011frultusunda yeni bir tak\u0131m olu\u015fturduklar\u0131n\u0131 belirten \u00d6z\u00fcnl\u00fc,&nbsp;<strong>&#8220;T\u00fcrkiye Basketbol camias\u0131n\u0131n \u00e7ok de\u011ferli bir hocas\u0131 olan Burak G\u00f6ren hocam\u0131z\u0131 aram\u0131za katt\u0131k. \u0130yi bir oyuncu kadrosu olu\u015fturduk. Emin ad\u0131mlarla yolumuza devam ediyoruz. Ligler 13 Eyl\u00fcl&#8217;de ba\u015flayacak. Haz\u0131rl\u0131k ma\u00e7lar\u0131 oynuyoruz. Haz\u0131rl\u0131k ma\u00e7lar\u0131nda tak\u0131mdan ald\u0131\u011f\u0131m havay\u0131 gayet iyi g\u00f6rd\u00fcm. Zaten t\u00fcm kararlar k\u00e2\u011f\u0131t \u00fczerinde al\u0131n\u0131r ama k\u00e2\u011f\u0131t \u00fczerinde al\u0131nan kararlar\u0131n do\u011frulu\u011fu, yanl\u0131\u015fl\u0131\u011f\u0131 da aktivasyonda g\u00f6z\u00fck\u00fcr. \u0130lk aktivasyonu ben \u00e7ok iyi g\u00f6rd\u00fcm. Umar\u0131m b\u00f6yle de devam edece\u011fiz&#8221;<\/strong>&nbsp;s\u00f6zlerine yer verdi.<\/p>\n\n\n\n<p><strong>&#8220;Spor insan\u0131 beladan uzak tutar&#8221;<\/strong><\/p>\n\n\n\n<p>Tesisle\u015fme ve altyap\u0131 \u00e7al\u0131\u015fmalar\u0131 hakk\u0131nda da bilgi veren Ba\u015fkan \u00d6z\u00fcnl\u00fc, Macit \u00d6zcan Spor Kompleksi i\u00e7erisinde ayn\u0131 anda 4 tak\u0131m\u0131n antrenman yapabilece\u011fi kompleks bir binan\u0131n yap\u0131m\u0131n\u0131n tamamlanmak \u00fczere oldu\u011funu belirterek,&nbsp;<strong>&#8220;Tesisle\u015fme her \u015fey. Ger\u00e7ekten m\u00fckemmel bir tesis yap\u0131l\u0131yor. Ayn\u0131 anda d\u00f6rt ayr\u0131 tak\u0131m\u0131n \u00e7al\u0131\u015fmas\u0131na m\u00fcsaade eden bir kompleks. Mersin Spor Kul\u00fcb\u00fc olarak bizim tabii ki bir hedefimiz olmas\u0131 laz\u0131m. Tabii ki insanlar\u0131 \u00f6zendirecek, cazibe merkezi olan bir tak\u0131m kurulmas\u0131 laz\u0131m. Ama en az onun kadar da \u00f6zellikle B\u00fcy\u00fck\u015fehir Belediye Ba\u015fkan\u0131m\u0131z Vahap Se\u00e7er&#8217;in destekleriyle ve iste\u011fiyle biz \u00e7ok ciddi bir altyap\u0131 yat\u0131r\u0131m\u0131 da yap\u0131yoruz. Sadece altyap\u0131ya y\u00f6nelik \u00e7ok ciddi bir altyap\u0131 teknik heyetimiz var bizim. Spor insan\u0131 beladan uzak tutar. Mersin Spor Kul\u00fcb\u00fc&#8217;n\u00fcn amac\u0131 vitrin, cazibe merkezi bir basketbol tak\u0131m\u0131 yaratmak oldu\u011fu kadar kesinlikle sokaktaki gen\u00e7leri de beladan uzak tutacak, spor yapmalar\u0131na olanak tan\u0131yacak tesisleri, organizasyonu ve ba\u015f\u0131nda de\u011ferli teknik adamlar\u0131 da istihdam etmektir&#8221;&nbsp;<\/strong>ifadelerini kulland\u0131.<\/p>\n\n\n\n<p><strong>Genel Menajer Yazlar: &#8220;Altyap\u0131 yat\u0131r\u0131mlar\u0131n\u0131 ayn\u0131 \u015fekilde devam ettirmek istiyoruz&#8221;<\/strong><\/p>\n\n\n\n<p>Mersin Spor Kul\u00fcb\u00fc&#8217;n\u00fc hak etti\u011fi yerin S\u00fcper Lig oldu\u011funu s\u00f6yleyen Genel Menajer Nam\u0131k Yazlar ise bu hedefin yan\u0131 s\u0131ra altyap\u0131ya da \u00f6nceki y\u0131llarda oldu\u011fu gibi \u00f6nem g\u00f6stermeye devam edeceklerini kaydetti. Yazlar,&nbsp;<strong>&#8220;Y\u00f6netim kurulumuzun b\u00fcy\u00fck fedak\u00e2rl\u0131klar g\u00f6stererek sa\u011flad\u0131\u011f\u0131 imk\u00e2nlar\u0131 en iyi \u015fekilde kullanarak 2026-2027 sezonunun sonunda S\u00fcper Lig&#8217;e \u00e7\u0131km\u0131\u015f bir Mersin Spor Kul\u00fcb\u00fc yaratmay\u0131 en b\u00fcy\u00fck hedefimiz olarak g\u00f6r\u00fcyorum. Ama bununla beraber kul\u00fcb\u00fcn gelece\u011fi anlam\u0131nda altyap\u0131ya gerekli \u00f6nemi g\u00f6stermeye devam edece\u011fimizi belirtmek istiyorum. \u00c7\u00fcnk\u00fc oras\u0131 bizim i\u00e7in k\u0131ymetli. T\u00fcm Mersin&#8217;in \u00f6nem verdi\u011fi bir yer. Altyap\u0131 yat\u0131r\u0131mlar\u0131n\u0131 ayn\u0131 \u015fekilde devam ettirmek istiyoruz&#8221;<\/strong>&nbsp;dedi.<\/p>\n\n\n\n<p><strong>Ba\u015fantren\u00f6r G\u00f6ren: &#8220;Hedefimiz tabii ki \u015fampiyonluk, ait ve lay\u0131k oldu\u011fumuz yere d\u00f6nebilmek&#8221;<\/strong><\/p>\n\n\n\n<p>MSK Ba\u015fantren\u00f6r\u00fc Burak G\u00f6ren ise Mersin&#8217;in \u00e7ok \u00f6nemli sporcular ve antren\u00f6rler yeti\u015ftiren \u00fclke genelinde sayg\u0131n bir konuma sahip bir kent oldu\u011funu dile getirdi. Basketbol camias\u0131 i\u00e7in b\u00f6ylesi \u00f6nemli bir kentin tak\u0131m\u0131na hizmet verecek olmaktan dolay\u0131 gururlu oldu\u011funu aktaran G\u00f6ren,&nbsp;<strong>&#8220;Biz burada Say\u0131n Ba\u015fkan\u0131m\u0131z\u0131n \u00f6nderli\u011finde Mersin&#8217;i hak etti\u011fi ve lay\u0131k oldu\u011fu yere ta\u015f\u0131mak; sadece A tak\u0131m\u0131n ba\u015far\u0131lar\u0131 de\u011fil, b\u00fct\u00fcn kurumsal yap\u0131s\u0131, altyap\u0131s\u0131yla toplam kaliteyi art\u0131ran, ger\u00e7ekten de bu \u015fehre hizmet eden bir tak\u0131m ve kul\u00fcp g\u00f6r\u00fcnt\u00fcs\u00fcnde olmak istiyoruz. \u00d6n\u00fcm\u00fczde \u00e7ok \u00f6nemli hedefler var ve ge\u00e7mi\u015fe bakarak bu hedeflerden geri kalmayaca\u011f\u0131z. Hedefimiz tabii ki \u015fampiyonluk, ait ve lay\u0131k oldu\u011fumuz yere d\u00f6nebilmek. Bunun ad\u0131na \u00f6nemli bir tak\u0131m kurduk&#8221;<\/strong>&nbsp;dedi.<\/p>\n\n\n\n<p><strong>&#8220;Kentin b\u00fct\u00fcn parametreleriyle, b\u00fct\u00fcn organlar\u0131yla yan\u0131m\u0131zda olmas\u0131n\u0131 bekliyoruz&#8221;<\/strong><\/p>\n\n\n\n<p>Belirledikleri hedefe sadece sahada g\u00f6sterilecek performans ile ula\u015f\u0131lamayaca\u011f\u0131n\u0131 kentin t\u00fcm payda\u015flar\u0131n\u0131n deste\u011finin \u00f6nemli oldu\u011funa dikkat \u00e7eken G\u00f6ren,&nbsp;<strong>&#8220;Kentin b\u00fct\u00fcn parametreleriyle, b\u00fct\u00fcn organlar\u0131yla yan\u0131m\u0131zda olmas\u0131n\u0131 bekliyoruz. Bu sadece sporcu, teknik heyet, y\u00f6netim kurulunun, ba\u015fkan\u0131m\u0131z\u0131n gidece\u011fi bir yol de\u011fil. Hep beraber y\u00fcr\u00fcy\u00fcp hep beraber kazan\u00e7l\u0131 \u00e7\u0131kmak ve \u015fehri herkes ad\u0131na de\u011ferli hale getirmek \u00f6nemli. Mersin her zaman \u00e7ok \u00f6nemli bir seyirciye ve basketbol k\u00fclt\u00fcr\u00fcne sahip bir \u015fehir. Salon doldu\u011fu zaman biz elimizden gelen b\u00fct\u00fcn \u00e7abay\u0131 hi\u00e7bir saniye bile eksik koymadan, t\u00fcm \u015fehri mutlu etmek i\u00e7in sahada olaca\u011f\u0131z&#8221;<\/strong>&nbsp;\u015feklinde konu\u015ftu.<\/p>\n\n\n\n<p><strong>&#8220;Hedefimiz S\u00fcper Lig&#8221;<\/strong><\/p>\n\n\n\n<p>Hem karakter hem de oyuncu ge\u00e7mi\u015fiyle Mersin&#8217;e ve MSK&#8217;ya yak\u0131\u015fan bir kadroyu bir araya getirdiklerini dile getiren G\u00f6ren \u015funlar\u0131 kaydetti:<\/p>\n\n\n\n<p><strong>&#8220;Biz bir basketbol tak\u0131m\u0131y\u0131z ama burada bir\u00e7ok insan\u0131n sorumlulu\u011funu ve bir \u015fehrin sorumlulu\u011fu \u00fczerimizde. Bunu sadece sportif olarak de\u011fil hayat\u0131n her anlam\u0131nda de\u011ferlendirmek gerekir. Dolay\u0131s\u0131yla buraya ald\u0131\u011f\u0131m\u0131z oyuncular\u0131n her biri \u00f6ncelikle sayg\u0131nl\u0131klar\u0131yla ve bu i\u015fe olan disiplinli yakla\u015f\u0131mlar\u0131yla, etik de\u011ferlere olan d\u00fc\u015fk\u00fcnl\u00fckleriyle hep tan\u0131d\u0131\u011f\u0131m\u0131z oyuncular. Bu bilin\u00e7le hem \u015fehrimizi hem tak\u0131m\u0131m\u0131z\u0131 hem bizleri iyi temsil edecek hem de her birimizin birbirine kar\u015f\u0131 sorumlulu\u011funu \u00e7ok iyi yerine getirebilecek bir kadro olu\u015fturduk. Mersin&#8217;i lay\u0131k ve ait oldu\u011fu yere getirmenin pe\u015findeyiz. \u015eunu da samimiyetimle s\u00f6ylemek istiyorum; Mersin&#8217;in S\u00fcper Lig&#8217;e \u00e7\u0131kmas\u0131 tamam\u0131yla bir ara hedeftir. Bu ara hedeften sonras\u0131nda daha b\u00fcy\u00fck hedefler, daha b\u00fcy\u00fck planlar pe\u015finde ko\u015fmak zorunday\u0131z.&#8221;<\/strong><\/p>\n\n\n\n<p><strong>Kaptan Hac\u0131yeva: &#8220;Hedefimiz nisan ay\u0131n\u0131n sonunda kupay\u0131 kald\u0131rmak&#8221;<\/strong><\/p>\n\n\n\n<p>Toplant\u0131da son olarak s\u00f6z alan tak\u0131m kaptan\u0131 Orhan Ayd\u0131n Hac\u0131yeva ise kul\u00fcb\u00fcn gerek tarihine gerekse mevcut yap\u0131s\u0131na inanarak MSK&#8217;ya geldi\u011fini s\u00f6yledi. Sezon sonunda ba\u015far\u0131l\u0131 olacaklar\u0131n\u0131 belirten Hac\u0131yeva,&nbsp;<strong>&#8220;Hem tak\u0131m karakterine, oyunculara, hem kul\u00fcb\u00fcn yap\u0131s\u0131na, ge\u00e7mi\u015fine bakt\u0131\u011f\u0131m\u0131z zaman ben bu tak\u0131m\u0131n kesinlikle ba\u015far\u0131l\u0131 olaca\u011f\u0131na \u00e7ok inanarak geldim. Bakt\u0131\u011f\u0131m\u0131z zaman zaten Mersin&#8217;in bir spor kenti oldu\u011funu herkes biliyor. Hedefimiz nisan ay\u0131n\u0131n sonunda kupay\u0131 kald\u0131rmak. Ama biz g\u00fcn g\u00fcn bir sistem, bir karakter, bir kimya olu\u015fturmaya \u00e7al\u0131\u015f\u0131yoruz, in\u015fa ediyoruz. \u00c7\u00fcnk\u00fc hepimiz yeniyiz, yeni bir aileyiz. Do\u011fru yolda oldu\u011fumuzu d\u00fc\u015f\u00fcn\u00fcyorum. Bir\u00e7ok hedefimiz var. Tabii ki hangi formay\u0131 temsil etti\u011fimizin fark\u0131nday\u0131z. Bu i\u015fin en \u00f6nemli noktalar\u0131ndan bir tanesi \u00e7ocuklara \u00f6rnek olabilmek. Bu \u015fehirde bir\u00e7ok \u00e7ocuk spor yap\u0131yor. Sahaya \u00e7\u0131kt\u0131\u011f\u0131n\u0131z zaman m\u00fccadele etmek \u00e7ok \u00f6nemli ama kesinlikle fair-play ve ahlaki de\u011ferler i\u00e7inde bulunmam\u0131z, trib\u00fcnde izleyen velilere, \u00e7ocuklara \u00e7ok g\u00fczel g\u00f6r\u00fcnt\u00fc sunmak zorunday\u0131z&#8221;<\/strong>&nbsp;diye konu\u015ftu.<\/p>\n\n\n\n<p>MSK Y\u00f6netim Kurulu \u00fcyeleri Erol Dibo ve Mehmet Deniz \u00d6rener&#8217;in de birer konu\u015fma yapt\u0131klar\u0131 bas\u0131n toplant\u0131s\u0131, gazeteciler ile MSK Y\u00f6netimi ve teknik heyetinin toplu foto\u011fraf \u00e7ektirmesinin ard\u0131ndan sona erdi.<\/p>\n","protected":false},"excerpt":{"rendered":"<p>2026-2027 sezonunda T\u00fcrkiye Sigorta Basketbol Ligi&#8217;nde m\u00fccadele edecek olan Mersin Spor Kul\u00fcb\u00fc (MSK) Ba\u015fkan\u0131 Mustafa \u00d6z\u00fcnl\u00fc, Y\u00f6netim Kurulu \u00fcyeleri Erol Dibo ve Mehmet Deniz \u00d6rener, Genel Menajer Nam\u0131k Yazlar, Ba\u015fantren\u00f6r Burak G\u00f6ren ve tak\u0131m kaptan\u0131 Orhan Ayd\u0131n Hac\u0131yeva, Mersin Gazeteciler Cemiyeti&#8217;nde (MGC) bas\u0131n mensuplar\u0131yla bir araya geldi. MGC Ba\u015fkan\u0131 Tepe: &#8220;Biz kentimizin ba\u015far\u0131lar\u0131n\u0131 yazmak isteriz&#8221; [&hellip;]<\/p>\n","protected":false},"author":2,"featured_media":55101,"comment_status":"closed","ping_status":"closed","sticky":false,"template":"","format":"standard","meta":{"footnotes":""},"categories":[3],"tags":[],"class_list":["post-55100","post","type-post","status-publish","format-standard","has-post-thumbnail","hentry","category-manset"],"views":0,"_links":{"self":[{"href":"https:\/\/mersinkadingazetesi.com\/index.php?rest_route=\/wp\/v2\/posts\/55100"}],"collection":[{"href":"https:\/\/mersinkadingazetesi.com\/index.php?rest_route=\/wp\/v2\/posts"}],"about":[{"href":"https:\/\/mersinkadingazetesi.com\/index.php?rest_route=\/wp\/v2\/types\/post"}],"author":[{"embeddable":true,"href":"https:\/\/mersinkadingazetesi.com\/index.php?rest_route=\/wp\/v2\/users\/2"}],"replies":[{"embeddable":true,"href":"https:\/\/mersinkadingazetesi.com\/index.php?rest_route=%2Fwp%2Fv2%2Fcomments&post=55100"}],"version-history":[{"count":1,"href":"https:\/\/mersinkadingazetesi.com\/index.php?rest_route=\/wp\/v2\/posts\/55100\/revisions"}],"predecessor-version":[{"id":55102,"href":"https:\/\/mersinkadingazetesi.com\/index.php?rest_route=\/wp\/v2\/posts\/55100\/revisions\/55102"}],"wp:featuredmedia":[{"embeddable":true,"href":"https:\/\/mersinkadingazetesi.com\/index.php?rest_route=\/wp\/v2\/media\/55101"}],"wp:attachment":[{"href":"https:\/\/mersinkadingazetesi.com\/index.php?rest_route=%2Fwp%2Fv2%2Fmedia&parent=55100"}],"wp:term":[{"taxonomy":"category","embeddable":true,"href":"https:\/\/mersinkadingazetesi.com\/index.php?rest_route=%2Fwp%2Fv2%2Fcategories&post=55100"},{"taxonomy":"post_tag","embeddable":true,"href":"https:\/\/mersinkadingazetesi.com\/index.php?rest_route=%2Fwp%2Fv2%2Ftags&post=55100"}],"curies":[{"name":"wp","href":"https:\/\/api.w.org\/{rel}","templated":true}]}}