{"id":55106,"date":"2026-09-01T09:51:19","date_gmt":"2026-09-01T06:51:19","guid":{"rendered":"https:\/\/mersinkadingazetesi.com\/?p=55106"},"modified":"2026-09-01T09:51:20","modified_gmt":"2026-09-01T06:51:20","slug":"mersin-buyuksehir-emeklileri-kumkuyuda-deniz-keyfiyle-bulusturdu","status":"publish","type":"post","link":"https:\/\/mersinkadingazetesi.com\/?p=55106","title":{"rendered":"MERS\u0130N B\u00dcY\u00dcK\u015eEH\u0130R, EMEKL\u0130LER\u0130 KUMKUYU&#8217;DA DEN\u0130Z KEYF\u0130YLE BULU\u015eTURDU"},"content":{"rendered":"\n<p>Mersin B\u00fcy\u00fck\u015fehir Belediyesi Sosyal Hizmetler Dairesi Ba\u015fkanl\u0131\u011f\u0131 b\u00fcnyesinde faaliyet g\u00f6steren Emekli Evleri, ya\u015f alm\u0131\u015f yurtta\u015flar\u0131n sosyal ya\u015fam\u0131n i\u00e7erisinde daha aktif yer almalar\u0131n\u0131 sa\u011flamak amac\u0131yla ger\u00e7ekle\u015ftirdi\u011fi etkinliklerini s\u00fcrd\u00fcr\u00fcyor. Bu kapsamda Tarsus, Erdemli, Yeni\u015fehir, Mezitli ve Halkkent Emekli Evi \u00fcyeleri, Erdemli&#8217;de bulunan Kumkuyu Halk Plaj\u0131&#8217;nda d\u00fczenlenen deniz etkinli\u011finde bir araya geldi. Yaz s\u0131caklar\u0131nda serinlemek ve denizin tad\u0131n\u0131 \u00e7\u0131karmak i\u00e7in Kumkuyu&#8217;da bulu\u015fan emekliler, g\u00fcn boyunca denize girip g\u00fcne\u015flendi; m\u00fczik ve oyunlar e\u015fli\u011finde e\u011flenerek akranlar\u0131yla sohbet etti.<\/p>\n\n\n\n<p><strong>Yeter: &#8220;Emekli b\u00fcy\u00fcklerimizin sosyal ya\u015famlar\u0131na katk\u0131 sunmak amac\u0131yla \u00e7al\u0131\u015fmalar\u0131m\u0131z devam edecek&#8221;<\/strong><\/p>\n\n\n\n<p>Mersin B\u00fcy\u00fck\u015fehir Belediyesi Halkkent Emekli Evi Sorumlusu \u00c7a\u011fda\u015f Yeter, yaz s\u0131caklar\u0131nda emeklilerin deniz ve g\u00fcne\u015ften faydalanmas\u0131n\u0131 ama\u00e7lad\u0131klar\u0131n\u0131 s\u00f6yleyerek,&nbsp;<strong>&#8220;Yaz s\u0131caklar\u0131nda serinleyerek denizin, g\u00fcne\u015fin ve plaj\u0131n tad\u0131n\u0131 \u00e7\u0131kar\u0131yoruz. Birlikte oyun havalar\u0131 e\u015fli\u011finde g\u00fczel, keyifli zamanlar ge\u00e7iriyoruz&#8221;<\/strong>&nbsp;dedi. Emekli Evleri&#8217;nde yaln\u0131zca deniz etkinlikleri de\u011fil, farkl\u0131 alanlarda da \u00e7al\u0131\u015fmalar y\u00fcr\u00fctt\u00fcklerini ifade eden Yeter,&nbsp;<strong>&#8220;Emekli evlerimizde sa\u011fl\u0131k taramas\u0131, sosyal ve k\u00fclt\u00fcrel faaliyetler, sinema, tiyatro etkinliklerinin yan\u0131 s\u0131ra \u00e7e\u015fitli geziler d\u00fczenliyoruz. Emeklilerimizin sosyal ya\u015famlar\u0131na katk\u0131 sunmak amac\u0131yla \u00e7al\u0131\u015fmalar\u0131m\u0131z devam edecek&#8221;&nbsp;<\/strong>ifadelerini kulland\u0131.<\/p>\n\n\n\n<p><strong>B\u00fcy\u00fck\u015fehir&#8217;in Emekli Evleri ile emekliler sosyalle\u015fmek i\u00e7in bir araya geliyor<\/strong><\/p>\n\n\n\n<p>Deniz etkinli\u011fine kat\u0131lan Erdemli Emekli Evi \u00fcyesi Berrin Bayat K\u00f6lemen, B\u00fcy\u00fck\u015fehir taraf\u0131ndan d\u00fczenlenen etkinli\u011fin kendileri i\u00e7in g\u00fczel bir f\u0131rsat oldu\u011funu s\u00f6yleyerek,&nbsp;<strong>&#8220;G\u00fczel bir g\u00fcn ge\u00e7irdik. Deniz g\u00fczeldi, B\u00fcy\u00fck\u015fehir Belediyesi&#8217;nin verdi\u011fi hizmetler g\u00fczeldi. \u00c7ok e\u011flendik, te\u015fekk\u00fcr ederiz&#8221;<\/strong>&nbsp;dedi. Etkinliklere olabildi\u011fince kat\u0131ld\u0131\u011f\u0131n\u0131 belirten K\u00f6lemen, Emekli Evleri&#8217;nin emeklilerin sosyal hayat\u0131na katk\u0131s\u0131na da de\u011finerek,&nbsp;<strong>&#8220;\u0130nsan ya\u015f ald\u0131k\u00e7a sosyal \u00e7evresinden ve daha \u00f6nceki aktif \u00e7al\u0131\u015fma hayat\u0131ndan koptu\u011fundan dolay\u0131 emekli evleri sosyalle\u015fmek i\u00e7in g\u00fczel bir basamak&#8221;<\/strong>&nbsp;ifadelerini kulland\u0131.<\/p>\n\n\n\n<p>Halkkent Emekli Evi \u00fcyesi Feruze Berki de etkinlik g\u00fcn\u00fcn\u00fcn kendileri i\u00e7in \u00e7ok g\u00fczel ge\u00e7ti\u011fini belirterek,&nbsp;<strong>&#8220;Muhte\u015femdi. \u00c7ok e\u011flendik ve \u00e7ok ihtiyac\u0131m\u0131z vard\u0131. Emekli Evi ile bir aile yaratt\u0131k. Arkada\u015flar\u0131m\u0131zla s\u0131k\u0131ld\u0131\u011f\u0131m\u0131z an evimizden \u00e7\u0131k\u0131p gelebiliyoruz, oturabiliyoruz. Personelimiz \u00e7ok iyi, \u00e7ok memnunuz. Ba\u015fkan\u0131m\u0131za sa\u011flad\u0131\u011f\u0131 imkanlardan dolay\u0131 binlerce te\u015fekk\u00fcr ediyoruz&#8221;<\/strong>&nbsp;diye konu\u015ftu.<\/p>\n\n\n\n<p>Halkkent Emekli Evi \u00fcyesi 80 ya\u015f\u0131ndaki H\u00fcseyin G\u00fcler de B\u00fcy\u00fck\u015fehir Belediyesi&#8217;nin d\u00fczenledi\u011fi etkinliklerden duydu\u011fu memnuniyeti dile getirdi. Ge\u00e7en y\u0131l da deniz etkinli\u011fine kat\u0131ld\u0131\u011f\u0131n\u0131 belirten G\u00fcler,&nbsp;<strong>&#8220;Belediye ba\u015fkan\u0131m\u0131za her sene te\u015fekk\u00fcr ediyoruz. Ge\u00e7en sene de getirdi bizi. Biz bu ya\u015f\u0131m\u0131za geldik, 80 ya\u015f\u0131nday\u0131m ama b\u00f6yle bir hayat s\u00fcrmedik. 3-4 senedir bu emekli evinden gayet memnunuz. Belediye ba\u015fkan\u0131m\u0131zdan da ben da\u011flar kadar memnunum&#8221;<\/strong>&nbsp;ifadelerini kulland\u0131.<\/p>\n\n\n\n<p>G\u00fcler, B\u00fcy\u00fck\u015fehir Belediyesi&#8217;nin kendisine ve ailesine ge\u00e7mi\u015fte yapt\u0131\u011f\u0131 \u00f6nemli bir yard\u0131m\u0131 da anlatarak, Ba\u015fkan Vahap Se\u00e7er&#8217;e duydu\u011fu minnettarl\u0131\u011f\u0131 dile getirdi. E\u015finin \u0130zmir&#8217;de hastaland\u0131\u011f\u0131 d\u00f6nemde ula\u015f\u0131m konusunda ya\u015fad\u0131\u011f\u0131 s\u0131k\u0131nt\u0131y\u0131 Se\u00e7er&#8217;e iletti\u011fini belirten G\u00fcler, yard\u0131m talebinin ard\u0131ndan e\u015finin ambulansla Mersin&#8217;e getirilmesini sa\u011flad\u0131klar\u0131n\u0131 s\u00f6yleyerek,&nbsp;<strong>&#8220;Belediye ba\u015fkan\u0131m\u0131z\u0131n o iyili\u011fini \u00f6l\u00fcnceye kadar hi\u00e7 unutmam. Han\u0131m\u0131m \u0130zmir&#8217;den ambulansla getirildi, birbirimize kavu\u015ftuk. Onu hi\u00e7 unutamam. 15 g\u00fcn g\u00f6zya\u015f\u0131m durmad\u0131&#8221;&nbsp;<\/strong>diye konu\u015ftu.<\/p>\n\n\n\n<p>Halkkent Emekli Evi \u00fcyelerinden H\u00fcseyin Ak\u0131nc\u0131 ise deniz etkinli\u011finin kendisi i\u00e7in unutulmaz bir g\u00fcn oldu\u011funu belirterek,&nbsp;<strong>&#8220;G\u00fcn\u00fcm\u00fcz s\u00fcper ge\u00e7ti. 60 ya\u015f\u0131ndan sonra geldim denize gittim. Okyanustan gelen dalgalarla Akdeniz sahillerine vurduk kendimizi bu kumlarda&#8221;<\/strong>&nbsp;dedi. Emeklilerin ge\u00e7mi\u015fte sosyal imk\u00e2nlara eri\u015fim konusunda zorland\u0131\u011f\u0131n\u0131 belirten Ak\u0131nc\u0131, B\u00fcy\u00fck\u015fehir Belediyesi&#8217;nin kendilerine sahip \u00e7\u0131kt\u0131\u011f\u0131n\u0131 ifade ederek,&nbsp;<strong>&#8220;\u015eu anda ona \u015f\u00fckrediyorum. \u00c7\u00fcnk\u00fc bize sahip \u00e7\u0131kan bir halk\u0131n lideri var&#8221;<\/strong>&nbsp;s\u00f6zleriyle memnuniyetini dile getirdi.<\/p>\n","protected":false},"excerpt":{"rendered":"<p>Mersin B\u00fcy\u00fck\u015fehir Belediyesi Sosyal Hizmetler Dairesi Ba\u015fkanl\u0131\u011f\u0131 b\u00fcnyesinde faaliyet g\u00f6steren Emekli Evleri, ya\u015f alm\u0131\u015f yurtta\u015flar\u0131n sosyal ya\u015fam\u0131n i\u00e7erisinde daha aktif yer almalar\u0131n\u0131 sa\u011flamak amac\u0131yla ger\u00e7ekle\u015ftirdi\u011fi etkinliklerini s\u00fcrd\u00fcr\u00fcyor. Bu kapsamda Tarsus, Erdemli, Yeni\u015fehir, Mezitli ve Halkkent Emekli Evi \u00fcyeleri, Erdemli&#8217;de bulunan Kumkuyu Halk Plaj\u0131&#8217;nda d\u00fczenlenen deniz etkinli\u011finde bir araya geldi. Yaz s\u0131caklar\u0131nda serinlemek ve denizin tad\u0131n\u0131 [&hellip;]<\/p>\n","protected":false},"author":2,"featured_media":55107,"comment_status":"closed","ping_status":"closed","sticky":false,"template":"","format":"standard","meta":{"footnotes":""},"categories":[3],"tags":[],"class_list":["post-55106","post","type-post","status-publish","format-standard","has-post-thumbnail","hentry","category-manset"],"views":0,"_links":{"self":[{"href":"https:\/\/mersinkadingazetesi.com\/index.php?rest_route=\/wp\/v2\/posts\/55106"}],"collection":[{"href":"https:\/\/mersinkadingazetesi.com\/index.php?rest_route=\/wp\/v2\/posts"}],"about":[{"href":"https:\/\/mersinkadingazetesi.com\/index.php?rest_route=\/wp\/v2\/types\/post"}],"author":[{"embeddable":true,"href":"https:\/\/mersinkadingazetesi.com\/index.php?rest_route=\/wp\/v2\/users\/2"}],"replies":[{"embeddable":true,"href":"https:\/\/mersinkadingazetesi.com\/index.php?rest_route=%2Fwp%2Fv2%2Fcomments&post=55106"}],"version-history":[{"count":1,"href":"https:\/\/mersinkadingazetesi.com\/index.php?rest_route=\/wp\/v2\/posts\/55106\/revisions"}],"predecessor-version":[{"id":55108,"href":"https:\/\/mersinkadingazetesi.com\/index.php?rest_route=\/wp\/v2\/posts\/55106\/revisions\/55108"}],"wp:featuredmedia":[{"embeddable":true,"href":"https:\/\/mersinkadingazetesi.com\/index.php?rest_route=\/wp\/v2\/media\/55107"}],"wp:attachment":[{"href":"https:\/\/mersinkadingazetesi.com\/index.php?rest_route=%2Fwp%2Fv2%2Fmedia&parent=55106"}],"wp:term":[{"taxonomy":"category","embeddable":true,"href":"https:\/\/mersinkadingazetesi.com\/index.php?rest_route=%2Fwp%2Fv2%2Fcategories&post=55106"},{"taxonomy":"post_tag","embeddable":true,"href":"https:\/\/mersinkadingazetesi.com\/index.php?rest_route=%2Fwp%2Fv2%2Ftags&post=55106"}],"curies":[{"name":"wp","href":"https:\/\/api.w.org\/{rel}","templated":true}]}}