{"id":55121,"date":"2026-09-01T17:28:51","date_gmt":"2026-09-01T14:28:51","guid":{"rendered":"https:\/\/mersinkadingazetesi.com\/?p=55121"},"modified":"2026-09-01T17:28:51","modified_gmt":"2026-09-01T14:28:51","slug":"alanya-basininda-yarim-asirlik-gurur","status":"publish","type":"post","link":"https:\/\/mersinkadingazetesi.com\/?p=55121","title":{"rendered":"Alanya Bas\u0131n\u0131nda Yar\u0131m As\u0131rl\u0131k Gurur"},"content":{"rendered":"\n<p>1 Eyl\u00fcl 1968&#8217;de ilk kez okurlar\u0131yla bulu\u015fan Yeni Alanya, 59. ya\u015f\u0131na girmenin gururunu ya\u015farken; Dim Medya b\u00fcnyesindeki D\u0130M TV ve D\u0130M Radyo da 9. kurulu\u015f y\u0131ld\u00f6n\u00fcmlerini kutluyor.<\/p>\n\n\n\n<p>Yar\u0131m as\u0131rd\u0131r Alanya bas\u0131n\u0131n faaliyet g\u00f6steren&nbsp;Yeni Alanya Gazetesi, yay\u0131n hayat\u0131ndaki 59. y\u0131l\u0131n\u0131 kutluyor. Merhum gazeteci&nbsp;Ar\u0131kan Y\u0131lmaz Dim&nbsp;taraf\u0131ndan temelleri at\u0131lan gazete, yar\u0131m asr\u0131 geride b\u0131rakarak 59. ya\u015f\u0131ndan g\u00fcn almaya ba\u015flad\u0131. Y\u0131llar i\u00e7erisinde Alanya\u2019n\u0131n g\u00fcndemini takip eden Yeni Alanya, bas\u0131l\u0131 yay\u0131nc\u0131l\u0131\u011f\u0131n yan\u0131 s\u0131ra dijital platformlarda da faaliyetlerini s\u00fcrd\u00fcr\u00fcyor.<\/p>\n\n\n\n<figure class=\"wp-block-image size-full is-resized\"><img loading=\"lazy\" decoding=\"async\" width=\"1152\" height=\"2048\" src=\"http:\/\/mersinkadingazetesi.com\/wp-content\/uploads\/2026\/09\/791738098_10164470996515890_6757695444276349946_n.jpg\" alt=\"\" class=\"wp-image-55122\" style=\"width:428px;height:auto\" srcset=\"https:\/\/mersinkadingazetesi.com\/wp-content\/uploads\/2026\/09\/791738098_10164470996515890_6757695444276349946_n.jpg 1152w, https:\/\/mersinkadingazetesi.com\/wp-content\/uploads\/2026\/09\/791738098_10164470996515890_6757695444276349946_n-270x480.jpg 270w\" sizes=\"(max-width: 1152px) 100vw, 1152px\" \/><\/figure>\n\n\n\n<h2 class=\"wp-block-heading\">59 Y\u0131ll\u0131k Yay\u0131n Hayat\u0131<\/h2>\n\n\n\n<p>Yeni Alanya, yay\u0131n hayat\u0131na ba\u015flad\u0131\u011f\u0131 g\u00fcnden bu yana Alanya\u2019daki geli\u015fmeleri okuyucular\u0131na aktar\u0131yor. Kentteki sosyal, k\u00fclt\u00fcrel, ekonomik ve g\u00fcndelik geli\u015fmeler gazetenin haberlerinde yer buluyor. De\u011fi\u015fen medya al\u0131\u015fkanl\u0131klar\u0131yla birlikte gazetenin internet sitesi \u00fczerinden de g\u00fcncel haberler yay\u0131mlan\u0131yor.<br>Yeni Alanya\u2019n\u0131n 59. kurulu\u015f y\u0131l d\u00f6n\u00fcm\u00fc dolay\u0131s\u0131yla a\u00e7\u0131klama yapan&nbsp;Dim Medya A.\u015e. Y\u00f6netim Kurulu Ba\u015fkan\u0131 Mehmet Ali Dim, gazetenin bug\u00fcnlere ula\u015fmas\u0131nda okurlar\u0131n ve \u00e7al\u0131\u015fanlar\u0131n katk\u0131s\u0131na dikkat \u00e7ekti.Mehmet Ali Dim, a\u00e7\u0131klamas\u0131nda \u015fu ifadeleri kulland\u0131<\/p>\n\n\n\n<p>\u201cYeni Alanya\u2019y\u0131 bug\u00fcnlere getiren herkese minnet bor\u00e7luyuz. En ba\u015fta da okurlar\u0131m\u0131za ve emek\u00e7ilerimize. Nice y\u0131llara el ele, g\u00f6n\u00fcl g\u00f6n\u00fcle in\u015fallah.\u201d<\/p>\n\n\n\n<h2 class=\"wp-block-heading\">D\u0130M TV ve D\u0130M Radyo da 9. Y\u0131l\u0131n\u0131 Kutluyor<\/h2>\n\n\n\n<p>Yeni Alanya\u2019n\u0131n yan\u0131 s\u0131ra&nbsp;D\u0130M TV ve D\u0130M Radyo&nbsp;da kurulu\u015flar\u0131n\u0131n 9. y\u0131l d\u00f6n\u00fcm\u00fcn\u00fc kutluyor. Dim Medya b\u00fcnyesinde yay\u0131n faaliyetlerini s\u00fcrd\u00fcren televizyon ve radyo kanal\u0131, Alanya merkezli yay\u0131nlar\u0131n\u0131 s\u00fcrd\u00fcr\u00fcyor. Yeni Alanya ise&nbsp;59. y\u0131l\u0131nda&nbsp;yay\u0131n hayat\u0131na devam ederek Alanya g\u00fcndemini okuyucular\u0131na aktarmay\u0131 s\u00fcrd\u00fcr\u00fcyor.<\/p>\n\n\n\n<figure class=\"wp-block-image size-full is-resized\"><img loading=\"lazy\" decoding=\"async\" width=\"1536\" height=\"2048\" src=\"http:\/\/mersinkadingazetesi.com\/wp-content\/uploads\/2026\/09\/791974942_10164470996390890_1790596024882237005_n.jpg\" alt=\"\" class=\"wp-image-55123\" style=\"width:602px;height:auto\" srcset=\"https:\/\/mersinkadingazetesi.com\/wp-content\/uploads\/2026\/09\/791974942_10164470996390890_1790596024882237005_n.jpg 1536w, https:\/\/mersinkadingazetesi.com\/wp-content\/uploads\/2026\/09\/791974942_10164470996390890_1790596024882237005_n-360x480.jpg 360w\" sizes=\"(max-width: 1536px) 100vw, 1536px\" \/><\/figure>\n","protected":false},"excerpt":{"rendered":"<p>1 Eyl\u00fcl 1968&#8217;de ilk kez okurlar\u0131yla bulu\u015fan Yeni Alanya, 59. ya\u015f\u0131na girmenin gururunu ya\u015farken; Dim Medya b\u00fcnyesindeki D\u0130M TV ve D\u0130M Radyo da 9. kurulu\u015f y\u0131ld\u00f6n\u00fcmlerini kutluyor. Yar\u0131m as\u0131rd\u0131r Alanya bas\u0131n\u0131n faaliyet g\u00f6steren&nbsp;Yeni Alanya Gazetesi, yay\u0131n hayat\u0131ndaki 59. y\u0131l\u0131n\u0131 kutluyor. Merhum gazeteci&nbsp;Ar\u0131kan Y\u0131lmaz Dim&nbsp;taraf\u0131ndan temelleri at\u0131lan gazete, yar\u0131m asr\u0131 geride b\u0131rakarak 59. ya\u015f\u0131ndan g\u00fcn almaya [&hellip;]<\/p>\n","protected":false},"author":2,"featured_media":55124,"comment_status":"closed","ping_status":"closed","sticky":false,"template":"","format":"standard","meta":{"footnotes":""},"categories":[1],"tags":[],"class_list":["post-55121","post","type-post","status-publish","format-standard","has-post-thumbnail","hentry","category-genel"],"views":0,"_links":{"self":[{"href":"https:\/\/mersinkadingazetesi.com\/index.php?rest_route=\/wp\/v2\/posts\/55121"}],"collection":[{"href":"https:\/\/mersinkadingazetesi.com\/index.php?rest_route=\/wp\/v2\/posts"}],"about":[{"href":"https:\/\/mersinkadingazetesi.com\/index.php?rest_route=\/wp\/v2\/types\/post"}],"author":[{"embeddable":true,"href":"https:\/\/mersinkadingazetesi.com\/index.php?rest_route=\/wp\/v2\/users\/2"}],"replies":[{"embeddable":true,"href":"https:\/\/mersinkadingazetesi.com\/index.php?rest_route=%2Fwp%2Fv2%2Fcomments&post=55121"}],"version-history":[{"count":1,"href":"https:\/\/mersinkadingazetesi.com\/index.php?rest_route=\/wp\/v2\/posts\/55121\/revisions"}],"predecessor-version":[{"id":55125,"href":"https:\/\/mersinkadingazetesi.com\/index.php?rest_route=\/wp\/v2\/posts\/55121\/revisions\/55125"}],"wp:featuredmedia":[{"embeddable":true,"href":"https:\/\/mersinkadingazetesi.com\/index.php?rest_route=\/wp\/v2\/media\/55124"}],"wp:attachment":[{"href":"https:\/\/mersinkadingazetesi.com\/index.php?rest_route=%2Fwp%2Fv2%2Fmedia&parent=55121"}],"wp:term":[{"taxonomy":"category","embeddable":true,"href":"https:\/\/mersinkadingazetesi.com\/index.php?rest_route=%2Fwp%2Fv2%2Fcategories&post=55121"},{"taxonomy":"post_tag","embeddable":true,"href":"https:\/\/mersinkadingazetesi.com\/index.php?rest_route=%2Fwp%2Fv2%2Ftags&post=55121"}],"curies":[{"name":"wp","href":"https:\/\/api.w.org\/{rel}","templated":true}]}}