{"id":55126,"date":"2026-09-01T17:37:50","date_gmt":"2026-09-01T14:37:50","guid":{"rendered":"https:\/\/mersinkadingazetesi.com\/?p=55126"},"modified":"2026-09-01T17:37:51","modified_gmt":"2026-09-01T14:37:51","slug":"toroslarda-eylul-ayi-meclis-toplantisi-gerceklestirildi","status":"publish","type":"post","link":"https:\/\/mersinkadingazetesi.com\/?p=55126","title":{"rendered":"TOROSLAR&#8217;DA EYL\u00dcL AYI MECL\u0130S TOPLANTISI GER\u00c7EKLE\u015eT\u0130R\u0130LD\u0130"},"content":{"rendered":"\n<p>Toroslar Belediye Meclisi&#8217;nin Eyl\u00fcl ay\u0131 Ola\u011fan Meclis Toplant\u0131s\u0131, Belediye Ba\u015fkan\u0131 Abdurrahman Y\u0131ld\u0131z ba\u015fkanl\u0131\u011f\u0131nda ger\u00e7ekle\u015fti. Toplant\u0131da, \u00fcniversiteyi kazanan \u00f6\u011frencilere y\u00f6nelik kar\u015f\u0131l\u0131ks\u0131z \u00f6\u011frenim yard\u0131m\u0131 yap\u0131lmas\u0131 teklifi ba\u015fta olmak \u00fczere g\u00fcndem maddeleri g\u00f6r\u00fc\u015f\u00fclerek karara ba\u011fland\u0131.<\/p>\n\n\n\n<p>Yunus Emre K\u00fclt\u00fcr Merkezi Meclis Toplant\u0131 Salonu&#8217;nda ger\u00e7ekle\u015ftirilen toplant\u0131n\u0131n a\u00e7\u0131l\u0131\u015f\u0131nda konu\u015fan Toroslar Belediye Ba\u015fkan\u0131 Abdurrahman Y\u0131ld\u0131z, 1 Eyl\u00fcl D\u00fcnya Bar\u0131\u015f G\u00fcn\u00fc dolay\u0131s\u0131yla bar\u0131\u015f mesaj\u0131 verdi. D\u00fcnyan\u0131n farkl\u0131 b\u00f6lgelerinde devam eden sava\u015flar\u0131n bir an \u00f6nce sona ermesi temennisinde bulunan Y\u0131ld\u0131z, insanlar\u0131n sorunlar\u0131n\u0131 konu\u015farak ve birbirlerini anlayarak \u00e7\u00f6zebilece\u011fini ifade etti.<\/p>\n\n\n\n<p>Ba\u015fkan Y\u0131ld\u0131z, konu\u015fmas\u0131nda bar\u0131\u015f\u0131n \u00f6nemine dikkat \u00e7ekerek, &#8220;D\u00fcnyan\u0131n belki en fazla ihtiya\u00e7 duydu\u011fu unsurlardan bir tanesi bar\u0131\u015f. Maalesef b\u00f6lgemizde ve d\u00fcnyan\u0131n muhtelif yerlerinde \u00e7ok ciddi sava\u015flar devam ediyor. Bu sava\u015flar\u0131n bir an \u00f6nce son bulmas\u0131 gerekti\u011fini d\u00fc\u015f\u00fcn\u00fcyorum. \u0130nsanlar\u0131n 21. y\u00fczy\u0131lda birbirlerini konu\u015farak anlayabileceklerine inan\u0131yorum&#8221; dedi.<\/p>\n\n\n\n<p><strong>&#8220;TOROSLAR&#8217;DA 7 OKUMA SALONU A\u00c7TIK&#8221;<\/strong><\/p>\n\n\n\n<p>Ba\u015fkan Y\u0131ld\u0131z, belediyenin e\u011fitim alan\u0131ndaki \u00e7al\u0131\u015fmalar\u0131na da de\u011finerek, Temmuz ay\u0131nda \u00c7ukurova Mahallesi&#8217;nde yeni bir okuma salonunu hizmete a\u00e7t\u0131klar\u0131n\u0131 ve b\u00f6ylece il\u00e7edeki okuma salonu say\u0131s\u0131n\u0131n 7&#8217;ye y\u00fckseldi\u011fini s\u00f6yledi.<\/p>\n\n\n\n<p>Okuma salonlar\u0131n\u0131n yaln\u0131zca \u00e7ocuklar taraf\u0131ndan de\u011fil, s\u0131navlara haz\u0131rlanan gen\u00e7ler ve yeti\u015fkinler taraf\u0131ndan da yo\u011fun \u015fekilde kullan\u0131ld\u0131\u011f\u0131n\u0131 belirten Y\u0131ld\u0131z, \u00f6zellikle merkez mahallelerde \u00f6\u011frencilerin evlerinde yeterli \u00e7al\u0131\u015fma ortam\u0131 bulunmayabildi\u011fine dikkat \u00e7ekti.<\/p>\n\n\n\n<p>Y\u0131ld\u0131z, okuma salonlar\u0131nda gen\u00e7lere rahat ve uygun bir \u00e7al\u0131\u015fma ortam\u0131 sunduklar\u0131n\u0131 belirterek, &#8220;\u00c7ocuklar\u0131m\u0131z\u0131n ders \u00e7al\u0131\u015fabilece\u011fi, \u00f6\u011fretmenlerinin deste\u011fini alabilece\u011fi, s\u0131cak \u00e7ay\u0131n\u0131 i\u00e7ebilece\u011fi, rahat bir ortam olu\u015fturmak istiyoruz. \u00d6zellikle dezavantajl\u0131 mahallelerimizde bu alanlara ciddi ihtiya\u00e7 var&#8221; diye konu\u015ftu.<\/p>\n\n\n\n<p><strong>\u00dcN\u0130VERS\u0130TEY\u0130 KAZANAN \u00d6\u011eRENC\u0130LERE KAR\u015eILIKSIZ E\u011e\u0130T\u0130M DESTE\u011e\u0130<\/strong><\/p>\n\n\n\n<p>Meclis toplant\u0131s\u0131n\u0131n \u00f6ne \u00e7\u0131kan g\u00fcndem maddelerinden biri ise \u00fcniversiteyi kazanan \u00f6\u011frencilere y\u00f6nelik \u00f6\u011frenim yard\u0131m\u0131 teklifi oldu.<\/p>\n\n\n\n<p>\u00d6SYM taraf\u0131ndan ger\u00e7ekle\u015ftirilen 2026 Y\u0131l\u0131 Y\u00fcksek\u00f6\u011fretim Kurumlar\u0131 S\u0131nav\u0131 sonucunda; A\u00d6F, DGS ve YDS gibi s\u0131navlar hari\u00e7 olmak \u00fczere T\u00fcrkiye&#8217;deki devlet \u00fcniversitelerine yerle\u015fen \u00f6\u011frencilere kar\u015f\u0131l\u0131ks\u0131z \u00f6\u011frenim yard\u0131m\u0131 yap\u0131lmas\u0131 teklifi g\u00f6r\u00fc\u015f\u00fcld\u00fc. Teklife g\u00f6re, s\u0131nav\u0131 kazand\u0131\u011f\u0131 tarihten \u00f6nce en az 6 ay Toroslar il\u00e7esinde ikamet eden \u00f6\u011frencilere,&nbsp;\u00fcniversiteyi kazand\u0131klar\u0131 ilk y\u0131l i\u00e7in haz\u0131rl\u0131k s\u0131n\u0131flar\u0131 hari\u00e7 kazand\u0131klar\u0131 b\u00f6l\u00fcm\u00fcn e\u011fitim s\u00fcresine g\u00f6re destek sa\u011flanmas\u0131 planlan\u0131yor.<\/p>\n\n\n\n<p>Buna g\u00f6re; 2 y\u0131ll\u0131k (\u00f6n lisans) b\u00f6l\u00fcm\u00fc kazananlara 8 bin 400 TL, 4 y\u0131ll\u0131k (lisans) b\u00f6l\u00fcm\u00fc kazananlara 15 bin 600 TL, 5 y\u0131ll\u0131k (lisans) b\u00f6l\u00fcm\u00fc kazananlara 18 bin &nbsp;TL, 6 y\u0131ll\u0131k (lisans) b\u00f6l\u00fcm\u00fc kazananlara 24 bin TL \u00f6\u011frenim yard\u0131m\u0131nda bulunulmas\u0131 ve \u00f6demelerin belediyenin imk\u00e2nlar\u0131 do\u011frultusunda bir veya birka\u00e7 defada yap\u0131lmas\u0131na ili\u015fkin teklif g\u00f6r\u00fc\u015f\u00fclerek oy birli\u011fiyle ilgili komisyonlara havale edildi.<\/p>\n\n\n\n<p><strong>TOROSLAR&#8217;DA Y\u00d6R\u00dcK K\u00dcLT\u00dcR\u00dcNE B\u00dcY\u00dcK \u0130LG\u0130<\/strong><\/p>\n\n\n\n<p>Ba\u015fkan Y\u0131ld\u0131z, A\u011fustos ay\u0131nda T\u0131rtar Mahallesi \u015eeker\u00e7e\u015fme&#8217;de ger\u00e7ekle\u015ftirilen ve bu y\u0131l ikincisi d\u00fczenlenen Karde\u015f G\u00f6\u00e7erler Y\u00f6r\u00fck Etkinli\u011fi&#8217;ne ili\u015fkin de de\u011ferlendirmelerde bulundu.<\/p>\n\n\n\n<p>Etkinli\u011fin ge\u00e7en y\u0131la g\u00f6re daha kapsaml\u0131 ve g\u00f6rkemli ge\u00e7ti\u011fini belirten Y\u0131ld\u0131z, iki g\u00fcn boyunca yakla\u015f\u0131k 40 bin ki\u015finin etkinlik alan\u0131n\u0131 ziyaret etti\u011fini s\u00f6yledi.<\/p>\n\n\n\n<p>Y\u00f6r\u00fck k\u00fclt\u00fcr\u00fcn\u00fcn, geleneklerinin ve \u00fcretim bi\u00e7iminin ya\u015fat\u0131lmas\u0131 a\u00e7\u0131s\u0131ndan etkinli\u011fin \u00f6nemine vurgu yapan Y\u0131ld\u0131z, farkl\u0131 kentlerden Mersin&#8217;e gelen ve Y\u00f6r\u00fck-g\u00f6\u00e7erlik gelene\u011finden gelen vatanda\u015flar\u0131n da etkinlikte bulu\u015ftu\u011funu ifade etti.<\/p>\n\n\n\n<p>Etkinlik kapsam\u0131nda konserlerin yan\u0131 s\u0131ra Y\u00f6r\u00fck ekonomisinin ve \u00fcretim modelinin ele al\u0131nd\u0131\u011f\u0131 panel d\u00fczenlendi\u011fini belirten Y\u0131ld\u0131z, Y\u00f6r\u00fcklerin kendi deneyimlerini ve ekonomik faaliyetlerini s\u00fcrd\u00fcr\u00fclebilir hale getirmeye y\u00f6nelik g\u00f6r\u00fc\u015flerini payla\u015ft\u0131klar\u0131n\u0131 s\u00f6yledi. Y\u0131ld\u0131z ayr\u0131ca etkinli\u011fin ikinci g\u00fcn\u00fcnde d\u00fczenlenen a\u00e7\u0131k k\u00fcrs\u00fcn\u00fcn de geleneksel hale getirilece\u011fini belirterek, vatanda\u015flar\u0131n \u015fiir, t\u00fcrk\u00fc, f\u0131kra ve \u00e7e\u015fitli konulardaki d\u00fc\u015f\u00fcncelerini \u00f6zg\u00fcrce payla\u015fabildi\u011fi bir ortam olu\u015fturuldu\u011funu ifade etti.<\/p>\n\n\n\n<p>&#8220;Toroslar zengin ve potansiyeli \u00e7ok y\u00fcksek bir il\u00e7e. Bu potansiyelin a\u00e7\u0131\u011fa \u00e7\u0131kar\u0131lmas\u0131 i\u00e7in ciddi bir \u00e7abam\u0131z var&#8221; diyen Y\u0131ld\u0131z, etikinli\u011fin d\u00fczenlenmesinde b\u00fcy\u00fck eme\u011fi olan \u00e7al\u0131\u015fma arkada\u015flar\u0131na ve katk\u0131 sunan herkese te\u015fekk\u00fcr etti.<\/p>\n\n\n\n<p><strong>&#8220;KA\u00c7AK YAPILA\u015eMAYLA M\u00dcCADELE ETMEYE DEVAM EDECE\u011e\u0130Z&#8221;<\/strong><\/p>\n\n\n\n<p>Ba\u015fkan Y\u0131ld\u0131z, konu\u015fmas\u0131n\u0131n \u00f6nemli bir b\u00f6l\u00fcm\u00fcnde ise Toroslar&#8217;daki kamu binalar\u0131, park alanlar\u0131 ve ka\u00e7ak yap\u0131la\u015fmayla ilgili ya\u015fanan sorunlara ili\u015fkin de\u011ferlendirmelerde de bulundu.<\/p>\n\n\n\n<p>Belediyenin \u00f6nceki d\u00f6nemlerde yap\u0131lm\u0131\u015f baz\u0131 yap\u0131 ve tesislerle ilgili \u00e7e\u015fitli kurumlar taraf\u0131ndan i\u015flem talepleriyle kar\u015f\u0131 kar\u015f\u0131ya kald\u0131\u011f\u0131n\u0131 belirten Y\u0131ld\u0131z, \u00f6zellikle park alanlar\u0131 i\u00e7erisinde ge\u00e7mi\u015f y\u0131llarda yap\u0131lm\u0131\u015f yap\u0131larla ilgili s\u00fcrecin yeniden de\u011ferlendirilmesi gerekti\u011fini s\u00f6yledi.<\/p>\n\n\n\n<p>Y\u0131ld\u0131z, &#8220;Bizden \u00f6nce yap\u0131lm\u0131\u015f binalar\u0131 bo\u015falt\u0131p \u00e7evresini temizledik, parklar\u0131 g\u00fczelle\u015ftirdik ve bunlar\u0131 okuma salonu, taziye evi gibi vatanda\u015flar\u0131m\u0131z\u0131n do\u011frudan yararland\u0131\u011f\u0131 alanlara d\u00f6n\u00fc\u015ft\u00fcrd\u00fck&#8221; dedi.<\/p>\n\n\n\n<p>Kendi d\u00f6neminde yap\u0131lan yeni yap\u0131lar\u0131n tamam\u0131n\u0131n ruhsatl\u0131 ve belediye hizmet alanlar\u0131 \u00fczerinde oldu\u011funu vurgulayan Y\u0131ld\u0131z, ka\u00e7ak yap\u0131la\u015fmayla m\u00fccadele konusunda kararl\u0131 olduklar\u0131n\u0131n alt\u0131n\u0131 \u00e7izdi.<\/p>\n\n\n\n<p>&#8220;Ben belediye ba\u015fkan\u0131 olduktan sonra tek bir santimetrekare yeni binaya izin vermedim. Temeli at\u0131ld\u0131\u011f\u0131nda gidip m\u00fch\u00fcrledik. Ka\u00e7ak yap\u0131la\u015fmayla m\u00fccadele etmeye devam edece\u011fiz&#8221; diyen Y\u0131ld\u0131z, Toroslar&#8217;\u0131n daha d\u00fczenli, sa\u011fl\u0131kl\u0131 ve ya\u015fanabilir bir kent yap\u0131s\u0131na kavu\u015fmas\u0131n\u0131n temel \u015fartlar\u0131ndan birinin ka\u00e7ak yap\u0131la\u015fman\u0131n \u00f6nlenmesi oldu\u011funu ifade etti.<\/p>\n\n\n\n<p><strong>&#8220;KAMUSAL ALANLAR VATANDA\u015eIN H\u0130ZMET\u0130NDE KULLANILIYOR&#8221;<\/strong><\/p>\n\n\n\n<p>Park alanlar\u0131ndaki yap\u0131lar\u0131n kullan\u0131m amac\u0131n\u0131n da de\u011ferlendirilmesi gerekti\u011fini belirten Y\u0131ld\u0131z, vatanda\u015flar\u0131n yararland\u0131\u011f\u0131 okuma salonlar\u0131 ve taziye evleri ile ticari ama\u00e7la kullan\u0131lan alanlar\u0131n ayn\u0131 \u015fekilde de\u011ferlendirilmemesi gerekti\u011fini s\u00f6yledi.<\/p>\n\n\n\n<p>Toroslar&#8217;\u0131n baz\u0131 mahallelerinde vatanda\u015flar\u0131n ders \u00e7al\u0131\u015fabilecekleri, taziye g\u00fcnlerinde misafirlerini a\u011f\u0131rlayabilecekleri yeterli fiziki alanlar\u0131n bulunmad\u0131\u011f\u0131na dikkat \u00e7eken Y\u0131ld\u0131z, belediyenin mevcut kamu alanlar\u0131n\u0131 bu ihtiya\u00e7lar do\u011frultusunda de\u011ferlendirdi\u011fini belirtti.<\/p>\n\n\n\n<p>Y\u0131ld\u0131z, &#8220;Bu alanlar\u0131 belediye ba\u015fkan\u0131 kullanm\u0131yor. Buralar\u0131 vatanda\u015f kullan\u0131yor. Okuma salonlar\u0131n\u0131 \u00f6\u011frencilerimiz, taziye evlerini vatanda\u015flar\u0131m\u0131z kullan\u0131yor. \u00d6zellikle dezavantajl\u0131 mahallelerimizde bu alanlara ihtiya\u00e7 var&#8221; ifadelerini kulland\u0131.<\/p>\n\n\n\n<p>Toroslar&#8217;da ka\u00e7ak yap\u0131la\u015fmayla m\u00fccadelede yaln\u0131zca belediyelerin de\u011fil, ilgili t\u00fcm kamu kurumlar\u0131n\u0131n ortak hareket etmesi gerekti\u011fini de vurgulayan Y\u0131ld\u0131z, Karayollar\u0131 ve Devlet Su \u0130\u015fleri&#8217;ne ait alanlarda bulunan yap\u0131 ve i\u015fletmelerle ilgili de kapsaml\u0131 bir \u00e7al\u0131\u015fma yap\u0131lmas\u0131 gerekti\u011fini s\u00f6yledi.<\/p>\n\n\n\n<p>Y\u0131ld\u0131z, &#8220;Ka\u00e7ak yap\u0131la\u015fmayla m\u00fccadele topyek\u00fbn y\u00fcr\u00fct\u00fclmesi gereken bir konu. Vatanda\u015f\u0131n da kurumlar\u0131n da ma\u011fdur olmayaca\u011f\u0131, herkesin \u00f6n\u00fcn\u00fc g\u00f6rebilece\u011fi \u00e7\u00f6z\u00fcmler \u00fcretilmesi gerekiyor&#8221; dedi.<\/p>\n\n\n\n<p>Toplant\u0131, dilek ve temenniler b\u00f6l\u00fcm\u00fcn\u00fcn ard\u0131ndan sona erdi.<\/p>\n","protected":false},"excerpt":{"rendered":"<p>Toroslar Belediye Meclisi&#8217;nin Eyl\u00fcl ay\u0131 Ola\u011fan Meclis Toplant\u0131s\u0131, Belediye Ba\u015fkan\u0131 Abdurrahman Y\u0131ld\u0131z ba\u015fkanl\u0131\u011f\u0131nda ger\u00e7ekle\u015fti. Toplant\u0131da, \u00fcniversiteyi kazanan \u00f6\u011frencilere y\u00f6nelik kar\u015f\u0131l\u0131ks\u0131z \u00f6\u011frenim yard\u0131m\u0131 yap\u0131lmas\u0131 teklifi ba\u015fta olmak \u00fczere g\u00fcndem maddeleri g\u00f6r\u00fc\u015f\u00fclerek karara ba\u011fland\u0131. Yunus Emre K\u00fclt\u00fcr Merkezi Meclis Toplant\u0131 Salonu&#8217;nda ger\u00e7ekle\u015ftirilen toplant\u0131n\u0131n a\u00e7\u0131l\u0131\u015f\u0131nda konu\u015fan Toroslar Belediye Ba\u015fkan\u0131 Abdurrahman Y\u0131ld\u0131z, 1 Eyl\u00fcl D\u00fcnya Bar\u0131\u015f G\u00fcn\u00fc dolay\u0131s\u0131yla bar\u0131\u015f [&hellip;]<\/p>\n","protected":false},"author":2,"featured_media":55127,"comment_status":"closed","ping_status":"closed","sticky":false,"template":"","format":"standard","meta":{"footnotes":""},"categories":[3],"tags":[],"class_list":["post-55126","post","type-post","status-publish","format-standard","has-post-thumbnail","hentry","category-manset"],"views":0,"_links":{"self":[{"href":"https:\/\/mersinkadingazetesi.com\/index.php?rest_route=\/wp\/v2\/posts\/55126"}],"collection":[{"href":"https:\/\/mersinkadingazetesi.com\/index.php?rest_route=\/wp\/v2\/posts"}],"about":[{"href":"https:\/\/mersinkadingazetesi.com\/index.php?rest_route=\/wp\/v2\/types\/post"}],"author":[{"embeddable":true,"href":"https:\/\/mersinkadingazetesi.com\/index.php?rest_route=\/wp\/v2\/users\/2"}],"replies":[{"embeddable":true,"href":"https:\/\/mersinkadingazetesi.com\/index.php?rest_route=%2Fwp%2Fv2%2Fcomments&post=55126"}],"version-history":[{"count":1,"href":"https:\/\/mersinkadingazetesi.com\/index.php?rest_route=\/wp\/v2\/posts\/55126\/revisions"}],"predecessor-version":[{"id":55128,"href":"https:\/\/mersinkadingazetesi.com\/index.php?rest_route=\/wp\/v2\/posts\/55126\/revisions\/55128"}],"wp:featuredmedia":[{"embeddable":true,"href":"https:\/\/mersinkadingazetesi.com\/index.php?rest_route=\/wp\/v2\/media\/55127"}],"wp:attachment":[{"href":"https:\/\/mersinkadingazetesi.com\/index.php?rest_route=%2Fwp%2Fv2%2Fmedia&parent=55126"}],"wp:term":[{"taxonomy":"category","embeddable":true,"href":"https:\/\/mersinkadingazetesi.com\/index.php?rest_route=%2Fwp%2Fv2%2Fcategories&post=55126"},{"taxonomy":"post_tag","embeddable":true,"href":"https:\/\/mersinkadingazetesi.com\/index.php?rest_route=%2Fwp%2Fv2%2Ftags&post=55126"}],"curies":[{"name":"wp","href":"https:\/\/api.w.org\/{rel}","templated":true}]}}