{"id":55136,"date":"2026-09-02T10:10:49","date_gmt":"2026-09-02T07:10:49","guid":{"rendered":"https:\/\/mersinkadingazetesi.com\/?p=55136"},"modified":"2026-09-02T10:10:49","modified_gmt":"2026-09-02T07:10:49","slug":"akdeniz-belediyesi-baskan-vekili-besikci-karaduvarda-vatandaslarla-bulustu","status":"publish","type":"post","link":"https:\/\/mersinkadingazetesi.com\/?p=55136","title":{"rendered":"Akdeniz Belediyesi Ba\u015fkan Vekili Be\u015fikci, Karaduvar\u2019da Vatanda\u015flarla Bulu\u015ftu"},"content":{"rendered":"\n<p>Akdeniz Kaymakam\u0131 ve Belediye Ba\u015fkan Vekili Murat Be\u015fikci, Karaduvar Mahallesi\u2019ni ziyaret ederek, hem b\u00f6lgede y\u00fcr\u00fct\u00fclen hizmet ve \u00e7al\u0131\u015fmalar hakk\u0131nda yetkililerden bilgi ald\u0131, hem de muhtar ve vatanda\u015flar\u0131n talep ve sorunlar\u0131n\u0131 dinledi. Be\u015fikci, mahalle sakinleri ve esnaflarla bir araya gelerek samimi sohbetlerde bulundu.<\/p>\n\n\n\n<p>Akdeniz Kaymakam\u0131 ve Belediye Ba\u015fkan Vekili Murat Be\u015fikci, mahalle bulu\u015fmalar\u0131 kapsam\u0131nda bu kez Karaduvar Mahallesi\u2019ni ziyaret etti. B\u00f6lgenin ihtiya\u00e7lar\u0131n\u0131 yerinde g\u00f6rmek, devam eden \u00e7al\u0131\u015fmalar\u0131 de\u011ferlendirmek ve vatanda\u015flar\u0131n talep ve beklentilerini do\u011frudan dinlemek amac\u0131yla ger\u00e7ekle\u015ftirilen ziyarette Be\u015fikci, mahalle sakinleriyle bir araya geldi.<\/p>\n\n\n\n<p>Ziyaretine, Karaduvar Mahallesi \u00c7ok Ama\u00e7l\u0131 Taziye Evi\u2019nden ba\u015flayan Be\u015fikci, burada Mahalle Muhtar\u0131 Fikret Altan\u2019dan mahallede y\u00fcr\u00fct\u00fclen \u00e7al\u0131\u015fmalar ve mevcut ihtiya\u00e7lar hakk\u0131nda bilgi ald\u0131. Ard\u0131ndan Karaduvar Mahalle Muhtarl\u0131\u011f\u0131\u2019na ge\u00e7en Be\u015fikci, Muhtar Fikret Altan ile g\u00f6r\u00fc\u015ferek mahallenin sorunlar\u0131, vatanda\u015flardan iletilen talepler ve \u00e7\u00f6z\u00fcm bekleyen konular hakk\u0131nda de\u011ferlendirmelerde bulundu.<\/p>\n\n\n\n<p>Karaduvar K\u00fclt\u00fcr Sanat Evi\u2019ne ziyaret<\/p>\n\n\n\n<p>Ba\u015fkan Vekili Be\u015fikci, mahalle ziyaretinin devam\u0131nda Karaduvar K\u00fclt\u00fcr Sanat Evini ziyaret etti. Burada e\u011fitim alan kursiyerlerle bir araya gelen Be\u015fikci, verilen kurslar ve y\u00fcr\u00fct\u00fclen \u00e7al\u0131\u015fmalar hakk\u0131nda bilgi ald\u0131. Kursiyerlerle bir s\u00fcre sohbet eden Be\u015fikci, vatanda\u015flar\u0131n sosyal, k\u00fclt\u00fcrel ve ki\u015fisel geli\u015fimlerine katk\u0131 sunan bu t\u00fcr \u00e7al\u0131\u015fmalar\u0131n \u00f6nemine dikkat \u00e7ekti.<\/p>\n\n\n\n<p>Esnaf ve vatanda\u015flarla samimi bulu\u015fma<\/p>\n\n\n\n<p>Karaduvar Mahallesi ziyaretinde esnaflar\u0131 da unutmayan Ba\u015fkan Vekili Be\u015fikci, mahalle esnaf\u0131n\u0131 tek tek ziyaret ederek hay\u0131rl\u0131 i\u015fler diledi. Esnaf ve vatanda\u015flarla sohbet eden Be\u015fikci, onlar\u0131n talep, \u00f6neri ve beklentilerini dinledi. Mahalle sakinlerinin s\u0131cak ilgisiyle kar\u015f\u0131la\u015fan Be\u015fikci, vatanda\u015flarla yak\u0131ndan ilgilenerek sorun ve taleplerin do\u011frudan kendisine iletilmesini sa\u011flad\u0131.<\/p>\n\n\n\n<p>\u201cSahada olmak, sorunlar\u0131 yerinde g\u00f6rmek bizim i\u00e7in \u00e7ok \u00f6nemli\u201d<\/p>\n\n\n\n<p>Ziyarete ili\u015fkin k\u0131sa bir de\u011ferlendirmede bulunan Akdeniz Kaymakam\u0131 ve Belediye Ba\u015fkan Vekili Murat Be\u015fikci, hizmetlerin vatanda\u015flar\u0131n ihtiya\u00e7lar\u0131 do\u011frultusunda \u015fekillenmesi i\u00e7in sahada olman\u0131n \u00f6nemine vurgu yapt\u0131. \u201cBizim i\u00e7in sahada olmak, mahallelerimizi yerinde g\u00f6rmek ve vatanda\u015flar\u0131m\u0131z\u0131n sorunlar\u0131n\u0131 do\u011frudan kendilerinden dinlemek son derece \u00f6nemli\u201d diyen Be\u015fik\u00e7i; \u201cMasa ba\u015f\u0131nda yap\u0131lan de\u011ferlendirmelerin yan\u0131nda, vatanda\u015flar\u0131m\u0131z ve esnaf\u0131m\u0131zla y\u00fcz y\u00fcze g\u00f6r\u00fc\u015ferek ihtiya\u00e7 ve taleplere h\u00e2kim olmak gerekiyor. Karaduvar\u2019da da hem muhtar\u0131m\u0131zdan mahallemizin ihtiya\u00e7lar\u0131n\u0131 dinledik hem de esnaf ve vatanda\u015flar\u0131m\u0131zla bir araya geldik. Halk\u0131m\u0131z\u0131n samimiyeti, s\u0131cakl\u0131\u011f\u0131 ve bizlere g\u00f6sterdi\u011fi yak\u0131n ilgi bizleri ayr\u0131ca memnun ediyor. Akdeniz\u2019in her mahallesinde vatanda\u015flar\u0131m\u0131z\u0131n yan\u0131nda olmaya, sorunlar\u0131 yerinde tespit ederek \u00e7\u00f6z\u00fcm\u00fc noktas\u0131nda gereken \u00e7al\u0131\u015fmalar\u0131 yapmaya devam edece\u011fiz\u201d ifadelerini kulland\u0131.<\/p>\n\n\n\n<p>Ba\u015fkan Vekili Be\u015fikci, mahalle ziyaretlerinin \u00f6n\u00fcm\u00fczdeki s\u00fcre\u00e7te de devam edece\u011fini belirterek, Akdeniz\u2019in t\u00fcm mahallelerinde vatanda\u015flarla do\u011frudan ileti\u015fim halinde olmay\u0131 ve hizmetleri sahada, yerinde de\u011ferlendirmeyi s\u00fcrd\u00fcreceklerini s\u00f6zlerine ekledi.<\/p>\n","protected":false},"excerpt":{"rendered":"<p>Akdeniz Kaymakam\u0131 ve Belediye Ba\u015fkan Vekili Murat Be\u015fikci, Karaduvar Mahallesi\u2019ni ziyaret ederek, hem b\u00f6lgede y\u00fcr\u00fct\u00fclen hizmet ve \u00e7al\u0131\u015fmalar hakk\u0131nda yetkililerden bilgi ald\u0131, hem de muhtar ve vatanda\u015flar\u0131n talep ve sorunlar\u0131n\u0131 dinledi. Be\u015fikci, mahalle sakinleri ve esnaflarla bir araya gelerek samimi sohbetlerde bulundu. Akdeniz Kaymakam\u0131 ve Belediye Ba\u015fkan Vekili Murat Be\u015fikci, mahalle bulu\u015fmalar\u0131 kapsam\u0131nda bu kez [&hellip;]<\/p>\n","protected":false},"author":2,"featured_media":55137,"comment_status":"closed","ping_status":"closed","sticky":false,"template":"","format":"standard","meta":{"footnotes":""},"categories":[3],"tags":[],"class_list":["post-55136","post","type-post","status-publish","format-standard","has-post-thumbnail","hentry","category-manset"],"views":0,"_links":{"self":[{"href":"https:\/\/mersinkadingazetesi.com\/index.php?rest_route=\/wp\/v2\/posts\/55136"}],"collection":[{"href":"https:\/\/mersinkadingazetesi.com\/index.php?rest_route=\/wp\/v2\/posts"}],"about":[{"href":"https:\/\/mersinkadingazetesi.com\/index.php?rest_route=\/wp\/v2\/types\/post"}],"author":[{"embeddable":true,"href":"https:\/\/mersinkadingazetesi.com\/index.php?rest_route=\/wp\/v2\/users\/2"}],"replies":[{"embeddable":true,"href":"https:\/\/mersinkadingazetesi.com\/index.php?rest_route=%2Fwp%2Fv2%2Fcomments&post=55136"}],"version-history":[{"count":1,"href":"https:\/\/mersinkadingazetesi.com\/index.php?rest_route=\/wp\/v2\/posts\/55136\/revisions"}],"predecessor-version":[{"id":55138,"href":"https:\/\/mersinkadingazetesi.com\/index.php?rest_route=\/wp\/v2\/posts\/55136\/revisions\/55138"}],"wp:featuredmedia":[{"embeddable":true,"href":"https:\/\/mersinkadingazetesi.com\/index.php?rest_route=\/wp\/v2\/media\/55137"}],"wp:attachment":[{"href":"https:\/\/mersinkadingazetesi.com\/index.php?rest_route=%2Fwp%2Fv2%2Fmedia&parent=55136"}],"wp:term":[{"taxonomy":"category","embeddable":true,"href":"https:\/\/mersinkadingazetesi.com\/index.php?rest_route=%2Fwp%2Fv2%2Fcategories&post=55136"},{"taxonomy":"post_tag","embeddable":true,"href":"https:\/\/mersinkadingazetesi.com\/index.php?rest_route=%2Fwp%2Fv2%2Ftags&post=55136"}],"curies":[{"name":"wp","href":"https:\/\/api.w.org\/{rel}","templated":true}]}}