{"id":55139,"date":"2026-09-02T10:47:51","date_gmt":"2026-09-02T07:47:51","guid":{"rendered":"https:\/\/mersinkadingazetesi.com\/?p=55139"},"modified":"2026-09-02T10:47:51","modified_gmt":"2026-09-02T07:47:51","slug":"mosb-heyetinden-akdeniz-kaymakami-murat-besikciye-hayirli-olsun-ziyareti","status":"publish","type":"post","link":"https:\/\/mersinkadingazetesi.com\/?p=55139","title":{"rendered":"MOSB Heyetinden Akdeniz Kaymakam\u0131 Murat Be\u015fik\u00e7i&#8217;ye Hay\u0131rl\u0131 Olsun Ziyareti"},"content":{"rendered":"\n<p><div>Mersin Organize Sanayi B\u00f6lgesi (MOSB) Y\u00f6netimi, yeni g\u00f6revine ba\u015flayan Akdeniz Kaymakam\u0131 Say\u0131n Murat Be\u015fik\u00e7i&#8217;yi makam\u0131nda ziyaret etti.<\/div><div>Ziyarete; MOSB Y\u00f6netim Kurulu Ba\u015fkan\u0131 Sabri Tekli, Y\u00f6netim Kurulu \u00dcyeleri Seyfetullah I\u015f\u0131k, Mehmet Orgun ve Bedri Aky\u00fcz, B\u00f6lge M\u00fcd\u00fcr\u00fc Halil Y\u0131lmaz, B\u00f6lge M\u00fcd\u00fcr Yard\u0131mc\u0131s\u0131 P\u0131nar \u00d6zal Kan\u0131k ile MOSB \u00d6zel \u015ei\u015fecam Mesleki ve Teknik Anadolu Lisesi M\u00fcd\u00fcr\u00fc Esma K\u00f6k kat\u0131ld\u0131.<\/div><div>Ger\u00e7ekle\u015ftirilen ziyarette heyet, Kaymakam Be\u015fik\u00e7i&#8217;ye yeni g\u00f6revinde ba\u015far\u0131 temennilerini iletti.<\/div><div>G\u00f6r\u00fc\u015fmede MOSB Y\u00f6netim Kurulu Ba\u015fkan\u0131 Sabri Tekli taraf\u0131ndan; Mersin Organize Sanayi B\u00f6lgesi&#8217;nde y\u00fcr\u00fct\u00fclen \u00e7al\u0131\u015fmalar, devam eden projeler ve b\u00f6lgenin \u00fcretim, istihdam ile e\u011fitim alan\u0131ndaki faaliyetleri hakk\u0131nda Kaymakam Be\u015fik\u00e7i&#8217;ye bilgi verildi.<\/div><div>MOSB heyeti, nazik ev sahipli\u011fi i\u00e7in Kaymakam Murat Be\u015fik\u00e7i&#8217;ye te\u015fekk\u00fcr ederek g\u00f6revinde ba\u015far\u0131lar diledi.<\/div><\/p>\n","protected":false},"excerpt":{"rendered":"<p>Mersin Organize Sanayi B\u00f6lgesi (MOSB) Y\u00f6netimi, yeni g\u00f6revine ba\u015flayan Akdeniz Kaymakam\u0131 Say\u0131n Murat Be\u015fik\u00e7i&#8217;yi makam\u0131nda ziyaret etti. Ziyarete; MOSB Y\u00f6netim Kurulu Ba\u015fkan\u0131 Sabri Tekli, Y\u00f6netim Kurulu \u00dcyeleri Seyfetullah I\u015f\u0131k, Mehmet Orgun ve Bedri Aky\u00fcz, B\u00f6lge M\u00fcd\u00fcr\u00fc Halil Y\u0131lmaz, B\u00f6lge M\u00fcd\u00fcr Yard\u0131mc\u0131s\u0131 P\u0131nar \u00d6zal Kan\u0131k ile MOSB \u00d6zel \u015ei\u015fecam Mesleki ve Teknik Anadolu Lisesi M\u00fcd\u00fcr\u00fc Esma [&hellip;]<\/p>\n","protected":false},"author":2,"featured_media":55140,"comment_status":"closed","ping_status":"closed","sticky":false,"template":"","format":"standard","meta":{"footnotes":""},"categories":[3,5],"tags":[],"class_list":["post-55139","post","type-post","status-publish","format-standard","has-post-thumbnail","hentry","category-manset","category-mersin"],"views":0,"_links":{"self":[{"href":"https:\/\/mersinkadingazetesi.com\/index.php?rest_route=\/wp\/v2\/posts\/55139"}],"collection":[{"href":"https:\/\/mersinkadingazetesi.com\/index.php?rest_route=\/wp\/v2\/posts"}],"about":[{"href":"https:\/\/mersinkadingazetesi.com\/index.php?rest_route=\/wp\/v2\/types\/post"}],"author":[{"embeddable":true,"href":"https:\/\/mersinkadingazetesi.com\/index.php?rest_route=\/wp\/v2\/users\/2"}],"replies":[{"embeddable":true,"href":"https:\/\/mersinkadingazetesi.com\/index.php?rest_route=%2Fwp%2Fv2%2Fcomments&post=55139"}],"version-history":[{"count":1,"href":"https:\/\/mersinkadingazetesi.com\/index.php?rest_route=\/wp\/v2\/posts\/55139\/revisions"}],"predecessor-version":[{"id":55141,"href":"https:\/\/mersinkadingazetesi.com\/index.php?rest_route=\/wp\/v2\/posts\/55139\/revisions\/55141"}],"wp:featuredmedia":[{"embeddable":true,"href":"https:\/\/mersinkadingazetesi.com\/index.php?rest_route=\/wp\/v2\/media\/55140"}],"wp:attachment":[{"href":"https:\/\/mersinkadingazetesi.com\/index.php?rest_route=%2Fwp%2Fv2%2Fmedia&parent=55139"}],"wp:term":[{"taxonomy":"category","embeddable":true,"href":"https:\/\/mersinkadingazetesi.com\/index.php?rest_route=%2Fwp%2Fv2%2Fcategories&post=55139"},{"taxonomy":"post_tag","embeddable":true,"href":"https:\/\/mersinkadingazetesi.com\/index.php?rest_route=%2Fwp%2Fv2%2Ftags&post=55139"}],"curies":[{"name":"wp","href":"https:\/\/api.w.org\/{rel}","templated":true}]}}