{"id":55142,"date":"2026-09-02T12:13:27","date_gmt":"2026-09-02T09:13:27","guid":{"rendered":"https:\/\/mersinkadingazetesi.com\/?p=55142"},"modified":"2026-09-02T12:13:28","modified_gmt":"2026-09-02T09:13:28","slug":"enerjisa-enerji-elektrik-dagitim-yatirimlari-icin-ebrdden-7-yil-vadeli-207-milyon-dolarlik-finansman-sagladi","status":"publish","type":"post","link":"https:\/\/mersinkadingazetesi.com\/?p=55142","title":{"rendered":"Enerjisa Enerji, elektrik da\u011f\u0131t\u0131m yat\u0131r\u0131mlar\u0131 i\u00e7in EBRD\u2019den 7 y\u0131l vadeli 207 milyon dolarl\u0131k finansman sa\u011flad\u0131"},"content":{"rendered":"\n<p><strong>T\u00fcrkiye\u2019nin enerji d\u00f6n\u00fc\u015f\u00fcm\u00fcne \u00f6nc\u00fcl\u00fck eden lider elektrik da\u011f\u0131t\u0131m ve perakende \u015firketi Enerjisa Enerji, Avrupa \u0130mar ve Kalk\u0131nma Bankas\u0131 (EBRD) ile uzun y\u0131llara dayanan i\u015f birli\u011fini yeni bir finansman anla\u015fmas\u0131yla g\u00fc\u00e7lendirdi. 207 milyon ABD dolar\u0131 kar\u015f\u0131l\u0131\u011f\u0131 T\u00fcrk liras\u0131 tutar\u0131nda ve 7 y\u0131l vadeli olarak sa\u011flanan kredi, Enerjisa Enerji\u2019nin \u00fc\u00e7 elektrik da\u011f\u0131t\u0131m b\u00f6lgesi Ba\u015fkent, AYEDA\u015e ve Toroslar\u2019da elektrik da\u011f\u0131t\u0131m \u015febekesinin geli\u015ftirilmesi ve modernizasyonuna y\u00f6nelik yat\u0131r\u0131mlarda kullan\u0131lacak<\/strong><\/p>\n\n\n\n<p>Herkes i\u00e7in daha iyi bir gelecek vizyonuyla T\u00fcrkiye\u2019nin enerji d\u00f6n\u00fc\u015f\u00fcm\u00fcne \u00f6nc\u00fcl\u00fck etmeyi hedefleyen Enerjisa Enerji, Avrupa \u0130mar ve Kalk\u0131nma Bankas\u0131 (EBRD) ile 207 milyon ABD dolar\u0131 kar\u015f\u0131l\u0131\u011f\u0131 T\u00fcrk liras\u0131 tutar\u0131nda yeni bir kredi anla\u015fmas\u0131na imza att\u0131. T\u00fcrkiye\u2019de 14 ilde 22 milyonu a\u015fk\u0131n kullan\u0131c\u0131ya elektrik da\u011f\u0131t\u0131m hizmeti sunan \u015firket, yeni finansmanla da\u011f\u0131t\u0131m \u015febekelerini gelece\u011fin ihtiya\u00e7lar\u0131na haz\u0131rl\u0131yor.<\/p>\n\n\n\n<p><strong>EBRD, T\u00fcrkiye\u2019de Elektrik Da\u011f\u0131t\u0131m Sekt\u00f6r\u00fcnde ilk Avrupa S\u00fcrd\u00fcr\u00fclebilir Kalk\u0131nma Fonu deste\u011fini Enerjisa Enerji kredisinde ald\u0131<\/strong><\/p>\n\n\n\n<p>Enerjisa Enerji ile EBRD aras\u0131nda uzun y\u0131llara dayanan i\u015f birli\u011fi daha da ileri bir boyuta ta\u015f\u0131nd\u0131. Yeni finansman, Avrupa Birli\u011fi\u2019nin Avrupa S\u00fcrd\u00fcr\u00fclebilir Kalk\u0131nma Fonu Plus (EFSD+) Hi Bar Garanti Program\u0131\u2019ndan yararlanacak. EFSD+ kapsam\u0131nda sa\u011flanan garanti, T\u00fcrkiye\u2019de elektrik da\u011f\u0131t\u0131m sekt\u00f6r\u00fcnde EBRD arac\u0131l\u0131\u011f\u0131yla ger\u00e7ekle\u015ftirilen bir krediye verilen ilk EFSD+ deste\u011fi olacak.<\/p>\n\n\n\n<p><strong>\u00d6ZS\u00dcREKC\u0130: \u201cGELECE\u011e\u0130N ENERJ\u0130 S\u0130STEM\u0130N\u0130N TEMEL\u0130NDE G\u00dc\u00c7L\u00dc B\u0130R DA\u011eITIM ALTYAPISI VAR\u201d<\/strong><\/p>\n\n\n\n<p><strong>Enerjisa Enerji CEO\u2019su O\u011fuzhan \u00d6zs\u00fcrekci<\/strong>, anla\u015fmaya ili\u015fkin de\u011ferlendirmesinde \u015funlar\u0131 s\u00f6yledi: \u201cGelece\u011fin enerji sisteminin temelinde g\u00fc\u00e7l\u00fc bir da\u011f\u0131t\u0131m altyap\u0131s\u0131 var. Elektrifikasyonun h\u0131zlanmas\u0131, yenilenebilir enerji kaynaklar\u0131n\u0131n artan pay\u0131 ve de\u011fi\u015fen t\u00fcketim al\u0131\u015fkanl\u0131klar\u0131yla birlikte \u015eebekeler art\u0131k yaln\u0131zca enerjiyi ta\u015f\u0131yan bir altyap\u0131 olman\u0131n \u00f6tesine ge\u00e7erek,&nbsp;<strong>enerji d\u00f6n\u00fc\u015f\u00fcm\u00fcn\u00fcn kilit itici g\u00fc\u00e7lerinden biri<\/strong>&nbsp;haline geliyor. T\u00fcrkiye\u2019nin lider elektrik da\u011f\u0131t\u0131m \u015firketi olarak \u2018Herkes i\u00e7in daha iyi bir gelecek\u2019 vizyonumuz do\u011frultusunda \u015febekelerimizi gelece\u011fin ihtiya\u00e7lar\u0131na haz\u0131rl\u0131yor; daha g\u00fc\u00e7l\u00fc, verimli ve dayan\u0131kl\u0131 bir enerji altyap\u0131s\u0131 i\u00e7in yat\u0131r\u0131mlar\u0131m\u0131z\u0131 s\u00fcrd\u00fcr\u00fcyoruz. EBRD ile ger\u00e7ekle\u015ftirdi\u011fimiz yeni finansman anla\u015fmas\u0131n\u0131 bu uzun vadeli yat\u0131r\u0131m yakla\u015f\u0131m\u0131m\u0131z\u0131n \u00f6nemli bir par\u00e7as\u0131 olarak g\u00f6r\u00fcyoruz. Uluslararas\u0131 finans kurulu\u015flar\u0131n\u0131n Enerjisa Enerji\u2019ye ve yat\u0131r\u0131m program\u0131m\u0131za duydu\u011fu g\u00fcven, T\u00fcrkiye\u2019nin enerji altyap\u0131s\u0131na y\u00f6nelik yat\u0131r\u0131mlar\u0131m\u0131z\u0131 daha g\u00fc\u00e7l\u00fc bir \u015fekilde s\u00fcrd\u00fcrmemize imk\u00e2n sa\u011fl\u0131yor. EBRD ile uzun y\u0131llara dayanan i\u015f birli\u011fimizi b\u00fcy\u00fct\u00fcrken, \u00fclkemizin enerji d\u00f6n\u00fc\u015f\u00fcm\u00fcne katk\u0131 sa\u011flayacak ve kullan\u0131c\u0131lar\u0131m\u0131z i\u00e7in de\u011fer yaratacak yat\u0131r\u0131mlar\u0131 hayata ge\u00e7irmeye devam edece\u011fiz.\u201d<\/p>\n\n\n\n<p><strong>ULBR\u0130CH: \u201cG\u00dc\u00c7L\u00dc KRED\u0130B\u0130L\u0130TEM\u0130Z UZUN VADEL\u0130 F\u0130NANSMANA ER\u0130\u015e\u0130M\u0130M\u0130Z\u0130 DESTEKL\u0130YOR\u201d<\/strong><\/p>\n\n\n\n<p><strong>Enerjisa Enerji CFO\u2019su Philipp Ulbrich, anla\u015fmaya ili\u015fkin de\u011ferlendirmesinde \u015f\u00f6yle konu\u015ftu:&nbsp;<\/strong>\u201c207 milyon ABD dolar\u0131 kar\u015f\u0131l\u0131\u011f\u0131 T\u00fcrk liras\u0131 tutar\u0131nda ve 7 y\u0131l vadeli bu finansman, uzun vadeli ve \u00e7e\u015fitlendirilmi\u015f finansman stratejimizi yans\u0131t\u0131yor. Etkin bor\u00e7 y\u00f6netimimiz sayesinde kald\u0131ra\u00e7 seviyemizi sa\u011flam ve s\u00fcrd\u00fcr\u00fclebilir bir d\u00fczeyde tutarken, g\u00fc\u00e7l\u00fc bilan\u00e7o yap\u0131m\u0131z\u0131 ve finansal esnekli\u011fimizi korumaya devam ediyoruz. \u015eeffaf, \u00f6ng\u00f6r\u00fclebilir ve disiplinli finansal y\u00f6netim anlay\u0131\u015f\u0131m\u0131z sayesinde uluslararas\u0131 finans kurulu\u015flar\u0131 nezdindeki g\u00fc\u00e7l\u00fc kredibilitemizi peki\u015ftiriyor, bu \u00f6l\u00e7ekte uzun vadeli finansman kaynaklar\u0131na rekabet\u00e7i fiyat seviyelerinde eri\u015fimimizi s\u00fcrd\u00fcr\u00fcyoruz. EBRD ile uzun y\u0131llara dayanan i\u015f birli\u011fimizi daha da ileri ta\u015f\u0131maktan memnuniyet duyuyoruz. Bu finansman\u0131n Avrupa Birli\u011fi\u2019nin Avrupa S\u00fcrd\u00fcr\u00fclebilir Kalk\u0131nma Fonu Plus (EFSD+) garantisiyle desteklenmesi bizim i\u00e7in ayr\u0131ca k\u0131ymetli. EBRD ve Avrupa Birli\u011fi gibi g\u00fc\u00e7l\u00fc uluslararas\u0131 payda\u015flar\u0131n destekleriyle, finansal istikrar\u0131m\u0131z\u0131 korurken T\u00fcrkiye\u2019nin enerji d\u00f6n\u00fc\u015f\u00fcm\u00fcne katk\u0131 sa\u011flayan uzun vadeli yat\u0131r\u0131mlar\u0131m\u0131za kararl\u0131l\u0131kla devam ediyoruz.\u201d<\/p>\n\n\n\n<p><strong>EBRD Avrasya Enerji Direkt\u00f6r\u00fc \u015eule K\u0131l\u0131\u00e7&nbsp;<\/strong>ise imza t\u00f6reninde g\u00f6r\u00fc\u015flerini ileterek; \u201cT\u00fcrkiye enerji d\u00f6n\u00fc\u015f\u00fcm\u00fcn\u00fc s\u00fcrd\u00fcr\u00fcrken, elektrik \u015febekelerinin g\u00fc\u00e7lendirilmesi giderek daha b\u00fcy\u00fck \u00f6nem kazan\u0131yor. Enerjisa Enerji ile uzun y\u0131llara dayanan ortakl\u0131\u011f\u0131m\u0131z kapsam\u0131nda, \u015febeke kapasitesini modernize edecek ve geni\u015fletecek, milyonlarca t\u00fcketici i\u00e7in hizmet kalitesini art\u0131racak ve enerji d\u00f6n\u00fc\u015f\u00fcm\u00fcn\u00fcn faydalar\u0131n\u0131n \u00fclke genelinde yayg\u0131n \u015fekilde hissedilmesine katk\u0131da bulunacak yat\u0131r\u0131mlar\u0131 destekliyoruz\u201d \u015feklinde konu\u015ftu.<\/p>\n","protected":false},"excerpt":{"rendered":"<p>T\u00fcrkiye\u2019nin enerji d\u00f6n\u00fc\u015f\u00fcm\u00fcne \u00f6nc\u00fcl\u00fck eden lider elektrik da\u011f\u0131t\u0131m ve perakende \u015firketi Enerjisa Enerji, Avrupa \u0130mar ve Kalk\u0131nma Bankas\u0131 (EBRD) ile uzun y\u0131llara dayanan i\u015f birli\u011fini yeni bir finansman anla\u015fmas\u0131yla g\u00fc\u00e7lendirdi. 207 milyon ABD dolar\u0131 kar\u015f\u0131l\u0131\u011f\u0131 T\u00fcrk liras\u0131 tutar\u0131nda ve 7 y\u0131l vadeli olarak sa\u011flanan kredi, Enerjisa Enerji\u2019nin \u00fc\u00e7 elektrik da\u011f\u0131t\u0131m b\u00f6lgesi Ba\u015fkent, AYEDA\u015e ve Toroslar\u2019da [&hellip;]<\/p>\n","protected":false},"author":2,"featured_media":55143,"comment_status":"closed","ping_status":"closed","sticky":false,"template":"","format":"standard","meta":{"footnotes":""},"categories":[3],"tags":[],"class_list":["post-55142","post","type-post","status-publish","format-standard","has-post-thumbnail","hentry","category-manset"],"views":0,"_links":{"self":[{"href":"https:\/\/mersinkadingazetesi.com\/index.php?rest_route=\/wp\/v2\/posts\/55142"}],"collection":[{"href":"https:\/\/mersinkadingazetesi.com\/index.php?rest_route=\/wp\/v2\/posts"}],"about":[{"href":"https:\/\/mersinkadingazetesi.com\/index.php?rest_route=\/wp\/v2\/types\/post"}],"author":[{"embeddable":true,"href":"https:\/\/mersinkadingazetesi.com\/index.php?rest_route=\/wp\/v2\/users\/2"}],"replies":[{"embeddable":true,"href":"https:\/\/mersinkadingazetesi.com\/index.php?rest_route=%2Fwp%2Fv2%2Fcomments&post=55142"}],"version-history":[{"count":1,"href":"https:\/\/mersinkadingazetesi.com\/index.php?rest_route=\/wp\/v2\/posts\/55142\/revisions"}],"predecessor-version":[{"id":55144,"href":"https:\/\/mersinkadingazetesi.com\/index.php?rest_route=\/wp\/v2\/posts\/55142\/revisions\/55144"}],"wp:featuredmedia":[{"embeddable":true,"href":"https:\/\/mersinkadingazetesi.com\/index.php?rest_route=\/wp\/v2\/media\/55143"}],"wp:attachment":[{"href":"https:\/\/mersinkadingazetesi.com\/index.php?rest_route=%2Fwp%2Fv2%2Fmedia&parent=55142"}],"wp:term":[{"taxonomy":"category","embeddable":true,"href":"https:\/\/mersinkadingazetesi.com\/index.php?rest_route=%2Fwp%2Fv2%2Fcategories&post=55142"},{"taxonomy":"post_tag","embeddable":true,"href":"https:\/\/mersinkadingazetesi.com\/index.php?rest_route=%2Fwp%2Fv2%2Ftags&post=55142"}],"curies":[{"name":"wp","href":"https:\/\/api.w.org\/{rel}","templated":true}]}}