{"id":55145,"date":"2026-09-02T12:16:08","date_gmt":"2026-09-02T09:16:08","guid":{"rendered":"https:\/\/mersinkadingazetesi.com\/?p=55145"},"modified":"2026-09-02T12:16:09","modified_gmt":"2026-09-02T09:16:09","slug":"3-uluslararasi-aydincik-bilim-ve-kultur-etkinlikleri-basladi","status":"publish","type":"post","link":"https:\/\/mersinkadingazetesi.com\/?p=55145","title":{"rendered":"3. ULUSLARARASI AYDINCIK B\u0130L\u0130M VE K\u00dcLT\u00dcR ETK\u0130NL\u0130KLER\u0130 BA\u015eLADI"},"content":{"rendered":"\n<p>Mersin B\u00fcy\u00fck\u015fehir Belediyesi ve \u00e7e\u015fitli kurumlar\u0131n destekleriyle her y\u0131l geleneksel olarak d\u00fczenlenen ve bu y\u0131l 3.&#8217;s\u00fc yap\u0131lan&nbsp;<strong>&#8216;Uluslararas\u0131 Ayd\u0131nc\u0131k Bilim ve K\u00fclt\u00fcr Etkinlikleri&#8217;<\/strong>&nbsp;ba\u015flad\u0131. Bu y\u0131l&nbsp;<strong><em>&#8220;Ayd\u0131nc\u0131k ve Akdeniz K\u00fclt\u00fcrleri&#8221;<\/em><\/strong>&nbsp;temas\u0131yla ger\u00e7ekle\u015ftirilen etkinlikler, Ayd\u0131nc\u0131k&#8217;\u0131n bilimsel, k\u00fclt\u00fcrel ve sosyal ya\u015fam\u0131na katk\u0131 sunmay\u0131 ama\u00e7l\u0131yor.<\/p>\n\n\n\n<p>Etkinliklerin ba\u015flang\u0131c\u0131 temsili Y\u00f6r\u00fck g\u00f6\u00e7\u00fc y\u00fcr\u00fcy\u00fc\u015f\u00fc ile yap\u0131ld\u0131. B\u00f6lgenin Y\u00f6r\u00fck k\u00fclt\u00fcr\u00fcne ve geleneksel ya\u015fam\u0131na dikkat \u00e7eken y\u00fcr\u00fcy\u00fc\u015f\u00fcn ard\u0131ndan etkinlik program\u0131na ge\u00e7ildi. \u0130lk g\u00fcn kapsam\u0131nda&nbsp;<strong><em>&#8220;Ayd\u0131nc\u0131k ve Akdeniz K\u00fclt\u00fcrleri&#8221;<\/em><\/strong>&nbsp;ba\u015fl\u0131kl\u0131 sempozyum d\u00fczenlendi. Ayd\u0131nc\u0131k L\u00fctfi Elvan K\u00fclt\u00fcr Merkezi&#8217;nde d\u00fczenlenen programda b\u00f6lgenin; tarihsel, k\u00fclt\u00fcrel ve toplumsal birikimi farkl\u0131 y\u00f6nleriyle ele al\u0131n\u0131rken, T\u00fcrkiye&#8217;nin \u00e7e\u015fitli illerinden kat\u0131l\u0131m sa\u011flayan akademisyenler bilgi ve deneyimlerini kat\u0131l\u0131mc\u0131larla payla\u015ft\u0131. A\u00e7\u0131l\u0131\u015f konferans\u0131nda ise Prof. Dr. Ahmet Ta\u015fa\u011f\u0131l, Akdeniz k\u00fclt\u00fcrleri i\u00e7erisinde T\u00fcrklerin yeri ve b\u00f6lgenin tarihsel ge\u00e7mi\u015fine ili\u015fkin sunum ger\u00e7ekle\u015ftirdi.<\/p>\n\n\n\n<p><strong>Her ya\u015ftan Ayd\u0131nc\u0131kl\u0131, bilim ve k\u00fclt\u00fcr etkinlikleriyle bulu\u015ftu<\/strong><\/p>\n\n\n\n<p>Kocaeli \u00dcniversitesi&#8217;nin genel koordinat\u00f6rl\u00fc\u011f\u00fcnde d\u00fczenlenen etkinlikler; akademik \u00e7al\u0131\u015fmalar\u0131n yan\u0131 s\u0131ra sanat, el eme\u011fi \u00fcretimler, \u00e7ocuklara y\u00f6nelik at\u00f6lyeler ve k\u00fclt\u00fcrel faaliyetleri de bir araya getiriyor. L\u00fctfi Elvan K\u00fclt\u00fcr Merkezi&#8217;nde kurulan alanlarda kad\u0131nlar\u0131n el eme\u011fiyle haz\u0131rlad\u0131\u011f\u0131 yerel \u00fcr\u00fcnler ve b\u00f6lgenin k\u00fclt\u00fcrel de\u011ferlerini yans\u0131tan \u00e7al\u0131\u015fmalar ziyaret\u00e7ilerle bulu\u015fturuldu. \u015eim\u015fir ka\u015f\u0131klar gibi geleneksel \u00fcr\u00fcnlerin yan\u0131 s\u0131ra Ayd\u0131nc\u0131k&#8217;a \u00f6zg\u00fc incir ve badem gibi tar\u0131msal \u00fcr\u00fcnler tan\u0131t\u0131l\u0131rken, y\u00f6renin lezzeti bat\u0131r\u0131k da yap\u0131ld\u0131. Ayr\u0131ca uluslararas\u0131 ressamlar\u0131n eserlerinin yer ald\u0131\u011f\u0131 Uluslararas\u0131 \u00c7al\u0131\u015ftay Sergisi kat\u0131l\u0131mc\u0131lar\u0131n be\u011fenisine sunuldu.<\/p>\n\n\n\n<p>Programda \u00e7ocuklara y\u00f6nelik at\u00f6lyeler de d\u00fczenlendi. \u00c7ocuklar, ger\u00e7ekle\u015ftirilen \u00e7al\u0131\u015fmalarda heykel ve seramik gibi farkl\u0131 sanat dallar\u0131yla tan\u0131\u015fma f\u0131rsat\u0131 buldu. Etkinliklerin genel koordinat\u00f6rl\u00fc\u011f\u00fcn\u00fc \u00fcstlenen Prof. Dr. Ay\u015fe \u00c7al\u0131k Ross \u00f6nc\u00fcl\u00fc\u011f\u00fcnde ger\u00e7ekle\u015ftirilen \u00e7al\u0131\u015fmalar, akademik bilgi ile yerel k\u00fclt\u00fcr\u00fcn bir araya geldi\u011fi bir bulu\u015fma alan\u0131 olu\u015fturuyor. Bilim insanlar\u0131, yerel y\u00f6netimler, b\u00f6lge halk\u0131, sanat\u00e7\u0131lar ve \u00fcretici kad\u0131nlar\u0131n bir araya geldi\u011fi etkinliklerle bilim ve k\u00fclt\u00fcr\u00fcn kent merkezlerinin yan\u0131 s\u0131ra k\u0131rsal b\u00f6lgelerde de eri\u015filebilir olmas\u0131 ama\u00e7lan\u0131yor.<\/p>\n\n\n\n<p>Etkinliklerin ikinci g\u00fcn program\u0131 da bilim, k\u00fclt\u00fcr, sanat etkinlikleriyle 2 Eyl\u00fcl&#8217;de Ayd\u0131nc\u0131k L\u00fctfi Elvan K\u00fclt\u00fcr Merkezi&#8217;nde ger\u00e7ekle\u015ftirilecek. 3 Eyl\u00fcl&#8217;de d\u00fczenlenecek gezide, Ayd\u0131nc\u0131k&#8217;\u0131n \u00f6nemli tarihi ve do\u011fal de\u011ferleri aras\u0131nda yer alan Kelenderis Antik Kenti ile Gilindire Ma\u011faras\u0131 ziyaret edilecek. B\u00f6lgenin do\u011fal ve k\u00fclt\u00fcrel miras\u0131n\u0131n uluslararas\u0131 ve T\u00fcrkiye&#8217;nin farkl\u0131 kentlerinden gelen kat\u0131l\u0131mc\u0131lara tan\u0131t\u0131laca\u011f\u0131 geziyle etkinlik program\u0131 tamamlanacak.<\/p>\n\n\n\n<p><strong>Ba\u015fkan K\u0131l\u0131\u00e7arpa: &#8220;Y\u00f6r\u00fck k\u00fclt\u00fcr\u00fc bizim \u00f6z\u00fcm\u00fczd\u00fcr&#8221;<\/strong><\/p>\n\n\n\n<p>Ayd\u0131nc\u0131k Belediye Ba\u015fkan\u0131 \u00d6zkan K\u0131l\u0131\u00e7arpa, Uluslararas\u0131 Ayd\u0131nc\u0131k Bilim ve K\u00fclt\u00fcr Etkinliklerinin, b\u00f6lgenin k\u00fclt\u00fcr\u00fcn\u00fcn ya\u015fat\u0131lmas\u0131 i\u00e7in \u00e7ok \u00f6nemli oldu\u011funu belirterek,&nbsp;<strong>&#8220;Y\u00f6r\u00fck k\u00fclt\u00fcr\u00fc bizim \u00f6z\u00fcm\u00fczd\u00fcr. Biz bu k\u00fclt\u00fcrle var olduk. K\u00f6kenimizi asla unutmuyoruz. Bu k\u00fclt\u00fcr ya\u015fat\u0131lmas\u0131, de\u011fer verilmesi gereken bir k\u00fclt\u00fcrd\u00fcr. Bu anlamda Ay\u015fe Hocam\u0131z\u0131n yapm\u0131\u015f oldu\u011fu \u00e7al\u0131\u015fmalar bizler i\u00e7in \u00e7ok de\u011ferliydi. Bize bu etkinlikte destek veren T\u00fcrkiye Belediyeler Birli\u011fi ve Mersin B\u00fcy\u00fck\u015fehir Belediye Ba\u015fkan\u0131m\u0131z Say\u0131n Vahap Se\u00e7er&#8217;e \u00e7ok te\u015fekk\u00fcr ediyorum. Etkinli\u011fimiz hay\u0131rl\u0131, u\u011furlu olsun&#8221;<\/strong>&nbsp;ifadelerine yer verdi.<\/p>\n\n\n\n<p><strong>Prof. Dr. Ross: &#8220;Bu etkinlikler b\u00f6lgemiz a\u00e7\u0131s\u0131ndan \u00e7ok \u00f6nemli bir marka haline geldi&#8221;<\/strong><\/p>\n\n\n\n<p>&#8216;3. Uluslararas\u0131 Ayd\u0131nc\u0131k Bilim ve K\u00fclt\u00fcr Etkinlikleri genel koordinat\u00f6r\u00fc Prof. Dr. Ay\u015fe \u00c7al\u0131k Ross, etkinli\u011fi bu y\u0131l Ayd\u0131nc\u0131k ve Akdeniz K\u00fclt\u00fcrleri ba\u015fl\u0131\u011f\u0131 alt\u0131nda organize ettiklerini anlatt\u0131. Ross,&nbsp;<strong>&#8220;Bu etkinlikler b\u00f6lgemiz a\u00e7\u0131s\u0131ndan \u00e7ok \u00f6nemli bir marka haline geldi. Bilim ve k\u00fclt\u00fcr etkinlikleri i\u00e7erisinde bir\u00e7ok faaliyet yer al\u0131yor. \u00c7ok de\u011ferli bilim insanlar\u0131m\u0131z var. B\u00f6lgedeki insanlar\u0131n ger\u00e7ekten duymaya \u00e7ok ihtiya\u00e7 duydu\u011fu bilgiler payla\u015ft\u0131lar. Ayd\u0131nc\u0131k Belediye Ba\u015fkan\u0131m\u0131z Say\u0131n \u00d6zkan K\u0131l\u0131\u00e7arpa&#8217;n\u0131n ve Mersin B\u00fcy\u00fck\u015fehir Belediye Ba\u015fkan\u0131m\u0131z Say\u0131n Vahap Se\u00e7er&#8217;in katk\u0131lar\u0131yla bu etkinliklerin birinci g\u00fcn\u00fcn\u00fc ger\u00e7ekle\u015ftirdik. Etkinlikler kapsam\u0131nda k\u00fclt\u00fcr faaliyetlerinin yan\u0131 s\u0131ra el eme\u011fi \u00fcreten kad\u0131nlar\u0131m\u0131z\u0131n burada ger\u00e7ekle\u015ftirdi\u011fi \u00e7al\u0131\u015fmalar, uluslararas\u0131 sanat\u00e7\u0131lar\u0131n performanslar\u0131 ve sanat eserlerinin sergileri yer al\u0131yor. Bunun haricinde \u00e7ocuklar\u0131m\u0131z i\u00e7in \u00e7e\u015fitli \u00e7ocuk at\u00f6lyeleri de d\u00fczenledik&#8221;&nbsp;<\/strong>dedi.<\/p>\n\n\n\n<p>2-3 Eyl\u00fcl tarihlerinde ger\u00e7ekle\u015ftirilecek etkinlik program\u0131n\u0131 da payla\u015fan Ross,&nbsp;<strong>&#8220;Kalk\u0131nmaya \u00e7ok ihtiyac\u0131 olan bu b\u00f6lgelerde, medeniyetin ileri seviyelere geldi\u011fi b\u00fcy\u00fck\u015fehirlerimizde \u00e7ocuklar\u0131m\u0131z\u0131n, gen\u00e7lerimizin ve kad\u0131nlar\u0131m\u0131z\u0131n yararland\u0131\u011f\u0131 etkinlikleri, \u015fimdi k\u0131rsala ve geli\u015fmekte olan b\u00f6lgelerimize, benim de bir Y\u00f6r\u00fck k\u0131z\u0131 olarak b\u00fcy\u00fcd\u00fc\u011f\u00fcm bu topraklara ta\u015f\u0131maya \u00e7al\u0131\u015f\u0131yoruz&#8221;&nbsp;<\/strong>dedi. Ross, akademinin yerel y\u00f6netimler, halk, sanat\u00e7\u0131lar, kad\u0131nlar ve bilim insanlar\u0131yla i\u015f birli\u011fi i\u00e7inde olmas\u0131 gerekti\u011fini vurgulayarak, k\u00fclt\u00fcr ve bilim etkinliklerini k\u0131rsal alanlara ve en uzak k\u00f6ylere kadar ta\u015f\u0131may\u0131 ama\u00e7lad\u0131klar\u0131n\u0131 belirtti. E\u011fitimin en g\u00fc\u00e7l\u00fc y\u00f6nteminin \u00f6rnek olmak oldu\u011funu ifade eden Ross, bir Y\u00f6r\u00fck k\u0131z\u0131 olarak kendi ya\u015fam\u0131n\u0131n da bu anlay\u0131\u015f\u0131n bir \u00f6rne\u011fi oldu\u011funu s\u00f6yledi.<\/p>\n\n\n\n<p><strong>G\u00fczel: &#8220;Bu k\u00fclt\u00fcr\u00fcn ya\u015fat\u0131lmas\u0131ndan gurur duyuyoruz&#8221;<\/strong><\/p>\n\n\n\n<p>Etkinli\u011fe kat\u0131lan isimlerden Z\u00fcleyha G\u00fczel, Y\u00f6r\u00fck k\u00fclt\u00fcr\u00fcn\u00fcn ya\u015fat\u0131lmas\u0131n\u0131n \u00f6nemine de\u011finerek,&nbsp;<strong>&#8220;\u00c7ad\u0131rda do\u011fdum. Bu k\u00fclt\u00fcr\u00fcn i\u00e7inde b\u00fcy\u00fcd\u00fcm. Bu k\u00fclt\u00fcr\u00fcn ya\u015fat\u0131lmas\u0131ndan gurur duyuyoruz. Bu etkinliklerle vatanda\u015flar\u0131m\u0131za bu k\u00fclt\u00fcr\u00fc tan\u0131tmaya devam edece\u011fiz&#8221;<\/strong>&nbsp;dedi.<\/p>\n\n\n\n<p><strong>Y\u0131ld\u0131z:<\/strong>&nbsp;&#8220;<strong>Bilim insanlar\u0131n\u0131 ve akademisyenleri dinledik&#8221;<\/strong><\/p>\n\n\n\n<p>G\u00fclnar&#8217;\u0131n G\u00f6\u00e7ebe Y\u00f6r\u00fcklerden oldu\u011funu anlatan Fatma Y\u0131ld\u0131z, etkinliklerin il\u00e7eler i\u00e7in \u00f6nemli oldu\u011funu vurgulayarak, &#8220;<strong>\u00dcreticilerin el emeklerini g\u00f6rd\u00fck, \u00e7ok g\u00fczel \u00fcr\u00fcnler yapm\u0131\u015flar. Bilim insanlar\u0131n\u0131 ve akademisyenleri dinledik, onlardan g\u00fczel bilgiler ald\u0131k. Bu etkinlikler sayesinde il\u00e7emiz canlan\u0131yor. Mersin B\u00fcy\u00fck\u015fehir Belediye Ba\u015fkan\u0131m\u0131z Vahap Se\u00e7er&#8217;e emeklerinden dolay\u0131 te\u015fekk\u00fcr ederiz&#8221;<\/strong>&nbsp;s\u00f6zlerine yer verdi.<\/p>\n\n\n\n<p><strong>Y\u00f6r\u00fck:<\/strong>&nbsp;&#8220;<strong>K\u00fclt\u00fcr\u00fcm\u00fcz\u00fc ya\u015fat\u0131yoruz, tan\u0131t\u0131yoruz&#8221;<\/strong><\/p>\n\n\n\n<p>Kat\u0131l\u0131mc\u0131lardan Arkeolog \u0130lhami \u00d6zt\u00fcrk Y\u00f6r\u00fck de sergi alan\u0131nda annesinin el eme\u011fi \u00fcr\u00fcnleriyle yer ald\u0131. Y\u00f6r\u00fck, etkinlik i\u00e7erisinde g\u00f6rd\u00fc\u011f\u00fc her eserin \u00e7ok k\u0131ymetli oldu\u011funu ve gelecek nesillerin \u00f6rnek almas\u0131 a\u00e7\u0131s\u0131ndan de\u011ferli bir organizasyonda bulunduklar\u0131n\u0131n alt\u0131n\u0131 \u00e7izerek<strong>, &#8220;Annemin el eme\u011fi \u00fcr\u00fcnleriyle kat\u0131lmam\u0131n sebebi kad\u0131nlar\u0131n her ya\u015fta \u00fcretken olabilece\u011fini g\u00f6stermek. Bu t\u00fcr etkinlikler mevcuttaki eserlerin de\u011ferlendirilmesi ve gelecek ku\u015fa\u011fa da \u00f6rnek olmas\u0131 a\u00e7\u0131s\u0131ndan \u00f6nemli. \u00d6zellikle kad\u0131nlar\u0131n yapt\u0131\u011f\u0131 \u00fcretmeye y\u00f6nelik \u00e7al\u0131\u015fmalar i\u00e7in de\u011fer arz ediyor. Bu alanda \u00e7al\u0131\u015fmaya devam eden kad\u0131nlar\u0131n da motive olmas\u0131n\u0131 sa\u011fl\u0131yor. K\u00fclt\u00fcr\u00fcm\u00fcz\u00fc ya\u015fat\u0131yoruz, tan\u0131t\u0131yoruz. Bundan b\u00fcy\u00fck heyecan duyuyorum. Buradaki \u00fcretimlerin \u00f6rnek olmas\u0131n\u0131 ve gelecek ku\u015faklara bu \u015fekilde aktar\u0131lmas\u0131n\u0131 can\u0131 g\u00f6n\u00fclden diliyorum&#8221;<\/strong>&nbsp;ifadelerini kulland\u0131.<\/p>\n\n\n\n<p><strong>G\u00f6k\u00e7e:<\/strong>&nbsp;&#8220;<strong>Bizim i\u00e7in e\u011fitim niteli\u011finde bir etkinlik oldu&#8221;<\/strong><\/p>\n\n\n\n<p>Kocaeli \u00dcniversitesi Turist Rehberli\u011fi \u00f6\u011frencisi \u0130brahim G\u00f6k\u00e7e, s\u0131n\u0131f arkada\u015flar\u0131 ile birlikte etkinli\u011fe katk\u0131 sa\u011flamak ad\u0131na geldiklerini ifade ederek,&nbsp;<strong>&#8220;Bizim i\u00e7in e\u011fitim niteli\u011finde bir etkinlik oldu. Akademik hayat\u0131m\u0131za katk\u0131s\u0131 olaca\u011f\u0131 ve muhakkak bir \u015feyler \u00f6\u011frenece\u011fimiz i\u00e7in geldik. \u00d6te yandan k\u00fclt\u00fcrel de\u011ferleri tan\u0131mak i\u00e7in de geldik. B\u00f6lgenin k\u00fclt\u00fcrel de\u011ferlerini \u00f6\u011freniyoruz, el eme\u011fi \u00fcr\u00fcnleri g\u00f6r\u00fcyoruz. Mesleki deneyimim a\u00e7\u0131s\u0131ndan da iyi olacak&#8221;&nbsp;<\/strong>diye konu\u015ftu.<\/p>\n","protected":false},"excerpt":{"rendered":"<p>Mersin B\u00fcy\u00fck\u015fehir Belediyesi ve \u00e7e\u015fitli kurumlar\u0131n destekleriyle her y\u0131l geleneksel olarak d\u00fczenlenen ve bu y\u0131l 3.&#8217;s\u00fc yap\u0131lan&nbsp;&#8216;Uluslararas\u0131 Ayd\u0131nc\u0131k Bilim ve K\u00fclt\u00fcr Etkinlikleri&#8217;&nbsp;ba\u015flad\u0131. Bu y\u0131l&nbsp;&#8220;Ayd\u0131nc\u0131k ve Akdeniz K\u00fclt\u00fcrleri&#8221;&nbsp;temas\u0131yla ger\u00e7ekle\u015ftirilen etkinlikler, Ayd\u0131nc\u0131k&#8217;\u0131n bilimsel, k\u00fclt\u00fcrel ve sosyal ya\u015fam\u0131na katk\u0131 sunmay\u0131 ama\u00e7l\u0131yor. Etkinliklerin ba\u015flang\u0131c\u0131 temsili Y\u00f6r\u00fck g\u00f6\u00e7\u00fc y\u00fcr\u00fcy\u00fc\u015f\u00fc ile yap\u0131ld\u0131. B\u00f6lgenin Y\u00f6r\u00fck k\u00fclt\u00fcr\u00fcne ve geleneksel ya\u015fam\u0131na dikkat \u00e7eken y\u00fcr\u00fcy\u00fc\u015f\u00fcn [&hellip;]<\/p>\n","protected":false},"author":2,"featured_media":55146,"comment_status":"closed","ping_status":"closed","sticky":false,"template":"","format":"standard","meta":{"footnotes":""},"categories":[3],"tags":[],"class_list":["post-55145","post","type-post","status-publish","format-standard","has-post-thumbnail","hentry","category-manset"],"views":0,"_links":{"self":[{"href":"https:\/\/mersinkadingazetesi.com\/index.php?rest_route=\/wp\/v2\/posts\/55145"}],"collection":[{"href":"https:\/\/mersinkadingazetesi.com\/index.php?rest_route=\/wp\/v2\/posts"}],"about":[{"href":"https:\/\/mersinkadingazetesi.com\/index.php?rest_route=\/wp\/v2\/types\/post"}],"author":[{"embeddable":true,"href":"https:\/\/mersinkadingazetesi.com\/index.php?rest_route=\/wp\/v2\/users\/2"}],"replies":[{"embeddable":true,"href":"https:\/\/mersinkadingazetesi.com\/index.php?rest_route=%2Fwp%2Fv2%2Fcomments&post=55145"}],"version-history":[{"count":1,"href":"https:\/\/mersinkadingazetesi.com\/index.php?rest_route=\/wp\/v2\/posts\/55145\/revisions"}],"predecessor-version":[{"id":55147,"href":"https:\/\/mersinkadingazetesi.com\/index.php?rest_route=\/wp\/v2\/posts\/55145\/revisions\/55147"}],"wp:featuredmedia":[{"embeddable":true,"href":"https:\/\/mersinkadingazetesi.com\/index.php?rest_route=\/wp\/v2\/media\/55146"}],"wp:attachment":[{"href":"https:\/\/mersinkadingazetesi.com\/index.php?rest_route=%2Fwp%2Fv2%2Fmedia&parent=55145"}],"wp:term":[{"taxonomy":"category","embeddable":true,"href":"https:\/\/mersinkadingazetesi.com\/index.php?rest_route=%2Fwp%2Fv2%2Fcategories&post=55145"},{"taxonomy":"post_tag","embeddable":true,"href":"https:\/\/mersinkadingazetesi.com\/index.php?rest_route=%2Fwp%2Fv2%2Ftags&post=55145"}],"curies":[{"name":"wp","href":"https:\/\/api.w.org\/{rel}","templated":true}]}}