{"id":55148,"date":"2026-09-02T14:39:05","date_gmt":"2026-09-02T11:39:05","guid":{"rendered":"https:\/\/mersinkadingazetesi.com\/?p=55148"},"modified":"2026-09-02T14:39:05","modified_gmt":"2026-09-02T11:39:05","slug":"baskan-secer-avrupa-hareketlilik-haftasi-medya-lansmani-ve-calistayina-katildi","status":"publish","type":"post","link":"https:\/\/mersinkadingazetesi.com\/?p=55148","title":{"rendered":"BA\u015eKAN SE\u00c7ER, &#8216;AVRUPA HAREKETL\u0130L\u0130K HAFTASI MEDYA LANSMANI VE \u00c7ALI\u015eTAYI&#8217;NA KATILDI"},"content":{"rendered":"\n<p>T\u00fcrkiye Belediyeler Birli\u011fi (TBB) ve Mersin B\u00fcy\u00fck\u015fehir Belediye Ba\u015fkan\u0131 Vahap Se\u00e7er, 16\u201322 Eyl\u00fcl tarihlerinde kutlanacak olan&nbsp;<strong><em>&#8216;Avrupa Hareketlilik Haftas\u0131&#8217;<\/em><\/strong>n\u0131n medya lansman\u0131 ve \u00e7al\u0131\u015ftay\u0131na kat\u0131ld\u0131.<\/p>\n\n\n\n<p>TBB ve Avrupa Birli\u011fi (AB) T\u00fcrkiye Delegasyonu i\u015f birli\u011finde&nbsp;<strong><em>&#8216;Herkes \u0130\u00e7in Hareketlilik&#8217;&nbsp;<\/em><\/strong>ve&nbsp;<strong><em>&#8216;Nesiller Aras\u0131 Adalet&#8217;<\/em><\/strong>&nbsp;temalar\u0131yla d\u00fczenlenecek olan hafta kapsam\u0131nda 2026 y\u0131l\u0131 temas\u0131n\u0131n tan\u0131t\u0131lmas\u0131 ve kampanyan\u0131n ba\u015flat\u0131lmas\u0131 amac\u0131yla medya lansman\u0131 d\u00fczenlendi. TBB Hizmet Binas\u0131&#8217;nda d\u00fczenlenen programda, yerel y\u00f6netimler ve payda\u015f kurulu\u015flar\u0131n s\u00fcrd\u00fcr\u00fclebilir ula\u015f\u0131m tedbirleri almalar\u0131n\u0131 te\u015fvik eden haftaya dair detaylar payla\u015f\u0131l\u0131rken, iyi uygulama \u00f6rneklerine de yer verildi.<\/p>\n\n\n\n<p><strong>Ba\u015fkan Se\u00e7er: &#8220;Herkesin&nbsp;<\/strong><strong>kent ya\u015fam\u0131na e\u015fit \u015fekilde kat\u0131labilmesi en temel hedeflerimizdendir&#8221;<\/strong><\/p>\n\n\n\n<p>Lansman\u0131n a\u00e7\u0131l\u0131\u015f konu\u015fmas\u0131n\u0131 ger\u00e7ekle\u015ftiren Ba\u015fkan Se\u00e7er, her y\u0131l 16\u201322 Eyl\u00fcl tarihleri aras\u0131nda d\u00fczenlenen Avrupa Hareketlilik Haftas\u0131&#8217;n\u0131n T\u00fcrkiye&#8217;de ra\u011fbet g\u00f6rd\u00fc\u011f\u00fcn\u00fc belirterek belediyelerin de kampanyada aktif olarak yer ald\u0131\u011f\u0131n\u0131 vurgulad\u0131. TBB&#8217;nin 2018 y\u0131l\u0131ndan bu yana kampanyaya olan deste\u011finden s\u00f6z eden Se\u00e7er, bu sene de aktif kat\u0131l\u0131m\u0131n y\u00fcksek olaca\u011f\u0131na dair inan\u00e7lar\u0131n\u0131n tam oldu\u011funu ifade etti. Bu y\u0131l\u0131n temalar\u0131na de\u011finen Se\u00e7er,&nbsp;<strong>&#8220;Avrupa Hareketlilik Haftas\u0131, her y\u0131l bir tema d\u00e2hilinde kutlan\u0131yor; ana tema ge\u00e7en y\u0131l oldu\u011fu gibi&nbsp;<em>&#8216;Herkes \u0130\u00e7in Hareketlilik&#8217;.<\/em>&nbsp;Bunun yan\u0131nda bu y\u0131l&nbsp;<em>&#8216;Nesiller Aras\u0131 Adalet&#8217;<\/em>&nbsp;temas\u0131na da odaklan\u0131yoruz. Bu tema, kamusal alanlar\u0131m\u0131z\u0131 ve ula\u015f\u0131m sistemlerimizi hem bug\u00fcn\u00fcn hem de gelecek nesillerin ihtiya\u00e7lar\u0131n\u0131 g\u00f6zeterek planlamam\u0131z\u0131 hat\u0131rlat\u0131yor. \u00c7\u00fcnk\u00fc \u00e7ocuklar\u0131m\u0131z\u0131n, gen\u00e7lerimizin, ya\u015f alm\u0131\u015f vatanda\u015flar\u0131m\u0131z\u0131n ve engelli bireylerimizin kent ya\u015fam\u0131na e\u015fit \u015fekilde kat\u0131labilmesi, ula\u015f\u0131m politikalar\u0131m\u0131z\u0131n en temel hedeflerinden biri olmal\u0131d\u0131r&#8221;&nbsp;<\/strong>diye konu\u015ftu.<\/p>\n\n\n\n<p><strong>&#8220;Bug\u00fcn\u00fcn ihtiya\u00e7lar\u0131n\u0131 kar\u015f\u0131larken gelecek nesillere kar\u015f\u0131 sorumlulu\u011fumuzu da unutmamal\u0131y\u0131z&#8221;<\/strong><\/p>\n\n\n\n<p>Ula\u015f\u0131m\u0131 yaln\u0131zca bir altyap\u0131 meselesi olarak de\u011fil, insanlar\u0131n g\u00fcnl\u00fck ya\u015fam\u0131n\u0131 kolayla\u015ft\u0131ran ve sosyal hayata kat\u0131l\u0131m\u0131n\u0131 g\u00fc\u00e7lendiren temel bir kamu hizmeti olarak de\u011ferlendirdiklerini dile getiren Se\u00e7er, t\u00fcm ya\u015f gruplar\u0131 i\u00e7in eri\u015filebilir hareketlilik sunman\u0131n bir g\u00f6rev oldu\u011funun alt\u0131n\u0131 \u00e7izdi. Kentlerde fiziksel veya dijital hi\u00e7bir engel ta\u015f\u0131mayan ula\u015f\u0131m \u00e7\u00f6z\u00fcmleri sunmay\u0131 hedeflediklerini kaydeden Se\u00e7er,&nbsp;<strong>&#8220;Daha ya\u015fanabilir kentler i\u00e7in ula\u015f\u0131m\u0131, insan\u0131 merkeze alan bir anlay\u0131\u015fla planlamak zorunday\u0131z. Bug\u00fcn\u00fcn ihtiya\u00e7lar\u0131n\u0131 kar\u015f\u0131larken gelecek nesillere kar\u015f\u0131 sorumlulu\u011fumuzu da unutmamal\u0131, buna g\u00f6re hareket etmeliyiz. Bunun da yolu vatanda\u015f\u0131 dinlemek, ihtiyac\u0131n\u0131 tespit etmek ve gerekli planlamalar\u0131 en do\u011fru \u015fekilde yapmaktan ge\u00e7iyor&#8221;<\/strong>&nbsp;dedi. Belediyelerin bu alanda her ge\u00e7en g\u00fcn daha nitelikli projeleri hayata ge\u00e7irdi\u011fini hat\u0131rlatan Se\u00e7er, Avrupa Hareketlilik Haftas\u0131&#8217;n\u0131n bu alanda belediyeler i\u00e7in bir platform g\u00f6revi g\u00f6rd\u00fc\u011f\u00fcn\u00fc s\u00f6yledi. &nbsp;<\/p>\n\n\n\n<p>Avrupa Hareketlilik Haftas\u0131 \u00e7al\u0131\u015fmalar\u0131n\u0131n g\u00fc\u00e7l\u00fc bir \u015fekilde s\u00fcrd\u00fc\u011f\u00fcn\u00fc s\u00f6zlerine ekleyen Se\u00e7er, \u00e7al\u0131\u015ftayda i\u015flenen konular\u0131n ve deneyim aktar\u0131mlar\u0131n\u0131n \u00f6nemli oldu\u011funu kaydetti. T\u00fcm kat\u0131l\u0131mc\u0131lara te\u015fekk\u00fcrlerini ileten Se\u00e7er, bu sene icra edilecek \u00e7al\u0131\u015fmalarda ba\u015far\u0131lar diledi.<\/p>\n\n\n\n<p><strong>Orav: &#8220;Mersin&#8217;de yap\u0131lan \u00e7al\u0131\u015fmalar, d\u00fc\u015f\u00fcncelerin eyleme d\u00f6n\u00fc\u015fmesinin g\u00fczel bir \u00f6rne\u011fi&#8221;<\/strong><\/p>\n\n\n\n<p>AB T\u00fcrkiye Delegasyonu Ba\u015fkan\u0131 B\u00fcy\u00fckel\u00e7i Aivo Orav, kent i\u00e7inde ger\u00e7ekle\u015ftirilen t\u00fcm hareketlerin, e\u011fitime, i\u015fe ya da bir ba\u015fka yere ula\u015fman\u0131n \u00f6zg\u00fcrl\u00fck anlam\u0131na geldi\u011fini belirtti. Orav, kentte ya\u015fayan insanlar\u0131n bir yerden bir yere gidebilmesinin adil ve eri\u015filebilir olmas\u0131n\u0131n \u00f6nemine vurgu yaparak, Avrupa Hareketlilik Haftas\u0131&#8217;nda yap\u0131lan etkinliklerin, kentlerde her hareketi g\u00fcvenli ve eri\u015filebilir bir hale getirmesi temennisinde bulundu. Orav,&nbsp;<strong>&#8220;Avrupa Hareketlilik Haftas\u0131 ad\u0131na \u00f6nemli olan, sosyal medyada haftayla ilgili payla\u015f\u0131mda bulundu\u011fumuz \u015feyler de\u011fil; bu etkinlikten sonra elimizde kalanlard\u0131r&#8221;&nbsp;<\/strong>dedi. Mersin B\u00fcy\u00fck\u015fehir Belediyesi&#8217;nin uygulamalar\u0131n\u0131 i\u015faret ederek konu\u015fmas\u0131n\u0131 s\u00fcrd\u00fcren Orav,&nbsp;<strong>&#8220;\u0130klim n\u00f6tr misyonumuz ile birlikte art\u0131k d\u00fc\u015f\u00fcncelerimizi eyleme ge\u00e7iriyoruz. Mersin&#8217;de yap\u0131lan \u00e7al\u0131\u015fmalar da bunun g\u00fczel bir \u00f6rne\u011fi. TBB, yerelde edinilen bu derslerin \u00fclke geneline yay\u0131lmas\u0131na katk\u0131da bulunacak en \u00f6nemli ortaklardan biri. T\u00fcm bu etkinlikler sona erdi\u011finde beklentimiz; bir soka\u011f\u0131n daha eri\u015filebilir hale getirilmi\u015f, bir yaya ge\u00e7idinin daha olu\u015fturulmu\u015f ve t\u00fcm rotalar\u0131n eri\u015filebilir olmas\u0131d\u0131r&#8221;&nbsp;<\/strong>diye konu\u015ftu.<\/p>\n\n\n\n<p><strong>\u00d6zcan:<\/strong>&nbsp;&#8220;<strong>T\u00fcrkiye hareketlilik anlam\u0131nda toplumu \u00e7al\u0131\u015fmalara dahil eden bir \u00fclke&#8221;<\/strong><\/p>\n\n\n\n<p>AB Ba\u015fkanl\u0131\u011f\u0131 Mali \u0130\u015f Birli\u011fi ve Proje Uygulama Genel M\u00fcd\u00fcr\u00fc B\u00fclent \u00d6zcan,&nbsp;<strong><em>&#8216;Herkes \u0130\u00e7in Hareketlilik&#8217;<\/em><\/strong>&nbsp;kavram\u0131n\u0131n ya\u015f, gelir d\u00fczeyi, fiziksel ko\u015fullar ve kent i\u00e7erisindeki konum g\u00f6zetmeksizin, herkesin ula\u015f\u0131ma ve ula\u015ft\u0131rma hizmetlerine eri\u015febilmesini hedefledi\u011fini s\u00f6yleyerek,&nbsp;<strong>&#8220;T\u00fcrkiye, hareketlilik anlam\u0131nda Avrupa&#8217;da belki de en fazla etkinlik yapan ve toplumu bu t\u00fcr \u00e7al\u0131\u015fmalara d\u00e2hil eden bir \u00fclke. Bu da yerel y\u00f6netimlerimizin AB s\u00fcrecini sahiplenmesi, inanmas\u0131 ve bu s\u00fcrecin bir par\u00e7as\u0131 oldu\u011funu g\u00f6stermesi a\u00e7\u0131s\u0131ndan \u00e7ok de\u011ferli&#8221;<\/strong>&nbsp;dedi. Ula\u015ft\u0131rma sekt\u00f6r\u00fcn\u00fcn, T\u00fcrkiye ve AB ili\u015fkileri kapsam\u0131nda en \u00f6nemli sekt\u00f6rlerden biri oldu\u011funa dikkat \u00e7eken \u00d6zcan, AB&#8217;nin T\u00fcrkiye&#8217;ye sa\u011flad\u0131\u011f\u0131 desteklerle bir\u00e7ok projenin hayata ge\u00e7irildi\u011fini belirtti.<\/p>\n\n\n\n<p>A\u00e7\u0131l\u0131\u015f konu\u015fmalar\u0131n\u0131n ard\u0131ndan toplu foto\u011fraf \u00e7ekimi sonras\u0131nda ana tema sunumu ve \u015eehirlerde S\u00fcrd\u00fcr\u00fclebilir Kentsel Hareketlilik i\u00e7in AB Deste\u011fi Projesi (SKUP) Beyaz Kitap Tan\u0131t\u0131m\u0131 ger\u00e7ekle\u015ftirildi. Sunumlar\u0131n sonras\u0131nda belediyelerin iyi uygulama \u00f6rneklerinin payla\u015f\u0131ld\u0131\u011f\u0131 oturumlarda Mersin, Ankara ve \u0130zmir B\u00fcy\u00fck\u015fehir Belediyesi&#8217;nin uygulamalar\u0131 konu edildi. &nbsp;E\u015f zamanl\u0131 olarak s\u00fcrd\u00fcr\u00fclen \u00e7al\u0131\u015ftayda ise;&nbsp;<strong>&#8216;Y\u00f6neti\u015fim ve Kurumsal Kapasite&#8217;<\/strong>,&nbsp;<strong>&#8216;Kat\u0131l\u0131m ve Payda\u015f \u0130\u015f Birli\u011fi&#8217;<\/strong>,&nbsp;<strong>&#8216;Deneme\u2013Tasar\u0131m ve Uygulama&#8217;<\/strong>,&nbsp;<strong>&#8216;\u00d6l\u00e7me ve Birlikte \u00d6\u011frenme&#8217;<\/strong>&nbsp;ile&nbsp;<strong>&#8216;S\u00fcrd\u00fcr\u00fclebilirlik ve Yayg\u0131nla\u015ft\u0131rma&#8217;<\/strong>&nbsp;ba\u015fl\u0131klar\u0131nda tematik oturumlar devam etti.<\/p>\n","protected":false},"excerpt":{"rendered":"<p>T\u00fcrkiye Belediyeler Birli\u011fi (TBB) ve Mersin B\u00fcy\u00fck\u015fehir Belediye Ba\u015fkan\u0131 Vahap Se\u00e7er, 16\u201322 Eyl\u00fcl tarihlerinde kutlanacak olan&nbsp;&#8216;Avrupa Hareketlilik Haftas\u0131&#8217;n\u0131n medya lansman\u0131 ve \u00e7al\u0131\u015ftay\u0131na kat\u0131ld\u0131. TBB ve Avrupa Birli\u011fi (AB) T\u00fcrkiye Delegasyonu i\u015f birli\u011finde&nbsp;&#8216;Herkes \u0130\u00e7in Hareketlilik&#8217;&nbsp;ve&nbsp;&#8216;Nesiller Aras\u0131 Adalet&#8217;&nbsp;temalar\u0131yla d\u00fczenlenecek olan hafta kapsam\u0131nda 2026 y\u0131l\u0131 temas\u0131n\u0131n tan\u0131t\u0131lmas\u0131 ve kampanyan\u0131n ba\u015flat\u0131lmas\u0131 amac\u0131yla medya lansman\u0131 d\u00fczenlendi. TBB Hizmet Binas\u0131&#8217;nda d\u00fczenlenen [&hellip;]<\/p>\n","protected":false},"author":2,"featured_media":55149,"comment_status":"closed","ping_status":"closed","sticky":false,"template":"","format":"standard","meta":{"footnotes":""},"categories":[3],"tags":[],"class_list":["post-55148","post","type-post","status-publish","format-standard","has-post-thumbnail","hentry","category-manset"],"views":5,"_links":{"self":[{"href":"https:\/\/mersinkadingazetesi.com\/index.php?rest_route=\/wp\/v2\/posts\/55148"}],"collection":[{"href":"https:\/\/mersinkadingazetesi.com\/index.php?rest_route=\/wp\/v2\/posts"}],"about":[{"href":"https:\/\/mersinkadingazetesi.com\/index.php?rest_route=\/wp\/v2\/types\/post"}],"author":[{"embeddable":true,"href":"https:\/\/mersinkadingazetesi.com\/index.php?rest_route=\/wp\/v2\/users\/2"}],"replies":[{"embeddable":true,"href":"https:\/\/mersinkadingazetesi.com\/index.php?rest_route=%2Fwp%2Fv2%2Fcomments&post=55148"}],"version-history":[{"count":1,"href":"https:\/\/mersinkadingazetesi.com\/index.php?rest_route=\/wp\/v2\/posts\/55148\/revisions"}],"predecessor-version":[{"id":55150,"href":"https:\/\/mersinkadingazetesi.com\/index.php?rest_route=\/wp\/v2\/posts\/55148\/revisions\/55150"}],"wp:featuredmedia":[{"embeddable":true,"href":"https:\/\/mersinkadingazetesi.com\/index.php?rest_route=\/wp\/v2\/media\/55149"}],"wp:attachment":[{"href":"https:\/\/mersinkadingazetesi.com\/index.php?rest_route=%2Fwp%2Fv2%2Fmedia&parent=55148"}],"wp:term":[{"taxonomy":"category","embeddable":true,"href":"https:\/\/mersinkadingazetesi.com\/index.php?rest_route=%2Fwp%2Fv2%2Fcategories&post=55148"},{"taxonomy":"post_tag","embeddable":true,"href":"https:\/\/mersinkadingazetesi.com\/index.php?rest_route=%2Fwp%2Fv2%2Ftags&post=55148"}],"curies":[{"name":"wp","href":"https:\/\/api.w.org\/{rel}","templated":true}]}}