{"id":55157,"date":"2026-09-03T09:19:23","date_gmt":"2026-09-03T06:19:23","guid":{"rendered":"https:\/\/mersinkadingazetesi.com\/?p=55157"},"modified":"2026-09-03T09:19:23","modified_gmt":"2026-09-03T06:19:23","slug":"buyuksehirin-kampus-mersin-ve-garaj-mersin-merkezlerinde-liderlik-bulusmasi","status":"publish","type":"post","link":"https:\/\/mersinkadingazetesi.com\/?p=55157","title":{"rendered":"B\u00dcY\u00dcK\u015eEH\u0130R&#8217;\u0130N\u00a0&#8216;KAMP\u00dcS MERS\u0130N&#8217;\u00a0VE\u00a0&#8216;GARAJ MERS\u0130N&#8217;\u00a0MERKEZLER\u0130NDE L\u0130DERL\u0130K BULU\u015eMASI"},"content":{"rendered":"\n<p>Mersin B\u00fcy\u00fck\u015fehir Belediyesi Kariyer Merkezi koordinesinde faaliyet g\u00f6steren&nbsp;<strong><em>&#8216;Kamp\u00fcs Mersin&#8217;<\/em><\/strong>&nbsp;ve&nbsp;<strong><em>&#8216;Garaj Mersin&#8217;<\/em><\/strong>, i\u015f d\u00fcnyas\u0131n\u0131n farkl\u0131 payda\u015flar\u0131n\u0131 bir araya getiren e\u011fitim ve at\u00f6lye \u00e7al\u0131\u015fmalar\u0131na ev sahipli\u011fi yapmay\u0131 s\u00fcrd\u00fcr\u00fcyor. Bu kapsamda d\u00fczenlenen&nbsp;<strong><em>&#8216;Dijital Liderler Geliyor&#8217;<\/em><\/strong>&nbsp;projesinin \u00fc\u00e7\u00fcnc\u00fc aya\u011f\u0131&nbsp;<strong><em>&#8216;Sen Lider misin?&#8217;&nbsp;<\/em><\/strong>ba\u015fl\u0131kl\u0131 at\u00f6lyede; liderlik kavram\u0131, dijitalle\u015fen d\u00fcnyada liderli\u011fin de\u011fi\u015fen rol\u00fc ve g\u00fcn\u00fcm\u00fcz i\u015f ya\u015fam\u0131nda ihtiya\u00e7 duyulan liderlik yakla\u015f\u0131mlar\u0131 ele al\u0131nd\u0131. Toros \u00dcniversitesi \u00d6\u011fretim \u00dcyesi Dr. \u0130brahim \u0130nan&#8217;\u0131n ger\u00e7ekle\u015ftirdi\u011fi at\u00f6lyede kat\u0131l\u0131mc\u0131lar, liderlik ve y\u00f6neticilik aras\u0131ndaki farklardan hizmetk\u00e2r liderli\u011fe ve d\u00f6n\u00fc\u015f\u00fcm kavram\u0131na kadar pek \u00e7ok ba\u015fl\u0131k \u00fczerine d\u00fc\u015f\u00fcnme f\u0131rsat\u0131 buldu.<\/p>\n\n\n\n<p>\u00dcniversite-i\u015f d\u00fcnyas\u0131-kent ba\u011flar\u0131n\u0131 g\u00fc\u00e7lendiren&nbsp;<strong><em>&#8216;Kamp\u00fcs Mersin<\/em><\/strong>&#8216; ve&nbsp;<strong><em>&#8216;Garaj Mersin&#8217;<\/em><\/strong>, yenilik\u00e7i fikirleri ve giri\u015fimcili\u011fi destekleyerek gen\u00e7ler, i\u015f d\u00fcnyas\u0131 ve sivil toplum i\u00e7in dinamik bir bulu\u015fma noktas\u0131 olmaya devam ediyor.<\/p>\n\n\n\n<p><strong>\u00d6zada: &#8220;Amac\u0131m\u0131z, kentin t\u00fcm dinamiklerini bir araya getirerek ortak akl\u0131 harekete ge\u00e7irmek&#8221;<\/strong><\/p>\n\n\n\n<p>Mersin B\u00fcy\u00fck\u015fehir Belediyesi Kariyer Merkezi M\u00fcd\u00fcr\u00fc&nbsp;Serkan \u00d6zada,&nbsp;<strong><em>&#8216;Kamp\u00fcs Mersin<\/em><\/strong>&#8216; ve&nbsp;<strong><em>&#8216;Garaj Mersin&#8217;&nbsp;<\/em><\/strong>merkezlerin temel amac\u0131n\u0131n kentin t\u00fcm dinamiklerini bir araya getirerek ortak akl\u0131 harekete ge\u00e7irmek oldu\u011funu s\u00f6yledi. \u00d6zada, \u00f6\u011frenci kul\u00fcpleri, sivil toplum kurulu\u015flar\u0131, i\u015f d\u00fcnyas\u0131 temsilcileri ve \u00f6\u011frencilerin merkezlerde bir araya geldi\u011fini belirterek,&nbsp;<strong>&#8220;Merkezlerimiz sadece \u00e7al\u0131\u015fma ortam\u0131 de\u011fil, ayn\u0131 zamanda ki\u015fisel ve kurumsal geli\u015fimlerine katk\u0131 sunacak e\u011fitimler de sunmaktad\u0131r&#8221;<\/strong>&nbsp;dedi.&nbsp;<\/p>\n\n\n\n<p><strong><em>&#8220;<\/em>Merkezimiz, T\u00fcrkiye&#8217;de bir \u00f6rnek te\u015fkil ediyor&#8221;<\/strong><\/p>\n\n\n\n<p><strong><em>&#8216;Dijital Liderler Geliyor&#8217;<\/em><\/strong>&nbsp;projesi kapsam\u0131nda d\u00fczenlenen at\u00f6lyenin \u00fc\u00e7\u00fcnc\u00fc e\u011fitimi oldu\u011funu aktaran \u00d6zada,&nbsp;<strong>&#8220;\u0130lk e\u011fitimimizde sat\u0131\u015f odakl\u0131 bir e\u011fitim plan\u0131 yapt\u0131k.&nbsp;Daha sonra&nbsp;<em>&#8216;Linkedin&#8217;&nbsp;<\/em>program\u0131 ile ilgili bir \u00e7al\u0131\u015fmam\u0131z oldu. Projenin \u00fc\u00e7\u00fcnc\u00fc aya\u011f\u0131nda ise liderlik konusuna de\u011findik.&nbsp;Amac\u0131m\u0131z, i\u015f d\u00fcnyas\u0131n\u0131n b\u00fct\u00fcn birle\u015fenlerine y\u00f6nelik \u00e7al\u0131\u015fmalar\u0131 hayata ge\u00e7irmek.&nbsp;Merkezimiz, T\u00fcrkiye&#8217;de bir \u00f6rnek te\u015fkil etmekte. Kentin dinamiklerini bir araya getirip bir sinerji yaratmaya \u00e7al\u0131\u015f\u0131yoruz&#8221;<\/strong>&nbsp;ifadelerini kulland\u0131. \u00d6zada,&nbsp;<strong><em>&#8216;Kamp\u00fcs Mersin&#8217;<\/em><\/strong>&nbsp;ve&nbsp;<strong><em>&#8216;Garaj Mersin&#8217;<\/em><\/strong>&nbsp;merkezlerinde&nbsp;<strong><em>&#8216;Dijital Liderler Geliyor&#8217;<\/em><\/strong>&nbsp;projesi kapsam\u0131nda d\u00fczenlenen e\u011fitimlerin devam edece\u011finin de alt\u0131n\u0131 \u00e7izerek, &nbsp;<strong>&#8220;2027 d\u00f6nemine kadar bu e\u011fitimlerimizin yan\u0131 s\u0131ra &nbsp; at\u00f6lye \u00e7al\u0131\u015fmalar\u0131m\u0131z\u0131 ve festivallerimizi de ger\u00e7ekle\u015ftirece\u011fiz&#8221;<\/strong>&nbsp;dedi. &nbsp;<\/p>\n\n\n\n<p><strong>Dr. \u0130nan: &#8220;Bir liderin mutlaka insana dokunmas\u0131 gerekir&#8221;<\/strong><\/p>\n\n\n\n<p>Akademisyen ve liderlik ment\u00f6r\u00fc Dr. \u0130brahim \u0130nan,&nbsp;<strong><em>&#8216;Sen Lider misin?&#8217;<\/em><\/strong>&nbsp;ba\u015fl\u0131kl\u0131 at\u00f6lyenin \u00fc\u00e7l\u00fc bir sistem \u00fczerine kuruldu\u011funu belirterek,&nbsp;<strong>&#8220;Bu at\u00f6lyede&nbsp;<em>&#8216;Dijital lider kimdir?&#8217;<\/em>,&nbsp;<em>&#8216;\u0130\u015fi hallediyor mu?&#8217;<\/em>&nbsp;diye sorguluyoruz. Bir liderin mutlaka insana dokunmas\u0131 gerekti\u011fini, o zaman&nbsp;<em>&#8216;hizmetk\u00e2r liderlik&#8217;<\/em>&nbsp;ile b\u00fct\u00fcnle\u015fmesi ve sonu\u00e7ta da d\u00f6n\u00fc\u015f\u00fcmle b\u00fct\u00fcn bunlar\u0131 anlaml\u0131 hale getirmesi gerekti\u011fini \u00f6nerdim. Bu benim kurgulad\u0131\u011f\u0131m bir sistem de\u011fil. D\u00fcnya \u015fu g\u00fcnlerde bunun pe\u015finde.&nbsp;Bu bilgiyi acar oldu\u011fu i\u00e7in, ilgi \u00e7ekici buldu\u011fum i\u00e7in de burada payla\u015ft\u0131m&#8221;<\/strong>&nbsp;dedi.&nbsp;<\/p>\n\n\n\n<p>Kat\u0131l\u0131mc\u0131lar\u0131n ilgisinden memnun kald\u0131\u011f\u0131n\u0131 belirten Dr. \u0130nan,&nbsp;<strong>&#8220;\u00c7ok g\u00fczel, homojen bir grup. \u00c7o\u011funlu\u011fu y\u00f6netici, merakl\u0131 ve konuyla ilgili buldum. Bir de \u00e7ok d\u00fczg\u00fcn dinlediklerini ve soru sorduklar\u0131n\u0131 s\u00f6yleyebilirim. Zira sorgulamad\u0131\u011f\u0131n\u0131z hayat geli\u015fmiyor&#8221;<\/strong>&nbsp;ifadelerini kulland\u0131.&nbsp;<\/p>\n\n\n\n<p><strong>&#8220;Her \u015feyiyle d\u00f6rt d\u00f6rtl\u00fck bir merkez&#8221;<\/strong><\/p>\n\n\n\n<p>Dr. \u0130nan,&nbsp;<strong><em>&#8216;Kamp\u00fcs Mersin&#8217;<\/em><\/strong>&nbsp;ve&nbsp;<strong><em>&#8216;Garaj Mersin&#8217;<\/em><\/strong>in fiziksel yap\u0131s\u0131ndan da \u00f6vg\u00fcyle s\u00f6z ederek,&nbsp;<strong>&#8220;Bir s\u00fcre yurt d\u0131\u015f\u0131nda \u00e7al\u0131\u015ft\u0131m, ilk kap\u0131dan girdi\u011fimde buran\u0131n Mersin ve T\u00fcrkiye oldu\u011funu zannetmedim.&nbsp;\u00c7ok d\u00fczg\u00fcn, g\u00f6z al\u0131c\u0131 bir ortam. Her \u015feyiyle d\u00f6rt d\u00f6rtl\u00fck.&nbsp;Buran\u0131n i\u00e7erisini doldurmak gerekir.&nbsp;\u0130\u00e7erisini de bilgiyle, g\u00f6rg\u00fcyle, tecr\u00fcbeyle doldurmak gerekir. Buray\u0131 \u00e7ok daha fazla \u00f6n plana \u00e7\u0131kartmam\u0131z laz\u0131m&#8221;&nbsp;<\/strong>dedi.<\/p>\n\n\n\n<p><strong>Mersin&#8217;de i\u015f d\u00fcnyas\u0131n\u0131n temsilcileri dijital liderli\u011fi konu\u015ftu<\/strong><\/p>\n\n\n\n<p>At\u00f6lyeye kat\u0131lan i\u015f d\u00fcnyas\u0131 temsilcileri ve sivil toplum kurulu\u015fu \u00fcyeleri de&nbsp;<strong><em>&#8216;Sen Lider misin?&#8217;<\/em><\/strong>&nbsp;\u00e7al\u0131\u015fmas\u0131n\u0131n kendileri a\u00e7\u0131s\u0131ndan \u00f6nemli bir deneyim oldu\u011funu ifade etti.<\/p>\n\n\n\n<p>Anadolu Y\u00f6netim Dan\u0131\u015fmanlar\u0131 ve Akademisyenler Derne\u011fi Y\u00f6netim Kurulu Ba\u015fkan\u0131&nbsp;Ferudun G\u00fcnd\u00fcz, liderli\u011fin \u00e7o\u011fu zaman y\u00f6neticilikle kar\u0131\u015ft\u0131r\u0131ld\u0131\u011f\u0131n\u0131 belirterek,&nbsp;<strong>&#8220;Burada \u00e7ok net bir \u015fekilde liderli\u011fin ne oldu\u011funu anlam\u0131\u015f olduk. Tabii ki \u00e7ok farkl\u0131 liderlik t\u00fcrlerinden bahsedildi. \u00d6zellikle dijitalle\u015fmenin \u00f6nemine vurgu yap\u0131ld\u0131. Dolay\u0131s\u0131yla g\u00fcn\u00fcm\u00fczde T\u00fcrkiye&#8217;de ihtiya\u00e7 duyulan liderlik konusunda \u00e7ok net bilgi sahibi olduk. \u00c7ok yararl\u0131 oldu&#8221;<\/strong>&nbsp;dedi.&nbsp;<strong><em>&#8216;Kamp\u00fcs Mersin&#8217;<\/em><\/strong>&nbsp;ve&nbsp;<strong><em>&#8216;Garaj Mersin&#8217;<\/em><\/strong>in sivil toplum kurulu\u015flar\u0131 a\u00e7\u0131s\u0131ndan \u00f6nemine de\u011finen G\u00fcnd\u00fcz,&nbsp;<strong>&#8220;Sivil toplum kurulu\u015flar\u0131n\u0131n mek\u00e2nsal, finansal ve insan kaynaklar\u0131 gibi problemleri var.&nbsp;<em>&#8216;Kamp\u00fcs Mersin&#8217;&nbsp;<\/em>ve<em>&nbsp;&#8216;Garaj Mersin&#8217;<\/em>&nbsp;bunlar\u0131n bir\u00e7o\u011funa \u00e7\u00f6z\u00fcm \u00fcretti&#8221;<\/strong>&nbsp;ifadelerini kulland\u0131.<\/p>\n\n\n\n<p>E-ticaret ve dijital pazarlama uzman\u0131&nbsp;Hasan G\u00fcnd\u00fcz&nbsp;de etkinli\u011fe hem kendi liderlik becerilerini geli\u015ftirmek hem de \u00f6\u011frendiklerini insanlara aktarabilmek amac\u0131yla kat\u0131ld\u0131\u011f\u0131n\u0131 s\u00f6yledi. G\u00fcnd\u00fcz,&nbsp;<strong>&#8220;\u00d6zellikle dijitalle\u015fen d\u00fcnyada hem gen\u00e7ler i\u00e7in hem i\u015f insanlar\u0131 i\u00e7in ger\u00e7ekten&nbsp;<em>&#8216;network&#8217;&nbsp;<\/em>anlam\u0131nda \u00e7ok faydal\u0131 bir alan oldu\u011funu d\u00fc\u015f\u00fcn\u00fcyorum&#8221;<\/strong>&nbsp;dedi.&nbsp;<\/p>\n\n\n\n<p>Daha \u00f6nce&nbsp;<strong><em>&#8216;Dijital Liderler Geliyor&#8217;<\/em><\/strong>&nbsp;projesinin iki program\u0131na da kat\u0131lan&nbsp;Gazeteci Ahmet Ak\u0131n, \u00e7al\u0131\u015fmalar\u0131 \u00e7ok de\u011ferli buldu\u011funu belirterek,&nbsp;<strong>&#8220;Mersin b\u00f6yle etkinliklere, b\u00f6yle olu\u015fumlara hasret kalm\u0131\u015f bir \u015fehir. Ben Mersinliyim. Mersin eski g\u00fczel g\u00fcnlerine d\u00f6nmek istiyorsa i\u015fte buradan ba\u015flayacak. Teknoloji ve e\u011fitimden ba\u015flayacak. Yeni programlar\u0131 da merakla bekliyoruz&#8221;<\/strong>&nbsp;diye belirtti.<\/p>\n\n\n\n<p>BN Hotel \u0130nsan Kaynaklar\u0131 M\u00fcd\u00fcr\u00fc&nbsp;Meltem \u00d6zdemir&nbsp;ise at\u00f6lyenin isminin bile kat\u0131l\u0131mc\u0131y\u0131 d\u00fc\u015f\u00fcnmeye sevk etti\u011fini ifade ederek,&nbsp;<strong>&#8220;Ger\u00e7ekten insan kendine ilk \u00f6nce bu soruyu soruyor ve cevab\u0131n\u0131 kendine g\u00f6re vermi\u015f olsa bile belki de bu at\u00f6lyeyle ger\u00e7ek cevab\u0131 bulmak istiyor. Ben de bug\u00fcn bu e\u011fitime kat\u0131larak asl\u0131nda do\u011fru cevab\u0131 bulmu\u015f oldum&#8221;<\/strong>&nbsp;dedi. \u00d6zdemir,&nbsp;<strong><em>&#8216;Kamp\u00fcs Mersin&#8217;<\/em><\/strong>&nbsp;ve&nbsp;<strong><em>&#8216;Garaj Mersin&#8217;<\/em><\/strong>de ger\u00e7ekle\u015ftirilen e\u011fitimleri yak\u0131ndan takip etti\u011fini de s\u00f6zlerine ekledi.<\/p>\n\n\n\n<p>Gen\u00e7 Liderler ve Giri\u015fimciler Derne\u011fi (JCI) Mersin D\u00f6nem Ba\u015fkan\u0131&nbsp;Ruken Yava\u015f&nbsp;da&nbsp;<strong><em>&#8216;Kamp\u00fcs Mersin&#8217;<\/em><\/strong>&nbsp;ve&nbsp;<strong><em>&#8216;Garaj Mersin&#8217;<\/em><\/strong>in sivil toplum kurulu\u015flar\u0131na \u00f6nemli bir alan sundu\u011funu s\u00f6yleyerek,&nbsp;<strong>&#8220;Sivil toplum kurulu\u015fu olarak en b\u00fcy\u00fck eksikli\u011fi toplant\u0131 salonlar\u0131nda buluyoruz. Bu anlamda&nbsp;<em>&#8216;Kamp\u00fcs Mersin&#8217;<\/em>&nbsp;ve&nbsp;<em>&#8216;Garaj Mersin&#8217;<\/em>de ba\u015flatm\u0131\u015f oldu\u011fumuz&nbsp;<em>&#8216;G\u00fc\u00e7l\u00fc Kad\u0131n G\u00fc\u00e7l\u00fc Yar\u0131n&#8217;<\/em>&nbsp;projemizin lansman\u0131n\u0131 da yine burada ger\u00e7ekle\u015ftirdik. E\u011fitim basamaklar\u0131n\u0131 kulland\u0131k. Bu anlamda bizi \u00e7ok destekleyen bir olu\u015fum. Burada hem \u00f6\u011frencilerin hem i\u015fverenlerin hem de giri\u015fimcilerin bir arada olmas\u0131 bizim \u00fcye portf\u00f6y\u00fcm\u00fcz a\u00e7\u0131s\u0131ndan da bizi \u00e7ok destekleyen bir noktada&#8221;&nbsp;<\/strong>ifadelerini kulland\u0131.&nbsp;<\/p>\n","protected":false},"excerpt":{"rendered":"<p>Mersin B\u00fcy\u00fck\u015fehir Belediyesi Kariyer Merkezi koordinesinde faaliyet g\u00f6steren&nbsp;&#8216;Kamp\u00fcs Mersin&#8217;&nbsp;ve&nbsp;&#8216;Garaj Mersin&#8217;, i\u015f d\u00fcnyas\u0131n\u0131n farkl\u0131 payda\u015flar\u0131n\u0131 bir araya getiren e\u011fitim ve at\u00f6lye \u00e7al\u0131\u015fmalar\u0131na ev sahipli\u011fi yapmay\u0131 s\u00fcrd\u00fcr\u00fcyor. Bu kapsamda d\u00fczenlenen&nbsp;&#8216;Dijital Liderler Geliyor&#8217;&nbsp;projesinin \u00fc\u00e7\u00fcnc\u00fc aya\u011f\u0131&nbsp;&#8216;Sen Lider misin?&#8217;&nbsp;ba\u015fl\u0131kl\u0131 at\u00f6lyede; liderlik kavram\u0131, dijitalle\u015fen d\u00fcnyada liderli\u011fin de\u011fi\u015fen rol\u00fc ve g\u00fcn\u00fcm\u00fcz i\u015f ya\u015fam\u0131nda ihtiya\u00e7 duyulan liderlik yakla\u015f\u0131mlar\u0131 ele al\u0131nd\u0131. Toros \u00dcniversitesi \u00d6\u011fretim [&hellip;]<\/p>\n","protected":false},"author":2,"featured_media":55158,"comment_status":"closed","ping_status":"closed","sticky":false,"template":"","format":"standard","meta":{"footnotes":""},"categories":[3],"tags":[],"class_list":["post-55157","post","type-post","status-publish","format-standard","has-post-thumbnail","hentry","category-manset"],"views":1,"_links":{"self":[{"href":"https:\/\/mersinkadingazetesi.com\/index.php?rest_route=\/wp\/v2\/posts\/55157"}],"collection":[{"href":"https:\/\/mersinkadingazetesi.com\/index.php?rest_route=\/wp\/v2\/posts"}],"about":[{"href":"https:\/\/mersinkadingazetesi.com\/index.php?rest_route=\/wp\/v2\/types\/post"}],"author":[{"embeddable":true,"href":"https:\/\/mersinkadingazetesi.com\/index.php?rest_route=\/wp\/v2\/users\/2"}],"replies":[{"embeddable":true,"href":"https:\/\/mersinkadingazetesi.com\/index.php?rest_route=%2Fwp%2Fv2%2Fcomments&post=55157"}],"version-history":[{"count":1,"href":"https:\/\/mersinkadingazetesi.com\/index.php?rest_route=\/wp\/v2\/posts\/55157\/revisions"}],"predecessor-version":[{"id":55159,"href":"https:\/\/mersinkadingazetesi.com\/index.php?rest_route=\/wp\/v2\/posts\/55157\/revisions\/55159"}],"wp:featuredmedia":[{"embeddable":true,"href":"https:\/\/mersinkadingazetesi.com\/index.php?rest_route=\/wp\/v2\/media\/55158"}],"wp:attachment":[{"href":"https:\/\/mersinkadingazetesi.com\/index.php?rest_route=%2Fwp%2Fv2%2Fmedia&parent=55157"}],"wp:term":[{"taxonomy":"category","embeddable":true,"href":"https:\/\/mersinkadingazetesi.com\/index.php?rest_route=%2Fwp%2Fv2%2Fcategories&post=55157"},{"taxonomy":"post_tag","embeddable":true,"href":"https:\/\/mersinkadingazetesi.com\/index.php?rest_route=%2Fwp%2Fv2%2Ftags&post=55157"}],"curies":[{"name":"wp","href":"https:\/\/api.w.org\/{rel}","templated":true}]}}